{"id":9514,"date":"2026-05-01T21:02:55","date_gmt":"2026-05-02T00:02:55","guid":{"rendered":"https:\/\/grandepremio.com\/br\/noticias\/alexander-albon-tem-volta-deletada-horas-apos-fim-classificacao-cai-grid-sprint-miami\/"},"modified":"2026-05-01T21:08:22","modified_gmt":"2026-05-02T00:08:22","slug":"alexander-albon-tem-volta-deletada-horas-apos-fim-classificacao-cai-grid-sprint-miami","status":"publish","type":"post","link":"https:\/\/grandepremio.com\/br\/f1\/alexander-albon-tem-volta-deletada-horas-apos-fim-classificacao-cai-grid-sprint-miami\/","title":{"rendered":"Albon tem volta deletada horas ap\u00f3s fim de classifica\u00e7\u00e3o e cai no grid da sprint de Miami"},"content":{"rendered":"\n<p class=\"wp-block-paragraph\">Horas ap\u00f3s o fim da classifica\u00e7\u00e3o sprint do <strong>GP de Miami<\/strong>, <a href=\"https:\/\/www.grandepremio.com\/br\/f1\/noticias\/lando-norris-voa-poe-mclaren-pole-corrida-sprint-gp-miami-gabriel-bortoleto-11o\/\">realizada nesta sexta-feira (1\u00ba)<\/a>, os comiss\u00e1rios da <strong>Federa\u00e7\u00e3o Internacional de Automobilismo<\/strong> (<strong>FIA<\/strong>) anunciaram que <strong>Alexander Albon<\/strong> teve a melhor volta do SQ1 deletada por infra\u00e7\u00e3o dos limites de pista. Como resultado, o titular da <strong>Williams<\/strong>, que havia conquistado o 14\u00ba lugar no grid da prova curta, despencou para a 19\u00aa posi\u00e7\u00e3o.<\/p>\n\n\n\n<p class=\"wp-block-paragraph\">O tailand\u00eas anotou 1min30s988 como volta mais r\u00e1pida na primeira fase da atividade, o que o ajudou a superar <strong>Liam Lawson<\/strong> nos momentos finais. No entanto, foi constatado que o <strong>#23<\/strong> foi al\u00e9m da linha branca na Curva 6 e, por isso, o giro acabou sendo descartado, assim como todas as voltas completadas no SQ2, quando terminou \u00e0 frente de <strong>Carlos Sainz<\/strong> e <strong>Arvid Lindblad<\/strong> ao cravar 1min30s216 no cron\u00f4metro.<\/p>\n\n\n\n<figure class=\"wp-block-embed is-type-video is-provider-youtube wp-block-embed-youtube wp-embed-aspect-16-9 wp-has-aspect-ratio\"><div class=\"wp-block-embed__wrapper\">\n<iframe loading=\"lazy\" title=\"\ud83d\udd34AO VIVO! F1 2026 EM MIAMI: NORRIS POLE, ANTONELLI 2\u00ba NO GRID DA CORRIDA SPRINT [narra\u00e7\u00e3o +Briefing]\" width=\"500\" height=\"281\" src=\"https:\/\/www.youtube.com\/embed\/FTAGmKDOJmw?feature=oembed\" frameborder=\"0\" allow=\"accelerometer; autoplay; clipboard-write; encrypted-media; gyroscope; picture-in-picture; web-share\" referrerpolicy=\"strict-origin-when-cross-origin\" allowfullscreen><\/iframe>\n<\/div><\/figure>\n\n\n\n<h3 class=\"wp-block-heading has-vivid-red-color has-text-color has-link-color wp-elements-1\" id=\"h-gp-experience-o-novo-produto-do-grande-premio-conecta-voce-aos-maiores-eventos-de-esporte-a-motor-do-mundo-va-para-indianapolis-com-a-gente-saiba-aqui-todos-os-detalhes\"><strong>+ GP EXPERIENCE: o novo produto do GRANDE PR\u00caMIO conecta voc\u00ea aos maiores eventos de esporte a motor do mundo. V\u00e1 para Indian\u00e1polis com a gente:\u00a0<a href=\"https:\/\/gpexperience.tur.br\/\">saiba aqui todos os detalhes<\/a>.<\/strong><\/h3>\n\n\n\n<p class=\"wp-block-paragraph\">&#8220;O tempo de volta de 1min30s988 do carro 23 registrado no SQ1 \u00e9, por meio desta, exclu\u00eddo. Todos os tempos de volta do carro 23 no SQ2 tamb\u00e9m s\u00e3o exclu\u00eddos. O carro 23 ser\u00e1, portanto, classificado na 19\u00aa posi\u00e7\u00e3o na classifica\u00e7\u00e3o sprint&#8221;, declararam os comiss\u00e1rios.<\/p>\n\n\n\n<p class=\"wp-block-paragraph\">&#8220;Durante o SQ1, o carro 23 excedeu claramente os limites de pista na Curva 6. No entanto, isso n\u00e3o foi reportado aos comiss\u00e1rios at\u00e9 o in\u00edcio do SQ2. O tempo registrado pelo carro 23 na volta em que excedeu os limites de pista foi suficiente para coloc\u00e1-lo no SQ2. Assim, no momento em que os comiss\u00e1rios foram informados de que o carro havia deixado a pista e que sua volta poderia ser exclu\u00edda, ele j\u00e1 estava na pista no SQ2&#8221;, explicaram.<\/p>\n\n\n\n<p class=\"wp-block-paragraph\">&#8220;Como se tratava de uma situa\u00e7\u00e3o incomum, os comiss\u00e1rios decidiram resolver a quest\u00e3o exercendo sua autoridade nos termos do Artigo 11.7.1.a do C\u00f3digo Esportivo Internacional, excluindo o tempo da volta em quest\u00e3o no SQ1. Como o carro 23 n\u00e3o deveria ter avan\u00e7ado ao SQ2, todos os tempos de volta do SQ2 tamb\u00e9m foram consequentemente exclu\u00eddos&#8221;, encerraram.<\/p>\n\n\n\n<figure class=\"wp-block-image size-full\"><img decoding=\"async\" src=\"https:\/\/www.grandepremio.com\/br\/wp-content\/uploads\/2026\/03\/corrida-f1-2026-williams-alexander-albon-01-2-e1774761861634.jpeg\" alt=\"\" class=\"wp-image-1073200\"\/><figcaption class=\"wp-element-caption\">Alexander Albon vai largar na 19\u00aa posi\u00e7\u00e3o na sprint de Miami (Foto: Williams)<\/figcaption><\/figure>\n\n\n\n<p class=\"wp-block-paragraph\">Como resultado, Sainz, Lindblad, Lawson, <strong>Esteban Ocon<\/strong> e <strong>Sergio P\u00e9rez<\/strong> avan\u00e7am uma posi\u00e7\u00e3o no grid.<\/p>\n\n\n\n<p class=\"wp-block-paragraph\">O&nbsp;<strong>GRANDE PR\u00caMIO<\/strong>&nbsp;acompanha todas as atividades do&nbsp;<strong>GP de Miami<\/strong>&nbsp;<a href=\"https:\/\/www.grandepremio.com\/br\/ao-vivo\/f1\/\"><strong>AO VIVO E EM&nbsp;<\/strong><\/a><strong><a href=\"https:\/\/www.grandepremio.com\/br\/ao-vivo\/\" target=\"_blank\" rel=\"noreferrer noopener\">TEMPO REAL<\/a><\/strong>,&nbsp;<a href=\"https:\/\/www.youtube.com\/@GrandePremio1\/streams\">al\u00e9m de classifica\u00e7\u00f5es e corridas em&nbsp;<strong>SEGUNDA TELA&nbsp;<\/strong>no YouTube<\/a>, em parceria com a&nbsp;<strong>Voz do Esporte<\/strong>. O&nbsp;<strong>Briefing&nbsp;<\/strong>chega para analisar ap\u00f3s o fim de cada dia de atividades nas redes sociais e na&nbsp;<strong>GPTV<\/strong>.<\/p>\n\n\n\n<p class=\"wp-block-paragraph\">Al\u00e9m disso, o&nbsp;<strong>GRANDE PR\u00caMIO<\/strong>&nbsp;est\u00e1 in loco em Miami com os rep\u00f3rteres&nbsp;<strong>Bernardo Castro<\/strong>&nbsp;e&nbsp;<strong>Leonid Kliuev<\/strong>.<\/p>\n\n\n\n<h2 class=\"wp-block-heading\" id=\"h-gp-de-miami-de-f1-veja-os-horarios-em-brasil-cabo-verde-portugal-angola-e-mocambique\">GP de Miami de F1: veja os hor\u00e1rios em Brasil, Cabo Verde, Portugal, Angola e Mo\u00e7ambique:<\/h2>\n\n\n\n<figure class=\"wp-block-table\"><table class=\"has-fixed-layout\"><tbody><tr><td class=\"has-text-align-left\" data-align=\"left\"><strong>Sess\u00e3o<\/strong><\/td><td class=\"has-text-align-left\" data-align=\"left\"><strong>BRA*<\/strong><\/td><td class=\"has-text-align-left\" data-align=\"left\"><strong>CBV<\/strong><\/td><td class=\"has-text-align-left\" data-align=\"left\"><strong>POR<\/strong><br><strong>ANG<\/strong><\/td><td class=\"has-text-align-left\" data-align=\"left\"><strong>MOZ<\/strong><\/td><\/tr><tr><td class=\"has-text-align-left\" data-align=\"left\">Corrida Sprint<\/td><td class=\"has-text-align-left\" data-align=\"left\">13:00<\/td><td class=\"has-text-align-left\" data-align=\"left\">15:00<\/td><td class=\"has-text-align-left\" data-align=\"left\">17:00<\/td><td class=\"has-text-align-left\" data-align=\"left\">18:00<\/td><\/tr><tr><td class=\"has-text-align-left\" data-align=\"left\">Classifica\u00e7\u00e3o<\/td><td class=\"has-text-align-left\" data-align=\"left\">17:00<\/td><td class=\"has-text-align-left\" data-align=\"left\">19:00<\/td><td class=\"has-text-align-left\" data-align=\"left\">21:00<\/td><td class=\"has-text-align-left\" data-align=\"left\">22:00<\/td><\/tr><tr><td class=\"has-text-align-left\" data-align=\"left\">Corrida<\/td><td class=\"has-text-align-left\" data-align=\"left\">17:00<\/td><td class=\"has-text-align-left\" data-align=\"left\">19:00<\/td><td class=\"has-text-align-left\" data-align=\"left\">21:00<\/td><td class=\"has-text-align-left\" data-align=\"left\">22:00<\/td><\/tr><\/tbody><\/table><\/figure>\n\n\n\n<p class=\"wp-block-paragraph\">\u25b6\ufe0f\u00a0<strong>Inscreva-se nos dois canais do GRANDE PR\u00caMIO no YouTube:\u00a0<a href=\"https:\/\/www.youtube.com\/channel\/UC9OlHEgxoaY6QY6nWPoiqQg?sub_confirmation=1\">GP<\/a>\u00a0|\u00a0<a href=\"https:\/\/www.youtube.com\/channel\/UC9csiS6q_C3C0FYhyr1rnFA?sub_confirmation=1\">GPTV<\/a><\/strong><\/p>\n\n\n\n<h2 class=\"wp-block-heading\" id=\"h-f1-hoje-saiba-aqui-as-noticias-mais-importantes-do-dia-da-formula-1\">F1 hoje: saiba aqui as not\u00edcias mais importantes do dia da F\u00f3rmula 1<\/h2>\n\n\n\n<p class=\"wp-block-paragraph\">A reda\u00e7\u00e3o do&nbsp;<strong>GRANDE PR\u00caMIO<\/strong>&nbsp;selecionou as not\u00edcias mais importantes das \u00faltimas horas para voc\u00ea ficar por dentro de tudo que acontece na F1.<\/p>\n\n\n\n<p class=\"wp-block-paragraph\">\u25b6\ufe0f\u00a0<strong><a href=\"https:\/\/www.grandepremio.com\/br\/f1\/noticias\/por-que-protocolo-raios-coloca-realizacao-gp-miami-f1-risco\/\"><\/a><a href=\"https:\/\/www.grandepremio.com\/br\/f1\/noticias\/lando-norris-voa-poe-mclaren-pole-corrida-sprint-gp-miami-bortoleto-11o\/\">Norris voa e p\u00f5e McLaren na pole da corrida sprint do GP de Miami. Bortoleto \u00e9 11\u00ba<\/a><\/strong><br>\u25b6\ufe0f\u00a0<strong><a href=\"https:\/\/www.grandepremio.com\/br\/f1\/noticias\/charles-leclerc-danca-macarena-ferrari-lidera-treino-livre-gp-miami-gabriel-bortoleto-14o\/\">Leclerc dan\u00e7a Macarena com Ferrari e lidera treino livre do GP de Miami. Bortoleto \u00e9 14\u00ba<\/a><\/strong><br>\u25b6\ufe0f\u00a0<strong><a href=\"https:\/\/www.grandepremio.com\/br\/f1\/noticias\/ceo-f1-revela-conversa-faz-apelo-por-fico-max-verstappen-espero-que-continue\/\"><\/a><a href=\"https:\/\/www.grandepremio.com\/br\/f1\/noticias\/mclaren-red-bull-ferrari-comecam-zero-atualizacoes-equipes-gp-miami\/\">McLaren, Red Bull e Ferrari come\u00e7am do zero: atualiza\u00e7\u00f5es das equipes para GP de Miami<\/a><\/strong><br>\u25b6\ufe0f\u00a0<a href=\"https:\/\/www.grandepremio.com\/br\/f1\/noticias\/lando-norris-celebra-pole-perfeita-sprint-miami-mas-contem-expectativa\/\"><strong>Norris atribui pole \u201cperfeita\u201d em sprint de Miami \u00e0 McLaren: \u201cC\u00e1lculos foram corretos\u201d<\/strong><\/a><br>\u25b6\ufe0f\u00a0<a href=\"https:\/\/www.grandepremio.com\/br\/f1\/noticias\/f1-2026-como-ficou-grid-largada-corrida-sprint-gp-miami\/\"><strong>F1 2026: como ficou o grid de largada da corrida sprint do GP de Miami<\/strong><\/a><\/p>\n","protected":false},"excerpt":{"rendered":"<p>Alexander Albon chegou a avan\u00e7ar ao SQ2 e garantiu a 14\u00aa posi\u00e7\u00e3o no grid da sprint de Miami, mas teve volta deletada e despencou para o 19\u00ba lugar<\/p>\n","protected":false},"author":0,"featured_media":1001081543,"comment_status":"closed","ping_status":"closed","sticky":false,"template":"","format":"standard","meta":{"42wp_featured_image_caption":"","42wp_featured_image_credits":"","42wp_featured_video":"","42wp_featured_image_hidden":false,"42wp_authors_list":[],"footnotes":""},"categories":[2],"tags":[654,26271,5273,896,147,29516,29148,180,31425,28995,873,34737,1491,28285,2834,30840,2470,45747,31473,35129,31470,215],"42wp_author":[47160],"class_list":["post-9514","post","type-post","status-publish","format-standard","has-post-thumbnail","hentry","category-f1","tag-alexander-albon","tag-calendario-f1","tag-classificacao-f1","tag-estados-unidos","tag-f1","tag-f1-2026","tag-f1-hoje","tag-formula-1","tag-formula-1-2026","tag-formula-1-hoje","tag-gp-de-miami","tag-gp-de-miami-f1","tag-grande-premio","tag-grandepremio","tag-hard-rock-stadium","tag-horarios-f1","tag-miami","tag-miami-2026","tag-miami-f1","tag-onde-assistir-f1","tag-temporada-2026-f1","tag-williams","42wp_author-vicente-soella"],"_links":{"self":[{"href":"https:\/\/grandepremio.com\/br\/wp-json\/wp\/v2\/posts\/9514","targetHints":{"allow":["GET"]}}],"collection":[{"href":"https:\/\/grandepremio.com\/br\/wp-json\/wp\/v2\/posts"}],"about":[{"href":"https:\/\/grandepremio.com\/br\/wp-json\/wp\/v2\/types\/post"}],"replies":[{"embeddable":true,"href":"https:\/\/grandepremio.com\/br\/wp-json\/wp\/v2\/comments?post=9514"}],"version-history":[{"count":0,"href":"https:\/\/grandepremio.com\/br\/wp-json\/wp\/v2\/posts\/9514\/revisions"}],"wp:featuredmedia":[{"embeddable":true,"href":"https:\/\/grandepremio.com\/br\/wp-json\/wp\/v2\/media\/1001081543"}],"wp:attachment":[{"href":"https:\/\/grandepremio.com\/br\/wp-json\/wp\/v2\/media?parent=9514"}],"wp:term":[{"taxonomy":"category","embeddable":true,"href":"https:\/\/grandepremio.com\/br\/wp-json\/wp\/v2\/categories?post=9514"},{"taxonomy":"post_tag","embeddable":true,"href":"https:\/\/grandepremio.com\/br\/wp-json\/wp\/v2\/tags?post=9514"},{"taxonomy":"42wp_author","embeddable":true,"href":"https:\/\/grandepremio.com\/br\/wp-json\/wp\/v2\/42wp_author?post=9514"}],"curies":[{"name":"wp","href":"https:\/\/api.w.org\/{rel}","templated":true}]}}