{"id":95143,"date":"2023-11-15T05:00:00","date_gmt":"2023-11-15T08:00:00","guid":{"rendered":"https:\/\/grandepremio.com\/br\/noticias\/las-vegas-chama-mais-atencao-evento-corrida-afirma-gabriel-carvalho\/"},"modified":"2023-11-14T16:09:27","modified_gmt":"2023-11-14T19:09:27","slug":"las-vegas-chama-mais-atencao-evento-corrida-afirma-gabriel-carvalho","status":"publish","type":"post","link":"https:\/\/grandepremio.com\/br\/f1\/las-vegas-chama-mais-atencao-evento-corrida-afirma-gabriel-carvalho\/","title":{"rendered":"&#8220;Las Vegas chama mais aten\u00e7\u00e3o pelo evento do que pela corrida&#8221;, afirma Gabriel Carvalho"},"content":{"rendered":"\n<p class=\"wp-block-paragraph\">A organiza\u00e7\u00e3o da F\u00f3rmula 1 se empenhou tanto para fazer a corrida em Las Vegas um sucesso que, para Gabriel Carvalho, o evento parece at\u00e9 mais animador&#8230;<\/p>\n\n\n\n<p class=\"wp-block-paragraph\">Confira:<\/p>\n\n\n\n<figure class=\"wp-block-embed is-type-video is-provider-youtube wp-block-embed-youtube wp-embed-aspect-16-9 wp-has-aspect-ratio\"><div class=\"wp-block-embed__wrapper\">\n<iframe loading=\"lazy\" title=\"F1 em LAS VEGAS + McLAREN \u00e9 amea\u00e7a? + MERCEDES x FERRARI e INGRESSOS FALSOS | Paddock GP #355\" width=\"500\" height=\"281\" src=\"https:\/\/www.youtube.com\/embed\/xagkuB_Y5Y8?start=1975&amp;feature=oembed\" frameborder=\"0\" allow=\"accelerometer; autoplay; clipboard-write; encrypted-media; gyroscope; picture-in-picture; web-share\" referrerpolicy=\"strict-origin-when-cross-origin\" allowfullscreen><\/iframe>\n<\/div><\/figure>\n","protected":false},"excerpt":{"rendered":"<p>Toda segunda-feira, Victor Martins, Evelyn Guimar\u00e3es, Gabriel Curty e Gabriel Carvalho debatem tudo sobre F\u00f3rmula 1 no Paddock GP, programa do GRANDE PR\u00caMIO<\/p>\n","protected":false},"author":0,"featured_media":1000753230,"comment_status":"closed","ping_status":"closed","sticky":false,"template":"","format":"standard","meta":{"42wp_featured_image_caption":"","42wp_featured_image_credits":"","42wp_featured_video":"","42wp_featured_image_hidden":false,"42wp_authors_list":[],"footnotes":""},"categories":[2],"tags":[2154,147,6533,207,180,30722,1492,230,1491,30103,28285,82,1537,27357,204,25978,486],"42wp_author":[47139],"class_list":["post-95143","post","type-post","status-publish","format-standard","has-post-thumbnail","hentry","category-f1","tag-evelyn-guimaraes","tag-f1","tag-f1-2023","tag-ferrari","tag-formula-1","tag-formula-1-2023","tag-gabriel-carvalho","tag-gabriel-curty","tag-grande-premio","tag-grande-premio-f1","tag-grandepremio","tag-mercedes","tag-paddock-gp","tag-programas-grande-premio","tag-red-bull","tag-temporada-2023","tag-victor-martins","42wp_author-ana-cerveira"],"_links":{"self":[{"href":"https:\/\/grandepremio.com\/br\/wp-json\/wp\/v2\/posts\/95143","targetHints":{"allow":["GET"]}}],"collection":[{"href":"https:\/\/grandepremio.com\/br\/wp-json\/wp\/v2\/posts"}],"about":[{"href":"https:\/\/grandepremio.com\/br\/wp-json\/wp\/v2\/types\/post"}],"replies":[{"embeddable":true,"href":"https:\/\/grandepremio.com\/br\/wp-json\/wp\/v2\/comments?post=95143"}],"version-history":[{"count":0,"href":"https:\/\/grandepremio.com\/br\/wp-json\/wp\/v2\/posts\/95143\/revisions"}],"wp:featuredmedia":[{"embeddable":true,"href":"https:\/\/grandepremio.com\/br\/wp-json\/wp\/v2\/media\/1000753230"}],"wp:attachment":[{"href":"https:\/\/grandepremio.com\/br\/wp-json\/wp\/v2\/media?parent=95143"}],"wp:term":[{"taxonomy":"category","embeddable":true,"href":"https:\/\/grandepremio.com\/br\/wp-json\/wp\/v2\/categories?post=95143"},{"taxonomy":"post_tag","embeddable":true,"href":"https:\/\/grandepremio.com\/br\/wp-json\/wp\/v2\/tags?post=95143"},{"taxonomy":"42wp_author","embeddable":true,"href":"https:\/\/grandepremio.com\/br\/wp-json\/wp\/v2\/42wp_author?post=95143"}],"curies":[{"name":"wp","href":"https:\/\/api.w.org\/{rel}","templated":true}]}}