{"id":95377,"date":"2023-11-11T10:00:00","date_gmt":"2023-11-11T13:00:00","guid":{"rendered":"https:\/\/grandepremio.com\/br\/noticias\/sergio-perez-fez-minimo-sao-paulo-las-vegas-abu-dhabi-sao-provas-fogo\/"},"modified":"2023-11-11T08:43:35","modified_gmt":"2023-11-11T11:43:35","slug":"sergio-perez-fez-minimo-sao-paulo-las-vegas-abu-dhabi-sao-provas-fogo","status":"publish","type":"post","link":"https:\/\/grandepremio.com\/br\/f1\/sergio-perez-fez-minimo-sao-paulo-las-vegas-abu-dhabi-sao-provas-fogo\/","title":{"rendered":"P\u00e9rez fez o m\u00ednimo em S\u00e3o Paulo. Mas Las Vegas e Abu Dhabi s\u00e3o provas de fogo"},"content":{"rendered":"\n<p class=\"wp-block-paragraph\"><strong>Sergio<\/strong> <strong>P\u00e9rez<\/strong> vive uma segunda metade de temporada complicada. Com o p\u00f3dio na sprint e o quarto lugar no <strong>GP de S\u00e3o Paulo<\/strong>, o mexicano conseguiu, pelo menos, abrir 32 pontos de vantagem para <strong>Lewis<\/strong> <strong>Hamilton<\/strong> e ganhar for\u00e7a na luta pelo vice-campeonato. Tamb\u00e9m recebeu o apoio da <strong>Red<\/strong> <strong>Bull<\/strong>, que ficou contente pelo piloto ter &#8220;feito o b\u00e1sico&#8221;.<\/p>\n\n\n\n<p class=\"wp-block-paragraph\">Mas esse b\u00e1sico \u00e9 o suficiente para o encerramento do ano? O que esperar do #11? \u00c9 o que Ana Paula Cerveira discute no v\u00eddeo de hoje!<\/p>\n\n\n\n<p class=\"wp-block-paragraph\"><strong>ASSISTA!<\/strong><\/p>\n\n\n\n<figure class=\"wp-block-embed is-type-rich is-provider-incorporar-manipulador wp-block-embed-incorporar-manipulador wp-embed-aspect-16-9 wp-has-aspect-ratio\"><div class=\"wp-block-embed__wrapper\">\n<iframe loading=\"lazy\" title=\"P\u00e9rez fez o M\u00cdNIMO em S\u00e3o Paulo. Mas Las Vegas e Abu Dhabi s\u00e3o PROVAS DE FOGO | GP \u00e0s 10\" width=\"500\" height=\"281\" src=\"https:\/\/www.youtube.com\/embed\/7EkKBs8vpuo?feature=oembed\" frameborder=\"0\" allow=\"accelerometer; autoplay; clipboard-write; encrypted-media; gyroscope; picture-in-picture; web-share\" referrerpolicy=\"strict-origin-when-cross-origin\" allowfullscreen><\/iframe>\n<\/div><\/figure>\n","protected":false},"excerpt":{"rendered":"<p>Fazer o b\u00e1sico \u00e9 o suficiente para o encerramento do ano? O que esperar do #11? \u00c9 o que Ana Paula Cerveira discute no v\u00eddeo de hoje!<\/p>\n","protected":false},"author":0,"featured_media":1000752633,"comment_status":"closed","ping_status":"closed","sticky":false,"template":"","format":"standard","meta":{"42wp_featured_image_caption":"","42wp_featured_image_credits":"","42wp_featured_video":"","42wp_featured_image_hidden":false,"42wp_authors_list":[],"footnotes":""},"categories":[2],"tags":[147,6533,180,30722,26680,1491,30103,28285,124,3595,204,3132,25978],"42wp_author":[47139],"class_list":["post-95377","post","type-post","status-publish","format-standard","has-post-thumbnail","hentry","category-f1","tag-f1","tag-f1-2023","tag-formula-1","tag-formula-1-2023","tag-gp-de-sao-paulo","tag-grande-premio","tag-grande-premio-f1","tag-grandepremio","tag-interlagos","tag-las-vegas","tag-red-bull","tag-sergio-perez","tag-temporada-2023","42wp_author-ana-cerveira"],"_links":{"self":[{"href":"https:\/\/grandepremio.com\/br\/wp-json\/wp\/v2\/posts\/95377","targetHints":{"allow":["GET"]}}],"collection":[{"href":"https:\/\/grandepremio.com\/br\/wp-json\/wp\/v2\/posts"}],"about":[{"href":"https:\/\/grandepremio.com\/br\/wp-json\/wp\/v2\/types\/post"}],"replies":[{"embeddable":true,"href":"https:\/\/grandepremio.com\/br\/wp-json\/wp\/v2\/comments?post=95377"}],"version-history":[{"count":0,"href":"https:\/\/grandepremio.com\/br\/wp-json\/wp\/v2\/posts\/95377\/revisions"}],"wp:featuredmedia":[{"embeddable":true,"href":"https:\/\/grandepremio.com\/br\/wp-json\/wp\/v2\/media\/1000752633"}],"wp:attachment":[{"href":"https:\/\/grandepremio.com\/br\/wp-json\/wp\/v2\/media?parent=95377"}],"wp:term":[{"taxonomy":"category","embeddable":true,"href":"https:\/\/grandepremio.com\/br\/wp-json\/wp\/v2\/categories?post=95377"},{"taxonomy":"post_tag","embeddable":true,"href":"https:\/\/grandepremio.com\/br\/wp-json\/wp\/v2\/tags?post=95377"},{"taxonomy":"42wp_author","embeddable":true,"href":"https:\/\/grandepremio.com\/br\/wp-json\/wp\/v2\/42wp_author?post=95377"}],"curies":[{"name":"wp","href":"https:\/\/api.w.org\/{rel}","templated":true}]}}