{"id":95413,"date":"2023-11-11T03:35:00","date_gmt":"2023-11-11T06:35:00","guid":{"rendered":"https:\/\/grandepremio.com\/br\/noticias\/fermin-aldeguer-sobra-malasia-garante-terceira-pole-seguida-moto2\/"},"modified":"2023-11-11T04:13:01","modified_gmt":"2023-11-11T07:13:01","slug":"fermin-aldeguer-sobra-malasia-garante-terceira-pole-seguida-moto2","status":"publish","type":"post","link":"https:\/\/grandepremio.com\/br\/motogp\/fermin-aldeguer-sobra-malasia-garante-terceira-pole-seguida-moto2\/","title":{"rendered":"Aldeguer sobra na Mal\u00e1sia e garante terceira pole seguida na Moto2. Acosta \u00e9 6\u00ba"},"content":{"rendered":"\n<p class=\"wp-block-paragraph\"><strong>Ferm\u00edn Aldeguer<\/strong> voltou a encantar na <strong>Moto2<\/strong>. Com uma grande volta logo na primeira tentativa no Q2 da classifica\u00e7\u00e3o, o espanhol de apenas 18 anos ficou com a terceira pole seguida na classe intermedi\u00e1ria do Mundial, dessa vez na <strong>Mal\u00e1sia<\/strong>, com o tempo de <strong>2min05s288<\/strong>.<\/p>\n\n\n\n<p class=\"wp-block-paragraph\"><strong>Celestino Vietti<\/strong> ficou com a segunda posi\u00e7\u00e3o, mas sequer teve muita chance de brigar pela pole, ficando <strong>0s502 <\/strong>atr\u00e1s do rival. No final, o italiano ainda caiu e n\u00e3o conseguiu melhorar a pr\u00f3pria marca. <strong>Manuel Gonz\u00e1lez<\/strong> fecha a primeira fila do grid.<\/p>\n\n\n\n<p class=\"wp-block-paragraph\">Em quarto, <strong>Ar\u00f3n Canet<\/strong>, mas o espanhol est\u00e1 sob investiga\u00e7\u00e3o dos comiss\u00e1rios por n\u00e3o diminuir a velocidade sob bandeira amarela, o que inclusive causou sua pr\u00f3pria queda nos instantes finais do treinos. <strong>Marcos Ram\u00edrez<\/strong> completa o top-5.<\/p>\n\n\n\n<p class=\"wp-block-paragraph\">Entre os postulantes ao t\u00edtulo, <strong>Pedro Acosta<\/strong> saiu em vantagem. L\u00edder do campeonato e podendo encerrar a disputa em Sepang, o espanhol ficou com a sexta coloca\u00e7\u00e3o no grid. <strong>Tony Arbolino<\/strong>, \u00fanico concorrente, larga na s\u00e9tima posi\u00e7\u00e3o. <strong>Jake Dixon<\/strong>, <strong>Somkiat Chantra<\/strong> e <strong>Joe Roberts<\/strong> fecham os dez primeiros.<\/p>\n\n\n\n<figure class=\"wp-block-image size-large\"><img decoding=\"async\" src=\"https:\/\/www.grandepremio.com\/br\/wp-content\/uploads\/2023\/10\/fermin-aldeguer-01-1024x683.jpg\" alt=\"\" class=\"wp-image-747237\"\/><figcaption class=\"wp-element-caption\">Ferm\u00edn Aldeguer fez mais uma pole na temporada 2023 (Foto: Speed Up)<\/figcaption><\/figure>\n\n\n\n<p class=\"wp-block-paragraph\"><strong>\u25b6\ufe0f&nbsp;Inscreva-se nos dois canais do GRANDE PR\u00caMIO no YouTube:&nbsp;<a href=\"https:\/\/www.youtube.com\/channel\/UC9OlHEgxoaY6QY6nWPoiqQg?sub_confirmation=1\" target=\"_blank\" rel=\"noreferrer noopener\">GP<\/a>&nbsp;|&nbsp;<a href=\"https:\/\/www.youtube.com\/channel\/UC9csiS6q_C3C0FYhyr1rnFA?sub_confirmation=1\" target=\"_blank\" rel=\"noreferrer noopener\">GP2<\/a><\/strong><br><strong>\u25b6\ufe0f&nbsp;<a href=\"https:\/\/www.twitch.tv\/grandepremio\" target=\"_blank\" rel=\"noreferrer noopener\">Conhe\u00e7a o canal do GRANDE PR\u00caMIO na Twitch clicando aqui!<\/a><\/strong><\/p>\n\n\n\n<p class=\"wp-block-paragraph\">A&nbsp;<strong><a href=\"https:\/\/grandepremio.com\/motovelocidade\/\" target=\"_blank\" rel=\"noreferrer noopener\"><\/a><a href=\"https:\/\/grandepremio.com\/motovelocidade\/\" target=\"_blank\" rel=\"noreferrer noopener\" class=\"ek-link\">Moto2<\/a>&nbsp;<\/strong>volta a acelerar neste domingo (12), a partir de 2h15 (de Bras\u00edlia), com o&nbsp;<strong>GP da Mal\u00e1sia<\/strong>, no circuito de&nbsp;<strong><a href=\"https:\/\/www.grandepremio.com\/br\/circuito\/sepang\/\" target=\"_blank\" rel=\"noreferrer noopener\">Sepang<\/a><\/strong>. O&nbsp;<strong>GRANDE PR\u00caMIO&nbsp;<\/strong>faz a cobertura completa do evento, assim como das outras classes do&nbsp;<strong>Mundial de Motovelocidade<\/strong>.<\/p>\n\n\n\n<h2 class=\"wp-block-heading\" id=\"h-confira-como-foi-a-classificacao-da-moto2-em-sepang\"><strong>Confira como foi a classifica\u00e7\u00e3o da Moto2 em Sepang:<\/strong><\/h2>\n\n\n\n<p class=\"wp-block-paragraph\">As nuvens carregadas seguiam no entorno do circuito malaio, assim como o calor. Os term\u00f4metros marcavam 34\u00baC no ar e 54\u00baC na pista, al\u00e9m de 65% de umidade relativa e ventos de 8 km\/h. <\/p>\n\n\n\n<h4 class=\"wp-block-heading\" id=\"h-q1-arbolino-evita-desastre-e-avanca-com-arenas-hada-e-roberts\"><strong>Q1: Arbolino evita desastre e avan\u00e7a com Arenas, Hada e Roberts<\/strong><\/h4>\n\n\n\n<p class=\"wp-block-paragraph\">Assim que a luz verde pintou, os pilotos come\u00e7aram a sair aos poucos dos boxes. A aus\u00eancia ficou por conta de Darryn Binder, que se acidentou no terceiro treino livre e foi levado para exames mais detalhados em um hospital da regi\u00e3o.<\/p>\n\n\n\n<p class=\"wp-block-paragraph\">Ap\u00f3s as primeiras voltas, Albert Arenas tomou a dianteira, com 2min06s194, seguido por Dennis Foggia, Zonta Van Den Goorbergh e Tony Arbolino, que ainda briga pelo t\u00edtulo.<\/p>\n\n\n\n<figure class=\"wp-block-video\"><video class=\"video-js vjs-big-play-centered\" data-gp-vjs=\"1\" controls src=\"https:\/\/www.grandepremio.com\/br\/wp-content\/uploads\/2023\/11\/moto2-malasia-q1-start.mp4\"><\/video><figcaption class=\"wp-element-caption\">O in\u00edcio da classifica\u00e7\u00e3o em Sepang (V\u00eddeo: MotoGP)<\/figcaption><\/figure>\n\n\n\n<p class=\"wp-block-paragraph\">Logo depois, por\u00e9m, tudo mudou. Arbolino fez 2min05s724 e saltou para a lideran\u00e7a, acompanhado pelo surpreendente Taiga Hada. Instantes depois, Van Den Goorbergh caiu na curva 1 e causou a primeira bandeira amarela da sess\u00e3o.<\/p>\n\n\n\n<p class=\"wp-block-paragraph\">Outra v\u00edtima do treino foi Jeremy Alcoba. O espanhol perdeu o controle na veloz curva 5 e escorregou para fora da pista.<\/p>\n\n\n\n<p class=\"wp-block-paragraph\">A 5 minutos para o fim, Arenas voltou a melhorar e subiu para o segundo lugar, com Joe Roberts entrando entre os quatro melhores do treino.<\/p>\n\n\n\n<figure class=\"wp-block-video\"><video class=\"video-js vjs-big-play-centered\" data-gp-vjs=\"1\" controls src=\"https:\/\/www.grandepremio.com\/br\/wp-content\/uploads\/2023\/11\/moto2-malasia-tony-arbolino.mp4\"><\/video><figcaption class=\"wp-element-caption\">Arbolino assume a ponta no Q2 em Sepang (V\u00eddeo: MotoGP)<\/figcaption><\/figure>\n\n\n\n<p class=\"wp-block-paragraph\">No fim, ainda deu tempo do convidado Helmi Azman cair e abandonar a sess\u00e3o. Ningu\u00e9m melhorou as \u00faltimas tentativas, deixando Arbolino, Arenas, Hada e Roberts entre os que avan\u00e7aram para o Q2.<\/p>\n\n\n\n<h4 class=\"wp-block-heading\" id=\"h-q2-aldeguer-sobra-e-faz-pole-acosta-supera-arbolino-no-grid\"><strong>Q2: Aldeguer sobra e faz pole. Acosta supera Arbolino no grid<\/strong><\/h4>\n\n\n\n<p class=\"wp-block-paragraph\">O Q2 come\u00e7ou com todo o grid indo para a pista. Ferm\u00edn Aldeguer achou boa volta, com 2min05s288 e saltou na frente, seguido por Manuel Gonz\u00e1lez, Ar\u00f3n Canet e Marcos Ram\u00edrez. Arbolino foi para quinto e Pedro Acosta s\u00f3 em d\u00e9cimo.<\/p>\n\n\n\n<p class=\"wp-block-paragraph\">A primeira v\u00edtima da sess\u00e3o foi Filip Salac, que caiu na curva 7, causou bandeira amarela e atrapalhou diversos concorrentes.<\/p>\n\n\n\n<p class=\"wp-block-paragraph\">Celestino Vietti achou uma boa volta, surpreendeu e fez 2min05s790, indo para o segundo lugar, mas ainda 0s5 atr\u00e1s de Aldeguer.<\/p>\n\n\n\n<figure class=\"wp-block-embed is-type-rich is-provider-twitter wp-block-embed-twitter\"><div class=\"wp-block-embed__wrapper\">\n<blockquote class=\"twitter-tweet\" data-width=\"500\" data-dnt=\"true\"><p lang=\"en\" dir=\"ltr\">Two crashes in quick succession at the same corner! \ud83d\udca5<br><br>First Vietti and then Canet but both are OK \ud83d\udc4d<a href=\"https:\/\/x.com\/hashtag\/MalaysianGP?src=hash&amp;ref_src=twsrc%5Etfw\">#MalaysianGP<\/a> \ud83c\uddf2\ud83c\uddfe <a href=\"https:\/\/t.co\/rL4W0sArtX\">pic.twitter.com\/rL4W0sArtX<\/a><\/p>&mdash; MotoGP\u2122\ud83c\udfc1 (@MotoGP) <a href=\"https:\/\/x.com\/MotoGP\/status\/1723226095321821269?ref_src=twsrc%5Etfw\">November 11, 2023<\/a><\/blockquote><script async src=\"https:\/\/platform.x.com\/widgets.js\" charset=\"utf-8\"><\/script>\n<\/div><\/figure>\n\n\n\n<p class=\"wp-block-paragraph\">Depois, boa parte do grid foi para os boxes. Acosta ainda subiu para a sexta posi\u00e7\u00e3o esuperou o rival Arbolino.<\/p>\n\n\n\n<p class=\"wp-block-paragraph\">Nos minutos finais, com a pista cheia, as quedas come\u00e7aram em Sepang. Vietti caiu na curva 4 e, segundos depois, foi a vez de Canet tamb\u00e9m errar no mesmo local, gerando bandeira amarela.<\/p>\n\n\n\n<p class=\"wp-block-paragraph\">Canet ainda ficou sob investiga\u00e7\u00e3o dos comiss\u00e1rios por n\u00e3o reduzir a velocidade na bandeira amarela causada por Vietti.<\/p>\n\n\n\n<figure class=\"wp-block-video\"><video class=\"video-js vjs-big-play-centered\" data-gp-vjs=\"1\" controls src=\"https:\/\/www.grandepremio.com\/br\/wp-content\/uploads\/2023\/11\/moto2-malasia-q2-aldeguer.mp4\"><\/video><figcaption class=\"wp-element-caption\">Aldeguer ficou com a pole para o GP da Mal\u00e1sia de Moto2 (V\u00eddeo: MotoGP)<\/figcaption><\/figure>\n\n\n\n<p class=\"wp-block-paragraph\">J\u00e1 com o cron\u00f4metro zerado, Jake Dixon melhorou e foi para o oitavo. L\u00e1 na frente, por\u00e9m, ningu\u00e9m mexeu com a pole de Aldeguer. Em sexto, Acosta, acompanhado pelo rival Arbolino.<\/p>\n\n\n\n<h2 class=\"wp-block-heading\" id=\"h-moto2-2023-gp-da-malasia-sepang-grid-de-largada\"><strong>Moto2 2023, GP da Mal\u00e1sia, Sepang, Grid de largada:<\/strong><\/h2>\n\n\n\n<figure class=\"wp-block-table\"><table><tbody><tr><td>1<\/td><td>F ALDEGUER<\/td><td>Speed UP Boscoscuro<\/td><td>2:05.288<\/td><td>&nbsp;<\/td><\/tr><tr><td>2<\/td><td>C VIETTI<\/td><td>Fantic Kalex<\/td><td>2:05.790<\/td><td>+0.502<\/td><\/tr><tr><td>3<\/td><td>M GONZ\u00c1LEZ<\/td><td>VR46 Master Camp Kalex<\/td><td>2:05.815<\/td><td>+0.527<\/td><\/tr><tr><td>4<\/td><td>A CANET<\/td><td>PONS Kalex<\/td><td>2:05.850<\/td><td>+0.562<\/td><\/tr><tr><td>5<\/td><td>M RAM\u00cdREZ<\/td><td>American Kalex<\/td><td>2:05.888<\/td><td>+0.600<\/td><\/tr><tr><td>6<\/td><td>P ACOSTA<\/td><td>Red Bull KTM Ajo Kalex<\/td><td>2:05;894<\/td><td>+0.606<\/td><\/tr><tr><td>7<\/td><td>T ARBOLINO<\/td><td>Marc VDS Kalex<\/td><td>2:05.912<\/td><td>+0.624<\/td><\/tr><tr><td>8<\/td><td>J DIXON<\/td><td>Aspar Kalex<\/td><td>2:05.929<\/td><td>+0.641<\/td><\/tr><tr><td>9<\/td><td>S CHANTRA<\/td><td>Team Asia Kalex<\/td><td>2:06.160<\/td><td>+0.872<\/td><\/tr><tr><td>10<\/td><td>J ROBERTS<\/td><td>Italtrans Kalex<\/td><td>2:06.170<\/td><td>+0.882<\/td><\/tr><tr><td>11<\/td><td>S LOWES<\/td><td>Marc VDS Kalex<\/td><td>2:06.225<\/td><td>+0.937<\/td><\/tr><tr><td>12<\/td><td>S GARCIA<\/td><td>PONS Kalex<\/td><td>2:06.348<\/td><td>+1.060<\/td><\/tr><tr><td>13<\/td><td>A OGURA<\/td><td>Team Asia Kalex<\/td><td>2:06.510<\/td><td>+1.222<\/td><\/tr><tr><td>14<\/td><td>B BALTUS<\/td><td>RW Kalex<\/td><td>2:06.570<\/td><td>+1.282<\/td><\/tr><tr><td>15<\/td><td>A L\u00d3PEZ<\/td><td>Speed UP Boscoscuro<\/td><td>2:06.641<\/td><td>+1.353<\/td><\/tr><tr><td>16<\/td><td>A ARENAS<\/td><td>Red Bull KTM Ajo Kalex<\/td><td>2:06.651<\/td><td>+1.363<\/td><\/tr><tr><td>17<\/td><td>T HADA<\/td><td>SAG Kalex<\/td><td>2:07.291<\/td><td>+2.003<\/td><\/tr><tr><td>18<\/td><td>F SALAC<\/td><td>Gresini Kalex<\/td><td>2:17.196<\/td><td>+11.908<\/td><\/tr><tr><td>19<\/td><td>D FOGGIA<\/td><td>Italtrans Kalex<\/td><td>2:06.339<\/td><td>+1.051<\/td><\/tr><tr><td>20<\/td><td>Z VAN DEN GOORBERGH<\/td><td>RW Kalex<\/td><td>2:06.422<\/td><td>+1.134<\/td><\/tr><tr><td>21<\/td><td>J ALCOBA<\/td><td>Gresini Kalex<\/td><td>2:06.430<\/td><td>+1.142<\/td><\/tr><tr><td>22<\/td><td>B BENDSNEYDER<\/td><td>SAG Kalex<\/td><td>2:06.485<\/td><td>+1.197<\/td><\/tr><tr><td>23<\/td><td>A ESCRIG<\/td><td>Forward<\/td><td>2:06.574<\/td><td>+1.286<\/td><\/tr><tr><td>24<\/td><td>L TULOVIC<\/td><td>IntactGP Kalex<\/td><td>2:06.630<\/td><td>+1.342<\/td><\/tr><tr><td>25<\/td><td>I GUEVARA<\/td><td>Aspar Kalex<\/td><td>2:06;889<\/td><td>+1.601<\/td><\/tr><tr><td>26<\/td><td>R SKINNER<\/td><td>American Kalex<\/td><td>2:07.146<\/td><td>+1.858<\/td><\/tr><tr><td>27<\/td><td>S KELLY<\/td><td>American Kalex<\/td><td>2:07.217<\/td><td>+1.929<\/td><\/tr><tr><td>28<\/td><td>K NOZANE<\/td><td>VR46 Master Camp Kalex<\/td><td>2:07.377<\/td><td>+2.089<\/td><\/tr><tr><td>29<\/td><td>A ANUAR<\/td><td>RW Kalex<\/td><td>2:08.183<\/td><td>+2.895<\/td><\/tr><tr><td>30<\/td><td>M CASADEI<\/td><td>Fantic Kalex<\/td><td>2:08.235<\/td><td>+2.947<\/td><\/tr><tr><td>31<\/td><td>H AZMAN<\/td><td>RW Kalex<\/td><td>2:10.112<\/td><td>+4.824<\/td><\/tr><tr><td>32<\/td><td>D BINDER<\/td><td>IntactGP Kalex<\/td><td>&nbsp;<\/td><td>&nbsp;<\/td><\/tr><\/tbody><\/table><\/figure>\n\n\n\n<figure class=\"wp-block-embed is-type-video is-provider-youtube wp-block-embed-youtube wp-embed-aspect-16-9 wp-has-aspect-ratio\"><div class=\"wp-block-embed__wrapper\">\n<iframe loading=\"lazy\" title=\"YAMAHA-QUARTARARO: UNI\u00c3O FADADA AO DIV\u00d3RCIO NA MOTOGP?\" width=\"500\" height=\"281\" src=\"https:\/\/www.youtube.com\/embed\/khDmNynMsbo?feature=oembed\" frameborder=\"0\" allow=\"accelerometer; autoplay; clipboard-write; encrypted-media; gyroscope; picture-in-picture; web-share\" referrerpolicy=\"strict-origin-when-cross-origin\" allowfullscreen><\/iframe>\n<\/div><\/figure>\n","protected":false},"excerpt":{"rendered":"<p>Ferm\u00edn Aldeguer acertou uma grande volta no in\u00edcio da classifica\u00e7\u00e3o e garantiu mais uma pole na temporada 2023 da Moto2, agora na Mal\u00e1sia. Pedro Acosta larga em sexto, acompanhado pelo rival Tony Arbolino<\/p>\n","protected":false},"author":0,"featured_media":1000752739,"comment_status":"closed","ping_status":"closed","sticky":false,"template":"","format":"standard","meta":{"42wp_featured_image_caption":"","42wp_featured_image_credits":"","42wp_featured_video":"","42wp_featured_image_hidden":false,"42wp_authors_list":[],"footnotes":""},"categories":[8],"tags":[5214,28833,26411,28285,24947,79,1930,32904,78,27538,33202,33200,33201,25819,29345,28766,33203,27587,26690,370,2279],"42wp_author":[47135],"class_list":["post-95413","post","type-post","status-publish","format-standard","has-post-thumbnail","hentry","category-motogp","tag-classificacao-motogp","tag-fermin-aldeguer","tag-gp-da-malasia","tag-grandepremio","tag-malasia","tag-moto-gp","tag-moto2","tag-moto2-2023","tag-motogp","tag-motogp-2023","tag-motogp-2023-calendario","tag-motogp-calendario-2023","tag-motogp-classificacao-2023","tag-motogp-hoje","tag-motogp-horario","tag-motogp-standings","tag-onde-assistir-motogp-2023","tag-pedro-acosta","tag-pilotos-motogp","tag-sepang","tag-tony-arbolino","42wp_author-pedro-luis-cuenca"],"_links":{"self":[{"href":"https:\/\/grandepremio.com\/br\/wp-json\/wp\/v2\/posts\/95413","targetHints":{"allow":["GET"]}}],"collection":[{"href":"https:\/\/grandepremio.com\/br\/wp-json\/wp\/v2\/posts"}],"about":[{"href":"https:\/\/grandepremio.com\/br\/wp-json\/wp\/v2\/types\/post"}],"replies":[{"embeddable":true,"href":"https:\/\/grandepremio.com\/br\/wp-json\/wp\/v2\/comments?post=95413"}],"version-history":[{"count":0,"href":"https:\/\/grandepremio.com\/br\/wp-json\/wp\/v2\/posts\/95413\/revisions"}],"wp:featuredmedia":[{"embeddable":true,"href":"https:\/\/grandepremio.com\/br\/wp-json\/wp\/v2\/media\/1000752739"}],"wp:attachment":[{"href":"https:\/\/grandepremio.com\/br\/wp-json\/wp\/v2\/media?parent=95413"}],"wp:term":[{"taxonomy":"category","embeddable":true,"href":"https:\/\/grandepremio.com\/br\/wp-json\/wp\/v2\/categories?post=95413"},{"taxonomy":"post_tag","embeddable":true,"href":"https:\/\/grandepremio.com\/br\/wp-json\/wp\/v2\/tags?post=95413"},{"taxonomy":"42wp_author","embeddable":true,"href":"https:\/\/grandepremio.com\/br\/wp-json\/wp\/v2\/42wp_author?post=95413"}],"curies":[{"name":"wp","href":"https:\/\/api.w.org\/{rel}","templated":true}]}}