{"id":9546,"date":"2026-05-01T04:15:00","date_gmt":"2026-05-01T07:15:00","guid":{"rendered":"https:\/\/grandepremio.com\/br\/noticias\/fia-espera-concluir-conversas-proximo-regulamento-f1-2-ou-3-meses\/"},"modified":"2026-04-30T22:59:58","modified_gmt":"2026-05-01T01:59:58","slug":"fia-espera-concluir-conversas-proximo-regulamento-f1-2-ou-3-meses","status":"publish","type":"post","link":"https:\/\/grandepremio.com\/br\/f1\/fia-espera-concluir-conversas-proximo-regulamento-f1-2-ou-3-meses\/","title":{"rendered":"FIA espera concluir conversas sobre pr\u00f3ximo regulamento da F1 &#8220;em 2 ou 3 meses&#8221;"},"content":{"rendered":"\n<p class=\"wp-block-paragraph\">Diretor-t\u00e9cnico da <strong>Federa\u00e7\u00e3o Internacional de Automobilismo<\/strong> (<strong>FIA<\/strong>), <strong>Jan Monchaux<\/strong> falou sobre a import\u00e2ncia de a <strong>F\u00f3rmula 1<\/strong> formalizar as bases do pr\u00f3ximo regulamento &#8220;at\u00e9 o fim do ano&#8221;. Embora concorde com <strong>Nikolas Tombazis<\/strong>, que afirmou que a categoria <a href=\"https:\/\/www.grandepremio.com\/br\/f1\/noticias\/fia-abre-debate-motores-futuro-diz-f1-nao-pode-ser-refem-montadoras\/\">&#8220;n\u00e3o pode ficar ref\u00e9m das montadoras&#8221;<\/a>, o franc\u00eas destacou que as fabricantes tamb\u00e9m devem se sentir representadas em qualquer mudan\u00e7a substancial que porventura seja feita.<\/p>\n\n\n\n<p class=\"wp-block-paragraph\">O grande problema na atualidade \u00e9 a unidade de pot\u00eancia, que agora tem a parte el\u00e9trica como respons\u00e1vel por 50% da for\u00e7a. A outra metade fica na conta do motor de combust\u00e3o interna, constru\u00eddo para operar com combust\u00edvel 100% sustent\u00e1vel nesse momento em que o Mundial quer se mostrar relevante dentro das exig\u00eancias mercadol\u00f3gicas \u2014 algo que, de fato, ajudou a atrair nomes como <strong>Ford<\/strong>, <strong>General Motors<\/strong> (com a <strong>Cadillac<\/strong>) e a <strong>Audi<\/strong>.<\/p>\n\n\n\n<figure class=\"wp-block-embed is-type-video is-provider-youtube wp-block-embed-youtube wp-embed-aspect-16-9 wp-has-aspect-ratio\"><div class=\"wp-block-embed__wrapper\">\n<iframe loading=\"lazy\" title=\"\ud83d\udd34 F1 AO VIVO: RAIOS AMEA\u00c7AM GP DE MIAMI E AJUSTES NAS REGRAS V\u00c3O FUNCIONAR? | WGP\" width=\"500\" height=\"281\" src=\"https:\/\/www.youtube.com\/embed\/AguJyS6mels?feature=oembed\" frameborder=\"0\" allow=\"accelerometer; autoplay; clipboard-write; encrypted-media; gyroscope; picture-in-picture; web-share\" referrerpolicy=\"strict-origin-when-cross-origin\" allowfullscreen><\/iframe>\n<\/div><\/figure>\n\n\n\n<h3 class=\"wp-block-heading has-vivid-red-color has-text-color has-link-color wp-elements-1\" id=\"h-gp-experience-o-novo-produto-do-grande-premio-conecta-voce-aos-maiores-eventos-de-esporte-a-motor-do-mundo-va-para-indianapolis-com-a-gente-saiba-aqui-todos-os-detalhes\"><strong>+ GP EXPERIENCE: o novo produto do GRANDE PR\u00caMIO conecta voc\u00ea aos maiores eventos de esporte a motor do mundo. V\u00e1 para Indian\u00e1polis com a gente:\u00a0<a href=\"https:\/\/gpexperience.tur.br\/\">saiba aqui todos os detalhes<\/a>.<\/strong><\/h3>\n\n\n\n<p class=\"wp-block-paragraph\">Acontece que o resultado em pista n\u00e3o agradou em nada parte das equipes, pilotos e principalmente os f\u00e3s. Com a necessidade de terem de recuperar energia o tempo todo, os competidores s\u00e3o for\u00e7ados a efetuar manobras contraintuitivas, como o <em>lift and coast<\/em> e o <em>super clipping<\/em>, por exemplo, que os impedem de levar o carro ao limite. Durante a quinta-feira (30) em <strong>Miami<\/strong>, <strong><a href=\"https:\/\/www.grandepremio.com\/br\/f1\/noticias\/lewis-hamilton-cobra-lugar-mesa-debates-regras-so-ouvem-quem-nunca-pilotou\/\">Lewis Hamilton<\/a><\/strong>, <strong><a href=\"https:\/\/www.grandepremio.com\/br\/f1\/noticias\/max-verstappen-ve-mudancas-regulamento-f1-como-ponto-partida-para-futuro\/\">Max Verstappen<\/a><\/strong>, <strong><a href=\"https:\/\/www.grandepremio.com\/br\/f1\/noticias\/lance-stroll-diz-regras-formula-1-destroem-corridas-dispara-nao-temos-carros-verdade\/\">Lance Stroll<\/a><\/strong>, <strong><a href=\"https:\/\/www.grandepremio.com\/br\/f1\/noticias\/lando-norris-reza-f1-volte-pouco-normal-futuro-sei-nao-e-tao-simples\/\">Lando Norris<\/a><\/strong> e <strong><a href=\"https:\/\/www.grandepremio.com\/br\/f1\/noticias\/fernando-alonso-reduz-impacto-ajustes-f1-2026-nao-vai-mudar-completamente-o-que-vimos\/\">Fernando Alonso<\/a><\/strong> voltaram a tocar no assunto.<\/p>\n\n\n\n<p class=\"wp-block-paragraph\">Desta forma, durante a pausa for\u00e7ada da categoria no m\u00eas de abril, as partes interessadas se reuniram para aplicar alguns ajustes nas regras. No entanto, para Monchaux, \u00e9 importante que a F1 tamb\u00e9m j\u00e1 comece a se preocupar com o pr\u00f3ximo ciclo regulat\u00f3rio \u2014 por isso deixou claro que a pr\u00f3pria FIA est\u00e1 se movimentando nos bastidores para chegar a um bom termo com as fabricantes.<\/p>\n\n\n\n<p class=\"wp-block-paragraph\">&#8220;Tivemos algumas conversas com as fabricantes de motores no ano passado, nas quais j\u00e1 sondamos o terreno. Acho que precisamos concluir tudo nos pr\u00f3ximos dois ou tr\u00eas meses \u2014 espero que n\u00e3o leve muito mais do que isso. Algo concreto precisa ser formalizado, no mais tardar, at\u00e9 o fim do ano&#8221;, disse o diretor-t\u00e9cnico da entidade em entrevista \u00e0 revista alem\u00e3 <em>Auto Motor und Sport<\/em>.<\/p>\n\n\n\n<figure class=\"wp-block-image size-full\"><img decoding=\"async\" src=\"https:\/\/www.grandepremio.com\/br\/wp-content\/uploads\/2024\/02\/d7073c7d-2c00-b2ea-620b-57c064424930.jpg\" alt=\"\" class=\"wp-image-776906\"\/><figcaption class=\"wp-element-caption\">Jan Monchaux ocupa a fun\u00e7\u00e3o de diretor-t\u00e9cnico na FIA (Foto: Reprodu\u00e7\u00e3o)<\/figcaption><\/figure>\n\n\n\n<p class=\"wp-block-paragraph\">&#8220;Estamos tentando encontrar um terreno comum, de forma que as fabricantes tamb\u00e9m se sintam representadas em qualquer mudan\u00e7a substancial que fizermos. Os pontos fracos da atual f\u00f3rmula s\u00e3o bem conhecidos. Vamos tentar corrigir a rota para reduzir os problemas mais graves. Dada a situa\u00e7\u00e3o financeira das fabricantes, a redu\u00e7\u00e3o de custos \u00e9 uma prioridade absoluta&#8221;, encerrou.<\/p>\n\n\n\n<p class=\"wp-block-paragraph\">O pr\u00f3prio <em>AMuS<\/em> informou, no in\u00edcio de abril, que a F1 havia <a href=\"https:\/\/www.grandepremio.com\/br\/f1\/noticias\/f1-antecipa-debate-sobre-regras-2031-volta-considerar-retorno-motores-v8\/\">antecipado o debate sobre as futuras regras<\/a> e que estava considerando seriamente a possibilidade de implementar\u00a0um motor V8 turboalimentado de 2,4 litros com combust\u00edvel sustent\u00e1vel \u2014 uma proposta que j\u00e1 tinha sido feita pela pr\u00f3pria FIA, com o apoio de <strong>Mohammed Ben Sulayem<\/strong>, presidente do \u00f3rg\u00e3o dirigente, e de <a href=\"https:\/\/www.grandepremio.com\/br\/f1\/noticias\/ceo-f1-defende-retorno-motores-v8-combustivel-sustentavel-esse-futuro\/\"><strong>Stefano Domenicali<\/strong>, CEO da categoria<\/a>.<\/p>\n\n\n\n<p class=\"wp-block-paragraph\">A F\u00f3rmula 1 volta neste fim de semana, de 1\u00ba a 3 de maio, com o&nbsp;<strong>GP de Miami<\/strong>, quarta etapa da temporada. O&nbsp;<strong>GRANDE PR\u00caMIO<\/strong>&nbsp;acompanha todas as atividades&nbsp;<a href=\"https:\/\/www.grandepremio.com\/br\/ao-vivo\/f1\/\"><strong>AO VIVO E EM&nbsp;<\/strong><\/a><strong><a href=\"https:\/\/www.grandepremio.com\/br\/ao-vivo\/\" target=\"_blank\" rel=\"noreferrer noopener\">TEMPO REAL<\/a><\/strong>,&nbsp;<a href=\"https:\/\/www.youtube.com\/@GrandePremio1\/streams\">al\u00e9m de classifica\u00e7\u00f5es e corridas em&nbsp;<strong>SEGUNDA TELA&nbsp;<\/strong>no YouTube<\/a>, em parceria com a&nbsp;<strong>Voz do Esporte<\/strong>. O&nbsp;<strong>Briefing&nbsp;<\/strong>chega para analisar ap\u00f3s o fim de cada dia de atividades nas redes sociais e na&nbsp;<strong>GPTV<\/strong>.<\/p>\n\n\n\n<p class=\"wp-block-paragraph\">Al\u00e9m disso, o\u00a0<strong>GRANDE PR\u00caMIO<\/strong>\u00a0est\u00e1 in loco em Miami com o rep\u00f3rter\u00a0<strong>Bernardo Castro<\/strong>.<\/p>\n\n\n\n<h2 class=\"wp-block-heading\" id=\"h-gp-de-miami-de-f1-veja-os-horarios-em-brasil-cabo-verde-portugal-angola-e-mocambique\">GP de Miami de F1: veja os hor\u00e1rios em Brasil, Cabo Verde, Portugal, Angola e Mo\u00e7ambique:<\/h2>\n\n\n\n<figure class=\"wp-block-table\"><table class=\"has-fixed-layout\"><tbody><tr><td class=\"has-text-align-left\" data-align=\"left\"><strong>Sess\u00e3o<\/strong><\/td><td class=\"has-text-align-left\" data-align=\"left\"><strong>BRA*<\/strong><\/td><td class=\"has-text-align-left\" data-align=\"left\"><strong>CBV<\/strong><\/td><td class=\"has-text-align-left\" data-align=\"left\"><strong>POR<\/strong><br><strong>ANG<\/strong><\/td><td class=\"has-text-align-left\" data-align=\"left\"><strong>MOZ<\/strong><\/td><\/tr><tr><td class=\"has-text-align-left\" data-align=\"left\">Treino livre 1<\/td><td class=\"has-text-align-left\" data-align=\"left\">13:00<\/td><td class=\"has-text-align-left\" data-align=\"left\">15:00<\/td><td class=\"has-text-align-left\" data-align=\"left\">17:00<\/td><td class=\"has-text-align-left\" data-align=\"left\">18:00<\/td><\/tr><tr><td class=\"has-text-align-left\" data-align=\"left\">Classifica\u00e7\u00e3o Sprint<\/td><td class=\"has-text-align-left\" data-align=\"left\">17:30<\/td><td class=\"has-text-align-left\" data-align=\"left\">19:30<\/td><td class=\"has-text-align-left\" data-align=\"left\">21:30<\/td><td class=\"has-text-align-left\" data-align=\"left\">22:30<\/td><\/tr><tr><td class=\"has-text-align-left\" data-align=\"left\">Corrida Sprint<\/td><td class=\"has-text-align-left\" data-align=\"left\">13:00<\/td><td class=\"has-text-align-left\" data-align=\"left\">15:00<\/td><td class=\"has-text-align-left\" data-align=\"left\">17:00<\/td><td class=\"has-text-align-left\" data-align=\"left\">18:00<\/td><\/tr><tr><td class=\"has-text-align-left\" data-align=\"left\">Classifica\u00e7\u00e3o<\/td><td class=\"has-text-align-left\" data-align=\"left\">17:00<\/td><td class=\"has-text-align-left\" data-align=\"left\">19:00<\/td><td class=\"has-text-align-left\" data-align=\"left\">21:00<\/td><td class=\"has-text-align-left\" data-align=\"left\">22:00<\/td><\/tr><tr><td class=\"has-text-align-left\" data-align=\"left\">Corrida<\/td><td class=\"has-text-align-left\" data-align=\"left\">17:00<\/td><td class=\"has-text-align-left\" data-align=\"left\">19:00<\/td><td class=\"has-text-align-left\" data-align=\"left\">21:00<\/td><td class=\"has-text-align-left\" data-align=\"left\">22:00<\/td><\/tr><\/tbody><\/table><\/figure>\n\n\n\n<p class=\"wp-block-paragraph\">\u25b6\ufe0f\u00a0<strong>Inscreva-se nos dois canais do GRANDE PR\u00caMIO no YouTube:\u00a0<a href=\"https:\/\/www.youtube.com\/channel\/UC9OlHEgxoaY6QY6nWPoiqQg?sub_confirmation=1\">GP<\/a>\u00a0|\u00a0<a href=\"https:\/\/www.youtube.com\/channel\/UC9csiS6q_C3C0FYhyr1rnFA?sub_confirmation=1\">GPTV<\/a><\/strong><a href=\"https:\/\/www.grandepremio.com\/br\/chefao\/\" target=\"_blank\" rel=\"noreferrer noopener\"><\/a><\/p>\n\n\n\n<h2 class=\"wp-block-heading\" id=\"h-f1-hoje-saiba-aqui-as-noticias-mais-importantes-do-dia-da-formula-1\">F1 hoje: saiba aqui as not\u00edcias mais importantes do dia da F\u00f3rmula 1<\/h2>\n\n\n\n<p class=\"wp-block-paragraph\">A reda\u00e7\u00e3o do&nbsp;<strong>GRANDE PR\u00caMIO<\/strong>&nbsp;selecionou as not\u00edcias mais importantes das \u00faltimas horas para voc\u00ea ficar por dentro de tudo que acontece na F1.<\/p>\n\n\n\n<p class=\"wp-block-paragraph\">\u25b6\ufe0f\u00a0<a href=\"https:\/\/www.grandepremio.com\/br\/f1\/noticias\/fia-amplia-mudancas-regras-f1-proibe-uso-modo-boost-condicoes-chuva\/\"><\/a><strong><a href=\"https:\/\/www.grandepremio.com\/br\/f1\/noticias\/por-que-protocolo-raios-coloca-realizacao-gp-miami-f1-risco\/\">Por que protocolo de raios coloca realiza\u00e7\u00e3o do GP de Miami de F1 em risco<\/a><\/strong><br>\u25b6\ufe0f\u00a0<a href=\"https:\/\/www.grandepremio.com\/br\/f1\/noticias\/fia-abre-debate-motores-futuro-diz-f1-nao-pode-ser-refem-montadoras\/\"><\/a><strong><a href=\"https:\/\/www.grandepremio.com\/br\/f1\/noticias\/fia-monta-plano-contingencia-reduzir-impacto-tempestades-gp-miami\/\">FIA monta plano de conting\u00eancia para reduzir impacto de tempestades em GP de Miami<\/a><\/strong><br>\u25b6\ufe0f\u00a0<strong><a href=\"https:\/\/www.grandepremio.com\/br\/galeria\/f1\/george-russell-lewis-hamilton-livres-gabriel-bortoleto-garantido-estao-contratos-f1\/\"><\/a><a href=\"https:\/\/www.grandepremio.com\/br\/f1\/noticias\/ceo-f1-revela-conversa-faz-apelo-por-fico-max-verstappen-espero-que-continue\/\">CEO da F1 revela conversa e faz apelo por \u2018fico\u2019 de Verstappen: \u201cEspero que continue\u201d<\/a><br><\/strong>\u25b6\ufe0f\u00a0<strong><a href=\"https:\/\/www.grandepremio.com\/br\/f1\/noticias\/audi-mantem-foco-2030-mudanca-profunda-conceito-motor-formula-1\/\"><\/a><a href=\"https:\/\/www.grandepremio.com\/br\/f1\/noticias\/gabriel-bortoleto-ve-ajustes-f1-na-direcao-certa-mas-avisa-nao-acho-va-mudar-muito\/\">Bortoleto v\u00ea ajustes da F1 \u201cna dire\u00e7\u00e3o certa\u201d, mas avisa: \u201cN\u00e3o acho que v\u00e1 mudar muito\u201d<\/a><br><\/strong>\u25b6\ufe0f\u00a0<strong><a href=\"https:\/\/www.grandepremio.com\/br\/f1\/noticias\/honda-intensifica-combate-vibracoes-leva-carro-aston-martin-testes-japao\/\"><\/a><a href=\"https:\/\/www.grandepremio.com\/br\/galeria\/f1\/programacao-f1-gp-miami-horarios-etapa-estados-unidos\/\">A programa\u00e7\u00e3o da F1 no GP de Miami: os hor\u00e1rios da etapa nos Estados Unidos<\/a><\/strong><\/p>\n","protected":false},"excerpt":{"rendered":"<p>Jan Monchaux, diretor-t\u00e9cnico da FIA, afirmou que possui conversas em andamento com as fabricantes de motores desde o ano passado e que o objetivo \u00e9 definir as bases do novo regulamento o quanto antes<\/p>\n","protected":false},"author":0,"featured_media":1001073203,"comment_status":"closed","ping_status":"closed","sticky":false,"template":"","format":"standard","meta":{"42wp_featured_image_caption":"","42wp_featured_image_credits":"","42wp_featured_video":"","42wp_featured_image_hidden":false,"42wp_authors_list":[],"footnotes":""},"categories":[2],"tags":[27776,34186,27487,38407,45462,5660,8235,45463,969,147,29516,642,11958,160,45554,103,180,31425,1491,30103,28285],"42wp_author":[47160],"class_list":["post-9546","post","type-post","status-publish","format-standard","has-post-thumbnail","hentry","category-f1","tag-assistir-f1-ao-vivo","tag-assistir-f1-gratis","tag-assistir-f1-online","tag-calendario-f1-2026","tag-calendario-f1-2026-horarios","tag-classificacao","tag-classificacao-da-f1","tag-classificacao-f1-2026","tag-corrida","tag-f1","tag-f1-2026","tag-f1-ao-vivo","tag-f1-live","tag-f1-tv","tag-f1-tv-2026","tag-fia","tag-formula-1","tag-formula-1-2026","tag-grande-premio","tag-grande-premio-f1","tag-grandepremio","42wp_author-vicente-soella"],"_links":{"self":[{"href":"https:\/\/grandepremio.com\/br\/wp-json\/wp\/v2\/posts\/9546","targetHints":{"allow":["GET"]}}],"collection":[{"href":"https:\/\/grandepremio.com\/br\/wp-json\/wp\/v2\/posts"}],"about":[{"href":"https:\/\/grandepremio.com\/br\/wp-json\/wp\/v2\/types\/post"}],"replies":[{"embeddable":true,"href":"https:\/\/grandepremio.com\/br\/wp-json\/wp\/v2\/comments?post=9546"}],"version-history":[{"count":0,"href":"https:\/\/grandepremio.com\/br\/wp-json\/wp\/v2\/posts\/9546\/revisions"}],"wp:featuredmedia":[{"embeddable":true,"href":"https:\/\/grandepremio.com\/br\/wp-json\/wp\/v2\/media\/1001073203"}],"wp:attachment":[{"href":"https:\/\/grandepremio.com\/br\/wp-json\/wp\/v2\/media?parent=9546"}],"wp:term":[{"taxonomy":"category","embeddable":true,"href":"https:\/\/grandepremio.com\/br\/wp-json\/wp\/v2\/categories?post=9546"},{"taxonomy":"post_tag","embeddable":true,"href":"https:\/\/grandepremio.com\/br\/wp-json\/wp\/v2\/tags?post=9546"},{"taxonomy":"42wp_author","embeddable":true,"href":"https:\/\/grandepremio.com\/br\/wp-json\/wp\/v2\/42wp_author?post=9546"}],"curies":[{"name":"wp","href":"https:\/\/api.w.org\/{rel}","templated":true}]}}