{"id":9557,"date":"2026-04-30T17:22:25","date_gmt":"2026-04-30T20:22:25","guid":{"rendered":"https:\/\/grandepremio.com\/br\/noticias\/charles-leclerc-minimiza-efeito-ajuste-largada-ferrari-f1-nao-muda-nada\/"},"modified":"2026-04-30T17:24:01","modified_gmt":"2026-04-30T20:24:01","slug":"charles-leclerc-minimiza-efeito-ajuste-largada-ferrari-f1-nao-muda-nada","status":"publish","type":"post","link":"https:\/\/grandepremio.com\/br\/f1\/charles-leclerc-minimiza-efeito-ajuste-largada-ferrari-f1-nao-muda-nada\/","title":{"rendered":"Leclerc minimiza efeito de ajuste em largada para Ferrari na F1: &#8220;N\u00e3o muda nada&#8221;"},"content":{"rendered":"\n<p class=\"wp-block-paragraph\">Prestes a voltar \u00e0 pista neste fim de semana para o <strong>GP de Miami<\/strong>, quarta etapa da temporada 2026, <strong>Charles Leclerc<\/strong> disse que ficou satisfeito com <a href=\"https:\/\/www.grandepremio.com\/br\/f1\/noticias\/fia-ajusta-energia-anuncia-mudancas-regulamento-f1-2026-gp-de-miami\/\">os ajustes feitos pela <strong>Federa\u00e7\u00e3o Internacional de Automobilismo<\/strong> (<strong>FIA<\/strong>) no regulamento<\/a> da <strong>F\u00f3rmula 1<\/strong>. Em resposta ao <strong>GRANDE PR\u00caMIO<\/strong> durante a coletiva desta quinta-feira (30), o monegasco ainda negou que a mudan\u00e7a na largada vai prejudicar a <strong>Ferrari<\/strong>.<\/p>\n\n\n\n<p class=\"wp-block-paragraph\">Durante a pausa for\u00e7ada da categoria no m\u00eas de abril, devido ao adiamento das etapas no <strong>Bahrein<\/strong> e na <strong>Ar\u00e1bia Saudita<\/strong>, as partes interessadas se reuniram para aplicar algumas altera\u00e7\u00f5es nas regras. E tudo isso com dois objetivos em mente: aumentar a seguran\u00e7a nas disputas de pista \u2014 principalmente ap\u00f3s <a href=\"https:\/\/www.grandepremio.com\/br\/video\/f1\/oliver-bearman-perde-controle-alta-velocidade-bate-forte-gp-do-japao\/\">o acidente de <strong>Oliver Bearman<\/strong> no <strong>Jap\u00e3o<\/strong><\/a> \u2014 e reduzir a necessidade de os pilotos terem de fazer manobras contraintuitivas para recuperar energia, como o <em>lift and coast<\/em> e o <em>super clipping<\/em>, por exemplo.<\/p>\n\n\n\n<figure class=\"wp-block-embed is-type-video is-provider-youtube wp-block-embed-youtube wp-embed-aspect-16-9 wp-has-aspect-ratio\"><div class=\"wp-block-embed__wrapper\">\n<iframe loading=\"lazy\" title=\"AUDI ADMITE: SOFRE COM MOTOR + F1 VIVE MEDO DE PUNI\u00c7\u00c3O EM MIAMI | TTGP #217\" width=\"500\" height=\"281\" src=\"https:\/\/www.youtube.com\/embed\/d_xRPqCaEe0?feature=oembed\" frameborder=\"0\" allow=\"accelerometer; autoplay; clipboard-write; encrypted-media; gyroscope; picture-in-picture; web-share\" referrerpolicy=\"strict-origin-when-cross-origin\" allowfullscreen><\/iframe>\n<\/div><\/figure>\n\n\n\n<h3 class=\"wp-block-heading has-vivid-red-color has-text-color has-link-color wp-elements-1\" id=\"h-gp-experience-o-novo-produto-do-grande-premio-conecta-voce-aos-maiores-eventos-de-esporte-a-motor-do-mundo-va-para-indianapolis-com-a-gente-saiba-aqui-todos-os-detalhes\"><strong>+ GP EXPERIENCE: o novo produto do GRANDE PR\u00caMIO conecta voc\u00ea aos maiores eventos de esporte a motor do mundo. V\u00e1 para Indian\u00e1polis com a gente:\u00a0<a href=\"https:\/\/gpexperience.tur.br\/\">saiba aqui todos os detalhes<\/a>.<\/strong><\/h3>\n\n\n\n<p class=\"wp-block-paragraph\">&#8220;Tivemos muitas conversas \u2014 eu, pessoalmente, senti que fui ouvido \u2014 e acho que foram muito positivas, porque houve uma \u00f3tima coes\u00e3o entre os pilotos. Normalmente somos programados para olhar apenas para desempenho, mas nessas discuss\u00f5es realmente deixamos o desempenho um pouco de lado e pensamos no que queremos, como pilotos, ao guiar esses carros, para que a sensa\u00e7\u00e3o seja um pouco mais &#8216;<strong>F1<\/strong>&#8216;, especialmente na classifica\u00e7\u00e3o. Foi uma maneira muito boa de trabalhar em conjunto&#8221;, come\u00e7ou Leclerc.<\/p>\n\n\n\n<p class=\"wp-block-paragraph\">&#8220;Claro, estamos lidando com certas limita\u00e7\u00f5es, e a FIA tamb\u00e9m, assim como as equipes, e h\u00e1 coisas que s\u00e3o simplesmente imposs\u00edveis de mudar no curto prazo. Mas fazer parte do processo, pensar junto com eles e tamb\u00e9m mostrar o que sentimos dentro do carro foi extremamente \u00fatil. Ent\u00e3o acho que \u00e9 um bom passo na dire\u00e7\u00e3o certa&#8221;, acrescentou.<\/p>\n\n\n\n<p class=\"wp-block-paragraph\">&#8220;Imagino que a FIA tamb\u00e9m vai ajustar com base no que veremos na pista neste fim de semana e entender se essa \u00e9 a dire\u00e7\u00e3o correta ou n\u00e3o, porque o carro como um todo \u00e9 t\u00e3o complexo hoje que qualquer mudan\u00e7a afeta um pouco aqui e ali, e at\u00e9 coisas que voc\u00ea n\u00e3o esperava. Ent\u00e3o, trata-se de n\u00e3o reagir de forma exagerada, de n\u00e3o fazer mudan\u00e7as grandes demais, o que acredito ser a abordagem correta. Estou satisfeito com a mudan\u00e7a&#8221;, avaliou o piloto da Ferrari.<\/p>\n\n\n\n<figure class=\"wp-block-image size-large\"><img decoding=\"async\" src=\"https:\/\/www.grandepremio.com\/br\/wp-content\/uploads\/2026\/03\/treinos-livres-f1-2026-ferrari-charles-leclerc-01-1200x800.jpg\" alt=\"\" class=\"wp-image-1072586\"\/><figcaption class=\"wp-element-caption\">Charles Leclerc falou sobre a mudan\u00e7a na largada (Foto: Ferrari)<\/figcaption><\/figure>\n\n\n\n<p class=\"wp-block-paragraph\">Dentre os ajustes, h\u00e1 um em particular que pode afetar diretamente a Ferrari. Isso porque foi definido um novo sistema de &#8220;detec\u00e7\u00e3o de baixa pot\u00eancia na largada&#8221;, capaz de identificar carros com acelera\u00e7\u00e3o anormalmente baixa logo ap\u00f3s a libera\u00e7\u00e3o da embreagem. Nesses casos, o MGU-K ser\u00e1 ativado automaticamente para garantir um n\u00edvel m\u00ednimo de acelera\u00e7\u00e3o e mitigar quaisquer riscos.<\/p>\n\n\n\n<p class=\"wp-block-paragraph\">Vale lembrar que o time de Maranello teve uma vantagem nesse quesito durante as tr\u00eas primeiras corridas, j\u00e1 que o turbocompressor menor em rela\u00e7\u00e3o ao das rivais ajuda <strong>Lewis Hamilton<\/strong> e Leclerc a sa\u00edrem com muito mais facilidade. No entanto, apesar da mudan\u00e7a, o dono da <strong>SF-26 #16<\/strong> negou que a escuderia italiana se sinta prejudicada.<\/p>\n\n\n\n<p class=\"wp-block-paragraph\">&#8220;N\u00e3o acho que isso v\u00e1 afetar o desempenho das equipes na largada. Trata-se mais de uma forma de sair do caminho caso haja uma largada muito, muito, muito ruim. Mas, se voc\u00ea tiver uma largada aceit\u00e1vel, acredito que n\u00e3o vai mudar nada para ningu\u00e9m&#8221;, encerrou.<\/p>\n\n\n\n<p class=\"wp-block-paragraph\">A F\u00f3rmula 1 volta neste fim de semana, de 1\u00ba a 3 de maio, com o\u00a0<strong>GP de Miami<\/strong>, quarta etapa da temporada. O\u00a0<strong>GRANDE PR\u00caMIO<\/strong>\u00a0acompanha todas as atividades\u00a0<a href=\"https:\/\/www.grandepremio.com\/br\/ao-vivo\/f1\/\"><strong>AO VIVO E EM\u00a0<\/strong><\/a><strong><a href=\"https:\/\/www.grandepremio.com\/br\/ao-vivo\/\" target=\"_blank\" rel=\"noreferrer noopener\">TEMPO REAL<\/a><\/strong>,\u00a0<a href=\"https:\/\/www.youtube.com\/@GrandePremio1\/streams\">al\u00e9m de classifica\u00e7\u00f5es e corridas em\u00a0<strong>SEGUNDA TELA\u00a0<\/strong>no YouTube<\/a>, em parceria com a\u00a0<strong>Voz do Esporte<\/strong>. O\u00a0<strong>Briefing\u00a0<\/strong>chega para analisar ap\u00f3s o fim de cada dia de atividades nas redes sociais e na\u00a0<strong>GPTV<\/strong>.<\/p>\n\n\n\n<p class=\"wp-block-paragraph\">Al\u00e9m disso, o&nbsp;<strong>GRANDE PR\u00caMIO<\/strong>&nbsp;estar\u00e1 in loco em Miami com o rep\u00f3rter&nbsp;<strong>Bernardo Castro<\/strong>.<\/p>\n\n\n\n<h2 class=\"wp-block-heading\" id=\"h-gp-de-miami-de-f1-veja-os-horarios-em-brasil-cabo-verde-portugal-angola-e-mocambique\">GP de Miami de F1: veja os hor\u00e1rios em Brasil, Cabo Verde, Portugal, Angola e Mo\u00e7ambique:<\/h2>\n\n\n\n<figure class=\"wp-block-table\"><table class=\"has-fixed-layout\"><tbody><tr><td class=\"has-text-align-left\" data-align=\"left\"><strong>Sess\u00e3o<\/strong><\/td><td class=\"has-text-align-left\" data-align=\"left\"><strong>BRA*<\/strong><\/td><td class=\"has-text-align-left\" data-align=\"left\"><strong>CBV<\/strong><\/td><td class=\"has-text-align-left\" data-align=\"left\"><strong>POR<\/strong><br><strong>ANG<\/strong><\/td><td class=\"has-text-align-left\" data-align=\"left\"><strong>MOZ<\/strong><\/td><\/tr><tr><td class=\"has-text-align-left\" data-align=\"left\">Treino livre 1<\/td><td class=\"has-text-align-left\" data-align=\"left\">13:00<\/td><td class=\"has-text-align-left\" data-align=\"left\">15:00<\/td><td class=\"has-text-align-left\" data-align=\"left\">17:00<\/td><td class=\"has-text-align-left\" data-align=\"left\">18:00<\/td><\/tr><tr><td class=\"has-text-align-left\" data-align=\"left\">Classifica\u00e7\u00e3o Sprint<\/td><td class=\"has-text-align-left\" data-align=\"left\">17:30<\/td><td class=\"has-text-align-left\" data-align=\"left\">19:30<\/td><td class=\"has-text-align-left\" data-align=\"left\">21:30<\/td><td class=\"has-text-align-left\" data-align=\"left\">22:30<\/td><\/tr><tr><td class=\"has-text-align-left\" data-align=\"left\">Corrida Sprint<\/td><td class=\"has-text-align-left\" data-align=\"left\">13:00<\/td><td class=\"has-text-align-left\" data-align=\"left\">15:00<\/td><td class=\"has-text-align-left\" data-align=\"left\">17:00<\/td><td class=\"has-text-align-left\" data-align=\"left\">18:00<\/td><\/tr><tr><td class=\"has-text-align-left\" data-align=\"left\">Classifica\u00e7\u00e3o<\/td><td class=\"has-text-align-left\" data-align=\"left\">17:00<\/td><td class=\"has-text-align-left\" data-align=\"left\">19:00<\/td><td class=\"has-text-align-left\" data-align=\"left\">21:00<\/td><td class=\"has-text-align-left\" data-align=\"left\">22:00<\/td><\/tr><tr><td class=\"has-text-align-left\" data-align=\"left\">Corrida<\/td><td class=\"has-text-align-left\" data-align=\"left\">17:00<\/td><td class=\"has-text-align-left\" data-align=\"left\">19:00<\/td><td class=\"has-text-align-left\" data-align=\"left\">21:00<\/td><td class=\"has-text-align-left\" data-align=\"left\">22:00<\/td><\/tr><\/tbody><\/table><\/figure>\n\n\n\n<p class=\"wp-block-paragraph\">\u25b6\ufe0f\u00a0<strong>Inscreva-se nos dois canais do GRANDE PR\u00caMIO no YouTube:\u00a0<a href=\"https:\/\/www.youtube.com\/channel\/UC9OlHEgxoaY6QY6nWPoiqQg?sub_confirmation=1\">GP<\/a>\u00a0|\u00a0<a href=\"https:\/\/www.youtube.com\/channel\/UC9csiS6q_C3C0FYhyr1rnFA?sub_confirmation=1\">GPTV<\/a><\/strong><a href=\"https:\/\/www.grandepremio.com\/br\/chefao\/\" target=\"_blank\" rel=\"noreferrer noopener\"><\/a><\/p>\n\n\n\n<h2 class=\"wp-block-heading\" id=\"h-f1-hoje-saiba-aqui-as-noticias-mais-importantes-do-dia-da-formula-1\">F1 hoje: saiba aqui as not\u00edcias mais importantes do dia da F\u00f3rmula 1<\/h2>\n\n\n\n<p class=\"wp-block-paragraph\">A reda\u00e7\u00e3o do&nbsp;<strong>GRANDE PR\u00caMIO<\/strong>&nbsp;selecionou as not\u00edcias mais importantes das \u00faltimas horas para voc\u00ea ficar por dentro de tudo que acontece na F1.<\/p>\n\n\n\n<p class=\"wp-block-paragraph\">\u25b6\ufe0f\u00a0<a href=\"https:\/\/www.grandepremio.com\/br\/f1\/noticias\/fia-amplia-mudancas-regras-f1-proibe-uso-modo-boost-condicoes-chuva\/\"><strong><a href=\"https:\/\/www.grandepremio.com\/br\/f1\/noticias\/por-que-protocolo-raios-coloca-realizacao-gp-miami-f1-risco\/\">Por que protocolo de raios coloca realiza\u00e7\u00e3o do GP de Miami de F1 em risco<\/a><\/strong><\/a><br>\u25b6\ufe0f\u00a0<a href=\"https:\/\/www.grandepremio.com\/br\/f1\/noticias\/fia-abre-debate-motores-futuro-diz-f1-nao-pode-ser-refem-montadoras\/\"><strong><a href=\"https:\/\/www.grandepremio.com\/br\/f1\/noticias\/fia-monta-plano-contingencia-reduzir-impacto-tempestades-gp-miami\/\">FIA monta plano de conting\u00eancia para reduzir impacto de tempestades em GP de Miami<\/a><\/strong><\/a><br>\u25b6\ufe0f\u00a0<strong><a href=\"https:\/\/www.grandepremio.com\/br\/galeria\/f1\/george-russell-lewis-hamilton-livres-gabriel-bortoleto-garantido-estao-contratos-f1\/\"><a href=\"https:\/\/www.grandepremio.com\/br\/f1\/noticias\/ceo-f1-revela-conversa-faz-apelo-por-fico-max-verstappen-espero-que-continue\/\">CEO da F1 revela conversa e faz apelo por \u2018fico\u2019 de Verstappen: \u201cEspero que continue\u201d<\/a><\/a><br><\/strong>\u25b6\ufe0f\u00a0<strong><a href=\"https:\/\/www.grandepremio.com\/br\/f1\/noticias\/audi-mantem-foco-2030-mudanca-profunda-conceito-motor-formula-1\/\"><a href=\"https:\/\/www.grandepremio.com\/br\/f1\/noticias\/gabriel-bortoleto-ve-ajustes-f1-na-direcao-certa-mas-avisa-nao-acho-va-mudar-muito\/\">Bortoleto v\u00ea ajustes da F1 \u201cna dire\u00e7\u00e3o certa\u201d, mas avisa: \u201cN\u00e3o acho que v\u00e1 mudar muito\u201d<\/a><\/a><br><\/strong>\u25b6\ufe0f\u00a0<strong><a href=\"https:\/\/www.grandepremio.com\/br\/f1\/noticias\/honda-intensifica-combate-vibracoes-leva-carro-aston-martin-testes-japao\/\"><a href=\"https:\/\/www.grandepremio.com\/br\/galeria\/f1\/programacao-f1-gp-miami-horarios-etapa-estados-unidos\/\">A programa\u00e7\u00e3o da F1 no GP de Miami: os hor\u00e1rios da etapa nos Estados Unidos<\/a><\/a><\/strong><\/p>\n","protected":false},"excerpt":{"rendered":"<p>Charles Leclerc lembrou das conversas que levaram aos ajustes nas regras por parte da FIA e disse que est\u00e1 tranquilo em rela\u00e7\u00e3o \u00e0 mudan\u00e7a feita para a largada, um dos pontos fortes da Ferrari na temporada 2026<\/p>\n","protected":false},"author":0,"featured_media":1001073418,"comment_status":"closed","ping_status":"closed","sticky":false,"template":"","format":"standard","meta":{"42wp_featured_image_caption":"","42wp_featured_image_credits":"","42wp_featured_video":"","42wp_featured_image_hidden":false,"42wp_authors_list":[],"footnotes":""},"categories":[2],"tags":[26271,209,5273,896,147,29516,29148,207,180,31425,28995,873,34737,1491,28285,2834,30840,2470,45747,31473,35129,31470],"42wp_author":[47149,47160],"class_list":["post-9557","post","type-post","status-publish","format-standard","has-post-thumbnail","hentry","category-f1","tag-calendario-f1","tag-charles-leclerc","tag-classificacao-f1","tag-estados-unidos","tag-f1","tag-f1-2026","tag-f1-hoje","tag-ferrari","tag-formula-1","tag-formula-1-2026","tag-formula-1-hoje","tag-gp-de-miami","tag-gp-de-miami-f1","tag-grande-premio","tag-grandepremio","tag-hard-rock-stadium","tag-horarios-f1","tag-miami","tag-miami-2026","tag-miami-f1","tag-onde-assistir-f1","tag-temporada-2026-f1","42wp_author-bernardo-castro","42wp_author-vicente-soella"],"_links":{"self":[{"href":"https:\/\/grandepremio.com\/br\/wp-json\/wp\/v2\/posts\/9557","targetHints":{"allow":["GET"]}}],"collection":[{"href":"https:\/\/grandepremio.com\/br\/wp-json\/wp\/v2\/posts"}],"about":[{"href":"https:\/\/grandepremio.com\/br\/wp-json\/wp\/v2\/types\/post"}],"replies":[{"embeddable":true,"href":"https:\/\/grandepremio.com\/br\/wp-json\/wp\/v2\/comments?post=9557"}],"version-history":[{"count":0,"href":"https:\/\/grandepremio.com\/br\/wp-json\/wp\/v2\/posts\/9557\/revisions"}],"wp:featuredmedia":[{"embeddable":true,"href":"https:\/\/grandepremio.com\/br\/wp-json\/wp\/v2\/media\/1001073418"}],"wp:attachment":[{"href":"https:\/\/grandepremio.com\/br\/wp-json\/wp\/v2\/media?parent=9557"}],"wp:term":[{"taxonomy":"category","embeddable":true,"href":"https:\/\/grandepremio.com\/br\/wp-json\/wp\/v2\/categories?post=9557"},{"taxonomy":"post_tag","embeddable":true,"href":"https:\/\/grandepremio.com\/br\/wp-json\/wp\/v2\/tags?post=9557"},{"taxonomy":"42wp_author","embeddable":true,"href":"https:\/\/grandepremio.com\/br\/wp-json\/wp\/v2\/42wp_author?post=9557"}],"curies":[{"name":"wp","href":"https:\/\/api.w.org\/{rel}","templated":true}]}}