{"id":95601,"date":"2023-11-08T15:00:15","date_gmt":"2023-11-08T18:00:15","guid":{"rendered":"https:\/\/grandepremio.com\/br\/noticias\/pierre-gasly-relata-dificuldade-inicial-adaptacao-alpine-mais-consistente-agora\/"},"modified":"2023-11-08T15:20:31","modified_gmt":"2023-11-08T18:20:31","slug":"pierre-gasly-relata-dificuldade-inicial-adaptacao-alpine-mais-consistente-agora","status":"publish","type":"post","link":"https:\/\/grandepremio.com\/br\/f1\/pierre-gasly-relata-dificuldade-inicial-adaptacao-alpine-mais-consistente-agora\/","title":{"rendered":"Gasly relata dificuldade inicial em adapta\u00e7\u00e3o \u00e0 Alpine, mas se v\u00ea &#8220;mais consistente agora&#8221;"},"content":{"rendered":"\n<p class=\"wp-block-paragraph\"><strong>Pierre Gasly<\/strong> precisou de tempo at\u00e9 conseguir se adaptar \u00e0 <strong>Alpine<\/strong>, equipe que passou a defender ap\u00f3s passar as \u00faltimas tr\u00eas temporadas da <strong>F\u00f3rmula 1<\/strong> com a <strong>AlphaTauri<\/strong>. O franc\u00eas, no entanto, explicou que se tratava de um processo normal, tanto que agora, mais acostumado, tem alcan\u00e7ado resultados melhores gra\u00e7as \u00e0 consist\u00eancia.<\/p>\n\n\n\n<p class=\"wp-block-paragraph\">O assunto foi um dos temas da coletiva de imprensa realizada com os pilotos durante o fim de semana do <strong>GP de S\u00e3o Paulo<\/strong> na \u00faltima quinta-feira (8) e acompanhada pelo <strong>GRANDE PR\u00caMIO<\/strong>. &#8220;No in\u00edcio do ano sofri com a adapta\u00e7\u00e3o e levei algum tempo para extrair o m\u00e1ximo do pacote que temos, em termos de efici\u00eancia&#8221;, come\u00e7ou o piloto ao ser questionado sobre o ano de estreia com a base em Enstone. <\/p>\n\n\n\n<p class=\"wp-block-paragraph\">&#8220;Isso \u00e9 completamente normal quando voc\u00ea entra em um time novo, a forma que voc\u00ea vai trabalhar, a informa\u00e7\u00e3o que voc\u00ea consegue e entender o equil\u00edbrio e as configura\u00e7\u00f5es do carro. Tudo isso leva algumas semanas&#8221;, salientou.<\/p>\n\n\n\n<p class=\"wp-block-paragraph\">At\u00e9 o p\u00f3dio no <strong>GP da Holanda<\/strong>, 13\u00aa etapa da temporada, o melhor resultado de Gasly em 2023 havia sido o s\u00e9timo lugar em <strong>M\u00f4naco<\/strong>, num fim de semana um pouco mais forte que os demais. s\u00f3 que at\u00e9 chegar ao ponto alto em <strong>Zandvoort<\/strong>, Pierre sentia que ainda havia desempenho para tirar da <strong>A523<\/strong>.<\/p>\n\n\n\n<figure class=\"wp-block-image size-large\"><img decoding=\"async\" src=\"https:\/\/www.grandepremio.com\/br\/wp-content\/uploads\/2023\/11\/sao-paulo-2023-f1-treino-livre-alpine-pierre-gasly-02-1024x683.jpg\" alt=\"\" class=\"wp-image-749293\"\/><figcaption class=\"wp-element-caption\">Pierre Gasly foi s\u00e9timo em Interlagos (Foto: Alpine)<\/figcaption><\/figure>\n\n\n\n<p class=\"wp-block-paragraph\">&#8220;\u00c9 um pouco dif\u00edcil, e voc\u00ea precisa saber trabalhar em equipe para extrair tudo do equipamento. At\u00e9 Spa senti que, como time, ainda faltava alguma performance. Fui oitavo, depois sexto, e tive um pouco de falta de sorte durante a temporada. Mas acho que o ponto alto foi em Zandvoort, quando fiquei feliz na forma como trabalhei e colocamos isso em pr\u00e1tica como um time e minimizamos os erros, algo que poder\u00edamos ter feito tamb\u00e9m no in\u00edcio do ano&#8221;, seguiu.<\/p>\n\n\n\n<p class=\"wp-block-paragraph\">No Brasil, Gasly foi apenas o 15\u00ba na classifica\u00e7\u00e3o por conta de um problema no c\u00e2mbio, mas fez boa corrida de recupera\u00e7\u00e3o, alcan\u00e7ando o s\u00e9timo lugar na prova paulistana. Com apenas mais duas etapas pela frente, o #10 finalmente sente que o trabalho com a Alpine est\u00e1 indo &#8220;na dire\u00e7\u00e3o certa&#8221;.<\/p>\n\n\n\n<p class=\"wp-block-paragraph\">&#8220;Do meu lado, tudo est\u00e1 ficando mais claro, estou sendo mais consistente e performando de forma a conseguir melhores resultados&#8221;, finalizou.<\/p>\n\n\n\n<p class=\"wp-block-paragraph\">A\u00a0<a href=\"https:\/\/www.grandepremio.com\/formula-1\/\" target=\"_blank\" rel=\"noreferrer noopener\"><\/a><a href=\"https:\/\/www.grandepremio.com\/formula-1\/\" target=\"_blank\" rel=\"noreferrer noopener\">F\u00f3rmula 1<\/a>\u00a0agora volta em duas semanas, entre os dias 17 e 19 de novembro, com o t\u00e3o esperado\u00a0<strong>GP de Las Vegas<\/strong>.<\/p>\n\n\n\n<p class=\"wp-block-paragraph\"><strong>\u25b6\ufe0f\u00a0Inscreva-se nos dois canais do GRANDE PR\u00caMIO no YouTube:\u00a0<a href=\"https:\/\/www.youtube.com\/channel\/UC9OlHEgxoaY6QY6nWPoiqQg?sub_confirmation=1\" target=\"_blank\" rel=\"noreferrer noopener\">GP<\/a>\u00a0|\u00a0<a href=\"https:\/\/www.youtube.com\/channel\/UC9csiS6q_C3C0FYhyr1rnFA?sub_confirmation=1\" target=\"_blank\" rel=\"noreferrer noopener\">GP2<\/a><\/strong><br><strong>\u25b6\ufe0f\u00a0<a href=\"https:\/\/www.twitch.tv\/grandepremio\" target=\"_blank\" rel=\"noreferrer noopener\">Conhe\u00e7a o canal do GRANDE PR\u00caMIO na Twitch clicando aqui!<\/a><\/strong><\/p>\n\n\n\n<figure class=\"wp-block-embed is-type-video is-provider-youtube wp-block-embed-youtube wp-embed-aspect-16-9 wp-has-aspect-ratio\"><div class=\"wp-block-embed__wrapper\">\n<iframe loading=\"lazy\" title=\"Mercedes SUPERA Red Bull na F1 2026! E a DECIS\u00c3O DE DRUGOVICH | TT GP #121\" width=\"500\" height=\"281\" src=\"https:\/\/www.youtube.com\/embed\/NaLMlw_oniM?feature=oembed\" frameborder=\"0\" allow=\"accelerometer; autoplay; clipboard-write; encrypted-media; gyroscope; picture-in-picture; web-share\" referrerpolicy=\"strict-origin-when-cross-origin\" allowfullscreen><\/iframe>\n<\/div><\/figure>\n","protected":false},"excerpt":{"rendered":"<p>Pierre Gasly explicou que o processo de transi\u00e7\u00e3o de uma equipe para outra na F\u00f3rmula 1 leva tempo, mas agora sente que est\u00e1 &#8220;indo na dire\u00e7\u00e3o certa&#8221; com a Alpine<\/p>\n","protected":false},"author":0,"featured_media":1000748889,"comment_status":"closed","ping_status":"closed","sticky":false,"template":"","format":"standard","meta":{"42wp_featured_image_caption":"","42wp_featured_image_credits":"","42wp_featured_video":"","42wp_featured_image_hidden":false,"42wp_authors_list":[],"footnotes":""},"categories":[2],"tags":[20491,783,26271,5273,147,6533,180,30722,26680,1491,28285,30840,124,37005,32942,35129,676,2380,36977,31447],"42wp_author":[47115,47147],"class_list":["post-95601","post","type-post","status-publish","format-standard","has-post-thumbnail","hentry","category-f1","tag-alpine","tag-brasil","tag-calendario-f1","tag-classificacao-f1","tag-f1","tag-f1-2023","tag-formula-1","tag-formula-1-2023","tag-gp-de-sao-paulo","tag-grande-premio","tag-grandepremio","tag-horarios-f1","tag-interlagos","tag-interlagos-2023","tag-interlagos-f1","tag-onde-assistir-f1","tag-pierre-gasly","tag-sao-paulo","tag-sao-paulo-2023","tag-temporada-2023-f1","42wp_author-evelyn-guimaraes","42wp_author-luana-marino"],"_links":{"self":[{"href":"https:\/\/grandepremio.com\/br\/wp-json\/wp\/v2\/posts\/95601","targetHints":{"allow":["GET"]}}],"collection":[{"href":"https:\/\/grandepremio.com\/br\/wp-json\/wp\/v2\/posts"}],"about":[{"href":"https:\/\/grandepremio.com\/br\/wp-json\/wp\/v2\/types\/post"}],"replies":[{"embeddable":true,"href":"https:\/\/grandepremio.com\/br\/wp-json\/wp\/v2\/comments?post=95601"}],"version-history":[{"count":0,"href":"https:\/\/grandepremio.com\/br\/wp-json\/wp\/v2\/posts\/95601\/revisions"}],"wp:featuredmedia":[{"embeddable":true,"href":"https:\/\/grandepremio.com\/br\/wp-json\/wp\/v2\/media\/1000748889"}],"wp:attachment":[{"href":"https:\/\/grandepremio.com\/br\/wp-json\/wp\/v2\/media?parent=95601"}],"wp:term":[{"taxonomy":"category","embeddable":true,"href":"https:\/\/grandepremio.com\/br\/wp-json\/wp\/v2\/categories?post=95601"},{"taxonomy":"post_tag","embeddable":true,"href":"https:\/\/grandepremio.com\/br\/wp-json\/wp\/v2\/tags?post=95601"},{"taxonomy":"42wp_author","embeddable":true,"href":"https:\/\/grandepremio.com\/br\/wp-json\/wp\/v2\/42wp_author?post=95601"}],"curies":[{"name":"wp","href":"https:\/\/api.w.org\/{rel}","templated":true}]}}