{"id":95620,"date":"2023-11-08T11:15:04","date_gmt":"2023-11-08T14:15:04","guid":{"rendered":"https:\/\/grandepremio.com\/br\/noticias\/red-bull-elogia-sergio-perez-focar-basico-sao-paulo-checo-conhecemos\/"},"modified":"2023-11-08T15:19:15","modified_gmt":"2023-11-08T18:19:15","slug":"red-bull-elogia-sergio-perez-focar-basico-sao-paulo-checo-conhecemos","status":"publish","type":"post","link":"https:\/\/grandepremio.com\/br\/f1\/red-bull-elogia-sergio-perez-focar-basico-sao-paulo-checo-conhecemos\/","title":{"rendered":"Red Bull elogia P\u00e9rez por &#8220;focar no b\u00e1sico&#8221; em S\u00e3o Paulo: &#8220;Esse \u00e9 o Checo que conhecemos&#8221;"},"content":{"rendered":"\n<p class=\"wp-block-paragraph\">O terceiro lugar de <strong>Sergio P\u00e9rez<\/strong> na sprint e o quarto lugar no <strong>GP de S\u00e3o Paulo<\/strong> ap\u00f3s o pega sensacional contra <strong>Fernando Alonso<\/strong> pelo p\u00f3dio deixaram <strong>Christian Horner<\/strong> <a href=\"https:\/\/www.grandepremio.com\/br\/f1\/noticias\/red-bull-exalta-grande-recuperacao-sergio-perez-sao-paulo-tem-ficar-satisfeito\/\" class=\"ek-link\">feliz com a pilotagem do mexicano<\/a>. Na vis\u00e3o do chefe da <strong>Red Bull<\/strong>, P\u00e9rez conseguiu enfim mostrar &#8220;do que \u00e9 capaz&#8221; por ter focado &#8220;no b\u00e1sico&#8221;.<\/p>\n\n\n\n<p class=\"wp-block-paragraph\">Foi o melhor fim de semana de P\u00e9rez em termos de pontos somados desde o <strong>GP da It\u00e1lia<\/strong>, quando cruzou a linha de chegada em segundo. Ao todo, o #11 deixou <strong>Interlagos<\/strong> com 18 pontos contra seis de <strong>Lewis Hamilton<\/strong>, seu principal advers\u00e1rio na briga pelo vice-campeonato de 2023 e que teve um final de semana para esquecer com a <strong>Mercedes<\/strong>.<\/p>\n\n\n\n<p class=\"wp-block-paragraph\">Ap\u00f3s a prova realizada no \u00faltimo domingo, Horner teceu elogios ao comandado. &#8220;Acho que ele pilotou muito bem. Ele teve uma pequena oscila\u00e7\u00e3o na [curva] 2, e isso permitiu a Fernando, que foi muito r\u00e1pido hoje (domingo) nas retas, tentar [a ultrapassagem]. Ele fez o m\u00e1ximo para segur\u00e1-lo&#8221;, avaliou.<\/p>\n\n\n\n<p class=\"wp-block-paragraph\">&#8220;Mas por Checo ter superado Lewis em 12 pontos aqui, foi um final de semana muito forte&#8221;, celebrou o dirigente. &#8220;Terceiro na sprint, quarto partindo de nono no grid, pela bandeira amarela na classifica\u00e7\u00e3o, acho que houve pontos muito bons para ele&#8221;, completou.<\/p>\n\n\n\n<figure class=\"wp-block-image size-large\"><img decoding=\"async\" src=\"https:\/\/www.grandepremio.com\/br\/wp-content\/uploads\/2023\/11\/Alonso-e-Perez-em-Sao-Paulo-1-1024x576.jpg\" alt=\"\" class=\"wp-image-751725\"\/><figcaption class=\"wp-element-caption\">Alonso e P\u00e9rez protagonizaram um dos melhores lances da temporada 2023 em S\u00e3o Paulo (Foto: reprodu\u00e7\u00e3o\/F1 TV)<\/figcaption><\/figure>\n\n\n\n<p class=\"wp-block-paragraph\">Da It\u00e1lia para c\u00e1, P\u00e9rez teve uma sequ\u00eancia muito complicada: em tr\u00eas GPs (Singapura, Jap\u00e3o e Catar), somou apenas cinco pontos, performance que fez o pr\u00f3prio Horner cobrar o mexicano publicamente a &#8220;voltar desesperadamente \u00e0 melhor forma&#8221;, caso contr\u00e1rio seria superado por Hamilton na tabela. O pedido foi atendido.<\/p>\n\n\n\n<p class=\"wp-block-paragraph\">&#8220;Acho que ele est\u00e1 se concentrando mais no b\u00e1sico. E est\u00e1 dando certo para ele&#8221;, continuou Horner, emendando que o GP de S\u00e3o Paulo &#8220;foi importante para a confian\u00e7a&#8221; de P\u00e9rez. <\/p>\n\n\n\n<p class=\"wp-block-paragraph\">&#8220;Este \u00e9 o Checo que conhecemos e sabemos do que \u00e9 capaz. Vai dar a ele o impulso que era necess\u00e1rio para Las Vagas, outra pista de rua, onde ele sempre vai bem. E uma semana depois \u00e9 Abu Dhabi&#8221;, finalizou.<\/p>\n\n\n\n<p class=\"wp-block-paragraph\"><strong>\u25b6\ufe0f\u00a0Inscreva-se nos dois canais do GRANDE PR\u00caMIO no YouTube:\u00a0<a href=\"https:\/\/www.youtube.com\/channel\/UC9OlHEgxoaY6QY6nWPoiqQg?sub_confirmation=1\" target=\"_blank\" rel=\"noreferrer noopener\">GP<\/a>\u00a0|\u00a0<a href=\"https:\/\/www.youtube.com\/channel\/UC9csiS6q_C3C0FYhyr1rnFA?sub_confirmation=1\" target=\"_blank\" rel=\"noreferrer noopener\">GP<\/a><\/strong><br><strong>\u25b6\ufe0f\u00a0<a href=\"https:\/\/www.twitch.tv\/grandepremio\" target=\"_blank\" rel=\"noreferrer noopener\">Conhe\u00e7a o canal do GRANDE PR\u00caMIO na Twitch clicando aqui!<\/a><\/strong><\/p>\n\n\n\n<figure class=\"wp-block-embed is-type-video is-provider-youtube wp-block-embed-youtube wp-embed-aspect-16-9 wp-has-aspect-ratio\"><div class=\"wp-block-embed__wrapper\">\n<iframe loading=\"lazy\" title=\"ENZO FITTIPALDI testa na INDY: Qual pr\u00f3ximo passo? | GP \u00e0s 10\" width=\"500\" height=\"281\" src=\"https:\/\/www.youtube.com\/embed\/_B-b-bY4O7s?feature=oembed\" frameborder=\"0\" allow=\"accelerometer; autoplay; clipboard-write; encrypted-media; gyroscope; picture-in-picture; web-share\" referrerpolicy=\"strict-origin-when-cross-origin\" allowfullscreen><\/iframe>\n<\/div><\/figure>\n","protected":false},"excerpt":{"rendered":"<p>Christian Horner, chefe da Red Bull, fez um balan\u00e7o da performance de Sergio P\u00e9rez em S\u00e3o Paulo e celebrou que o mexicano enfim &#8220;mostrou do que \u00e9 capaz&#8221;<\/p>\n","protected":false},"author":0,"featured_media":1000751530,"comment_status":"closed","ping_status":"closed","sticky":false,"template":"","format":"standard","meta":{"42wp_featured_image_caption":"","42wp_featured_image_credits":"","42wp_featured_video":"","42wp_featured_image_hidden":false,"42wp_authors_list":[],"footnotes":""},"categories":[2],"tags":[783,37006,2084,26271,655,5273,147,6533,180,30722,26680,1491,28285,30840,124,37005,32942,35129,204,2380,36977,3132,31447],"42wp_author":[47147],"class_list":["post-95620","post","type-post","status-publish","format-standard","has-post-thumbnail","hentry","category-f1","tag-brasil","tag-brasil-2023","tag-brasil-f1","tag-calendario-f1","tag-christian-horner","tag-classificacao-f1","tag-f1","tag-f1-2023","tag-formula-1","tag-formula-1-2023","tag-gp-de-sao-paulo","tag-grande-premio","tag-grandepremio","tag-horarios-f1","tag-interlagos","tag-interlagos-2023","tag-interlagos-f1","tag-onde-assistir-f1","tag-red-bull","tag-sao-paulo","tag-sao-paulo-2023","tag-sergio-perez","tag-temporada-2023-f1","42wp_author-luana-marino"],"_links":{"self":[{"href":"https:\/\/grandepremio.com\/br\/wp-json\/wp\/v2\/posts\/95620","targetHints":{"allow":["GET"]}}],"collection":[{"href":"https:\/\/grandepremio.com\/br\/wp-json\/wp\/v2\/posts"}],"about":[{"href":"https:\/\/grandepremio.com\/br\/wp-json\/wp\/v2\/types\/post"}],"replies":[{"embeddable":true,"href":"https:\/\/grandepremio.com\/br\/wp-json\/wp\/v2\/comments?post=95620"}],"version-history":[{"count":0,"href":"https:\/\/grandepremio.com\/br\/wp-json\/wp\/v2\/posts\/95620\/revisions"}],"wp:featuredmedia":[{"embeddable":true,"href":"https:\/\/grandepremio.com\/br\/wp-json\/wp\/v2\/media\/1000751530"}],"wp:attachment":[{"href":"https:\/\/grandepremio.com\/br\/wp-json\/wp\/v2\/media?parent=95620"}],"wp:term":[{"taxonomy":"category","embeddable":true,"href":"https:\/\/grandepremio.com\/br\/wp-json\/wp\/v2\/categories?post=95620"},{"taxonomy":"post_tag","embeddable":true,"href":"https:\/\/grandepremio.com\/br\/wp-json\/wp\/v2\/tags?post=95620"},{"taxonomy":"42wp_author","embeddable":true,"href":"https:\/\/grandepremio.com\/br\/wp-json\/wp\/v2\/42wp_author?post=95620"}],"curies":[{"name":"wp","href":"https:\/\/api.w.org\/{rel}","templated":true}]}}