{"id":95877,"date":"2023-11-05T16:52:03","date_gmt":"2023-11-05T19:52:03","guid":{"rendered":"https:\/\/grandepremio.com\/br\/noticias\/fernando-alonso-pensou-tinha-perdido-podio-destaca-resultado-fenomenal-aston-martin\/"},"modified":"2023-11-05T16:52:20","modified_gmt":"2023-11-05T19:52:20","slug":"fernando-alonso-pensou-tinha-perdido-podio-destaca-resultado-fenomenal-aston-martin","status":"publish","type":"post","link":"https:\/\/grandepremio.com\/br\/f1\/fernando-alonso-pensou-tinha-perdido-podio-destaca-resultado-fenomenal-aston-martin\/","title":{"rendered":"Alonso &#8220;pensou que tinha perdido p\u00f3dio&#8221;, mas destaca resultado fenomenal da Aston Martin"},"content":{"rendered":"\n<p class=\"wp-block-paragraph\">O \u00faltimo lugar no p\u00f3dio do <strong>GP de S\u00e3o Paulo<\/strong>, <a href=\"https:\/\/www.grandepremio.com\/br\/f1\/noticias\/max-verstappen-vence-gp-de-sao-paulo-brasil-formula-1-fernando-alonso-bate-sergio-perez-linha-chegada-3\" class=\"ek-link\">realizado neste domingo (5)<\/a>, s\u00f3 foi definido nos \u00faltimos metros da prova, com <strong>Fernando Alonso<\/strong> se defendendo de um veloz <strong>Sergio P\u00e9rez<\/strong>. O bicampe\u00e3o chegou a ser superado pelo mexicano giros antes, mas retomou a posi\u00e7\u00e3o na passagem seguinte, para garantir um &#8220;resultado fenomenal&#8221; para a <strong>Aston Martin<\/strong>. A margem na bandeirada foi de apenas 0s053. <\/p>\n\n\n\n<p class=\"wp-block-paragraph\">A batalha entre Alonso e P\u00e9rez durou 11 voltas. O piloto #11 chegou a ultrapassar o do dono do carro #14 faltando dois giros para o final da corrida. Mas o asturiano devolveu o ataque em bonita manobra na Descida do Lago na volta seguinte e segurou o carro da equipe austr\u00edaca at\u00e9 a linha de chegada.<\/p>\n\n\n\n<p class=\"wp-block-paragraph\">&#8220;Para mim, parecia que Checo [P\u00e9rez] estava me pressionando h\u00e1 umas 30 voltas. Quando ele me ultrapassou, a duas voltas do fim, pensei: &#8216;Ok, j\u00e1 era, o p\u00f3dio n\u00e3o \u00e9 mais poss\u00edvel&#8217;. Mas ele freou um pouco tarde na curva 1 e da\u00ed falei: &#8216;Ok, vou tentar na curva 4&#8221;, explicou Alonso.<\/p>\n\n\n\n<p class=\"wp-block-paragraph\">O espanhol ainda lembrou o momento dif\u00edcil que a equipe passa ap\u00f3s as f\u00e9rias da F1, com a Aston Martin perdendo terreno para <strong>Mercedes<\/strong>, <strong>Ferrari <\/strong>e <strong>McLaren <\/strong>e caindo para quinto na tabela do Mundial de Construtores.<\/p>\n\n\n\n<figure class=\"wp-block-image size-full\"><img decoding=\"async\" src=\"https:\/\/www.grandepremio.com\/br\/wp-content\/uploads\/2023\/11\/sao-paulo-2023-f1-corrida-aston-martin-fernando-alonso-02.jpg\" alt=\"\" class=\"wp-image-751079\"\/><figcaption class=\"wp-element-caption\">Alonso garantiu mais um p\u00f3dio para a Aston Martin em 2023 (Foto: Aston Martin)<\/figcaption><\/figure>\n\n\n\n<p class=\"wp-block-paragraph\">&#8220;Este \u00e9 um resultado fenomenal para a equipe. Tivemos muitas dificuldades nos \u00faltimos meses, especialmente nas duas \u00faltimas corridas com duas desist\u00eancias. Ent\u00e3o, este p\u00f3dio \u00e9 para o time aqui e para toda a f\u00e1brica. Continuamos lutando at\u00e9 a \u00faltima volta. Agora, vamos para Las Vegas&#8221;, celebrou Alonso.<\/p>\n\n\n\n<p class=\"wp-block-paragraph\">O&nbsp;<strong>GRANDE PR\u00caMIO&nbsp;<\/strong>acompanha todas as atividades&nbsp;<strong>AO VIVO e EM&nbsp;<a href=\"https:\/\/www.grandepremio.com\/br\/ao-vivo\/\" target=\"_blank\" rel=\"noreferrer noopener\">TEMPO REAL<\/a><\/strong>&nbsp;e cobre o GP de S\u00e3o Paulo de&nbsp;<a href=\"https:\/\/www.grandepremio.com\/formula-1\/\" target=\"_blank\" rel=\"noreferrer noopener\">F\u00f3rmula 1<\/a>&nbsp;\u2018in loco\u2019 com&nbsp;<strong>Evelyn Guimar\u00e3es<\/strong>,&nbsp;<strong>Gabriel Carvalho<\/strong>,&nbsp;<strong>Gabriel Curty<\/strong>,&nbsp;<strong>Jo\u00e3o Pedro Nascimento<\/strong>,&nbsp;<strong>Luana Marino<\/strong>,&nbsp;<strong>Pedro Henrique Marum&nbsp;<\/strong>e&nbsp;<strong>Rodrigo Berton<\/strong>. Em<strong>&nbsp;SEGUNDA TELA<\/strong>, o GP acompanha a etapa com transmiss\u00f5es da classifica\u00e7\u00e3o, da sprint e da corrida. Na sexta-feira, no s\u00e1bado e no domingo, o&nbsp;<strong>BRIEFING&nbsp;<\/strong>repercute tudo que acontece na etapa brasileira.<\/p>\n\n\n\n<p class=\"wp-block-paragraph\">A&nbsp;<a href=\"https:\/\/www.grandepremio.com\/formula-1\/\" target=\"_blank\" rel=\"noreferrer noopener\">F\u00f3rmula 1<\/a>&nbsp;agora volta em duas semanas, entre os dias 17 e 19 de novembro, com o t\u00e3o esperado&nbsp;<strong>GP de Las Vegas<\/strong>.<\/p>\n\n\n\n<p class=\"wp-block-paragraph\"><strong>\u25b6\ufe0f&nbsp;Inscreva-se nos dois canais do GRANDE PR\u00caMIO no YouTube:&nbsp;<a href=\"https:\/\/www.youtube.com\/channel\/UC9OlHEgxoaY6QY6nWPoiqQg?sub_confirmation=1\" target=\"_blank\" rel=\"noreferrer noopener\">GP<\/a>&nbsp;|&nbsp;<a href=\"https:\/\/www.youtube.com\/channel\/UC9csiS6q_C3C0FYhyr1rnFA?sub_confirmation=1\" target=\"_blank\" rel=\"noreferrer noopener\">GP2<\/a><\/strong><br><strong>\u25b6\ufe0f&nbsp;<a href=\"https:\/\/www.twitch.tv\/grandepremio\" target=\"_blank\" rel=\"noreferrer noopener\">Conhe\u00e7a o canal do GRANDE PR\u00caMIO na Twitch clicando aqui!<\/a><\/strong><\/p>\n\n\n\n<figure class=\"wp-block-embed is-type-video is-provider-youtube wp-block-embed-youtube wp-embed-aspect-16-9 wp-has-aspect-ratio\"><div class=\"wp-block-embed__wrapper\">\n<iframe loading=\"lazy\" title=\"VERSTAPPEN VENCE, ALONSO x P\u00c9REZ EMPOLGA GP de S\u00e3o Paulo: tudo sobre a F1 2023 | Briefing\" width=\"500\" height=\"281\" src=\"https:\/\/www.youtube.com\/embed\/eKlDw_mkXZI?feature=oembed\" frameborder=\"0\" allow=\"accelerometer; autoplay; clipboard-write; encrypted-media; gyroscope; picture-in-picture; web-share\" referrerpolicy=\"strict-origin-when-cross-origin\" allowfullscreen><\/iframe>\n<\/div><\/figure>\n","protected":false},"excerpt":{"rendered":"<p>Fernando Alonso exaltou trabalho da Aston Martin em Interlagos e contou um pouco mais sobre a batalha contra Sergio P\u00e9rez no final da prova<\/p>\n","protected":false},"author":0,"featured_media":1000751092,"comment_status":"closed","ping_status":"closed","sticky":false,"template":"","format":"standard","meta":{"42wp_featured_image_caption":"","42wp_featured_image_credits":"","42wp_featured_video":"","42wp_featured_image_hidden":false,"42wp_authors_list":[],"footnotes":""},"categories":[2],"tags":[309,9397,35267,969,147,6533,642,2474,25291,29116,2100,28371,29865,176,180,30722,25463,36991,36992,26680,502,1491,26123,30103,28285],"42wp_author":[47157],"class_list":["post-95877","post","type-post","status-publish","format-standard","has-post-thumbnail","hentry","category-f1","tag-aston-martin","tag-autodromo-de-interlagos","tag-circuito-de-interlagos","tag-corrida","tag-f1","tag-f1-2023","tag-f1-ao-vivo","tag-f1-brasil","tag-f1-em-sao-paulo","tag-f1-grande-premio","tag-f1-interlagos","tag-f1-sao-paulo","tag-f1-sp","tag-fernando-alonso","tag-formula-1","tag-formula-1-2023","tag-formula-1-sao-paulo","tag-formula-1-sp","tag-gp-brasileiro","tag-gp-de-sao-paulo","tag-gp-do-brasil","tag-grande-premio","tag-grande-premio-ao-vivo","tag-grande-premio-f1","tag-grandepremio","42wp_author-jonas-souza"],"_links":{"self":[{"href":"https:\/\/grandepremio.com\/br\/wp-json\/wp\/v2\/posts\/95877","targetHints":{"allow":["GET"]}}],"collection":[{"href":"https:\/\/grandepremio.com\/br\/wp-json\/wp\/v2\/posts"}],"about":[{"href":"https:\/\/grandepremio.com\/br\/wp-json\/wp\/v2\/types\/post"}],"replies":[{"embeddable":true,"href":"https:\/\/grandepremio.com\/br\/wp-json\/wp\/v2\/comments?post=95877"}],"version-history":[{"count":0,"href":"https:\/\/grandepremio.com\/br\/wp-json\/wp\/v2\/posts\/95877\/revisions"}],"wp:featuredmedia":[{"embeddable":true,"href":"https:\/\/grandepremio.com\/br\/wp-json\/wp\/v2\/media\/1000751092"}],"wp:attachment":[{"href":"https:\/\/grandepremio.com\/br\/wp-json\/wp\/v2\/media?parent=95877"}],"wp:term":[{"taxonomy":"category","embeddable":true,"href":"https:\/\/grandepremio.com\/br\/wp-json\/wp\/v2\/categories?post=95877"},{"taxonomy":"post_tag","embeddable":true,"href":"https:\/\/grandepremio.com\/br\/wp-json\/wp\/v2\/tags?post=95877"},{"taxonomy":"42wp_author","embeddable":true,"href":"https:\/\/grandepremio.com\/br\/wp-json\/wp\/v2\/42wp_author?post=95877"}],"curies":[{"name":"wp","href":"https:\/\/api.w.org\/{rel}","templated":true}]}}