{"id":95987,"date":"2023-11-04T19:38:22","date_gmt":"2023-11-04T22:38:22","guid":{"rendered":"https:\/\/grandepremio.com\/br\/noticias\/george-russell-reclama-pneus-apos-quarto-lugar-sprint-sao-paulo-interlagos-brasil-decepcao\/"},"modified":"2023-11-04T20:19:05","modified_gmt":"2023-11-04T23:19:05","slug":"george-russell-reclama-pneus-apos-quarto-lugar-sprint-sao-paulo-interlagos-brasil-decepcao","status":"publish","type":"post","link":"https:\/\/grandepremio.com\/br\/f1\/george-russell-reclama-pneus-apos-quarto-lugar-sprint-sao-paulo-interlagos-brasil-decepcao\/","title":{"rendered":"Russell reclama de pneus ap\u00f3s 4\u00ba lugar na sprint em S\u00e3o Paulo: &#8220;Decep\u00e7\u00e3o&#8221;"},"content":{"rendered":"\n<p class=\"wp-block-paragraph\"><strong>George Russell<\/strong> apresentou um ritmo forte na primeira volta, quando conseguiu ultrapassar <strong>Sergio P\u00e9rez<\/strong> e <strong>Lando Norris<\/strong>, mas sofreu com o desgaste dos pneus e foi superado pelo brit\u00e2nico da <strong>McLaren<\/strong> e o mexicano da <strong>Red Bull<\/strong> nas voltas seguintes. Sem ritmo para acompanhar os advers\u00e1rios, o piloto da <strong>Mercedes<\/strong> concluiu a sprint do <strong>GP de S\u00e3o Paulo<\/strong>, realizada neste s\u00e1bado (4), na quarta coloca\u00e7\u00e3o.<\/p>\n\n\n\n<p class=\"wp-block-paragraph\">Ao t\u00e9rmino da prova curta no tra\u00e7ado paulistano, Russell ficou &#8220;decepcionado&#8221; com o desgaste elevado dos pneus macios que tirou dele a chance de competir com Norris, P\u00e9rez e at\u00e9 mesmo com <strong>Max Verstappen<\/strong>, vencedor da sprint.<\/p>\n\n\n\n<p class=\"wp-block-paragraph\">&#8220;Parece que os pneus simplesmente acabaram, e isso foi realmente inesperado. N\u00e3o esper\u00e1vamos ser os mais r\u00e1pidos, mas pens\u00e1vamos que estar\u00edamos um pouco atr\u00e1s do Max, talvez com um ritmo semelhante ao do Lando, mas claramente fizemos algo de errado hoje, como sempre, relacionado aos pneus&#8221;, afirmou, em coletiva acompanhada pelo <strong>GRANDE PR\u00caMIO<\/strong>.<\/p>\n\n\n\n<p class=\"wp-block-paragraph\">O brit\u00e2nico admitiu que o dilema da Mercedes com os compostos \u00e9 o grande enredo da temporada 2023. &#8220;Os pneus simplesmente perderam ader\u00eancia. \u00c9 a nossa hist\u00f3ria na temporada e precisamos corrigir isso, porque foi uma decep\u00e7\u00e3o&#8221;, prosseguiu.<\/p>\n\n\n\n<figure class=\"wp-block-image size-large\"><img decoding=\"async\" src=\"https:\/\/www.grandepremio.com\/br\/wp-content\/uploads\/2023\/11\/sao-paulo-2023-f1-corrida-sprint-mercedes-george-russell-03-1024x576.jpg\" alt=\"\" class=\"wp-image-750337\"\/><figcaption class=\"wp-element-caption\">George Russell em disputa com Sergio P\u00e9rez em Interlagos (Foto: Reprodu\u00e7\u00e3o\/F1)<\/figcaption><\/figure>\n\n\n\n<p class=\"wp-block-paragraph\">Com a previs\u00e3o do tempo apontando um clima mais ameno para a corrida deste domingo, Russell espera que o W14 sofra menos com o desgaste durante as 71 voltas do GP de S\u00e3o Paulo. &#8220;Sabemos que os pneus s\u00e3o sens\u00edveis \u00e0s condi\u00e7\u00f5es, mas amanh\u00e3 estar\u00e1 4 ou 5 graus mais frio, o que pode mudar tudo, ent\u00e3o nem tudo est\u00e1 perdido&#8221;, apontou.<\/p>\n\n\n\n<p class=\"wp-block-paragraph\">Apesar do otimismo com a melhora das condi\u00e7\u00f5es da pista, Russell admitiu que a falta de velocidade nas retas tamb\u00e9m est\u00e1 sendo um problema para a Mercedes. Por isso, o piloto ressaltou que a melhor escolha para abertura do DRS pode ajudar no ganho, mas principalmente na defesa de posi\u00e7\u00f5es na corrida.<\/p>\n\n\n\n<p class=\"wp-block-paragraph\">&#8220;Quando voc\u00ea o ativa [DRS] na sa\u00edda da curva 1, a curva 4 chega rapidamente. Somos os mais lentos na reta no momento, ent\u00e3o somos muito vulner\u00e1veis se algu\u00e9m ficar atr\u00e1s de n\u00f3s.&#8221;<\/p>\n\n\n\n<p class=\"wp-block-paragraph\">Na corrida deste domingo, Russell vai largar da oitava posi\u00e7\u00e3o, ap\u00f3s sofrer uma <strong><a href=\"https:\/\/www.grandepremio.com\/br\/f1\/noticias\/fia-pune-george-russell-duas-posicoes-grid-gp-de-sao-paulo-bloqueio-pit-lane\/\" class=\"ek-link\">puni\u00e7\u00e3o em duas posi\u00e7\u00f5es<\/a> <\/strong>por ter bloqueado <strong>Pierre Gasly<\/strong> na sa\u00edda dos boxes durante a classifica\u00e7\u00e3o da \u00faltima sexta-feira. <\/p>\n\n\n\n<figure class=\"wp-block-image size-large\"><img decoding=\"async\" src=\"https:\/\/www.grandepremio.com\/br\/wp-content\/uploads\/2023\/11\/sao-paulo-2023-f1-corrida-sprint-mercedes-george-russell-02-1024x683.jpg\" alt=\"\" class=\"wp-image-750336\"\/><figcaption class=\"wp-element-caption\">George Russell vai largar em oitavo lugar no GP de S\u00e3o Paulo (Foto: Mercedes)<\/figcaption><\/figure>\n\n\n\n<p class=\"wp-block-paragraph\">Questionado sobre a puni\u00e7\u00e3o, o brit\u00e2nico da Merced\u00eas n\u00e3o escondeu a insatisfa\u00e7\u00e3o e disse que a dire\u00e7\u00e3o de prova foi &#8220;severa&#8221; na decis\u00e3o do caso. &#8220;Foi um pouco frustrante quando os fiscais me disseram que fui azarado porque o Pierre acelerou e chegou bem atr\u00e1s de mim, e que eu n\u00e3o fiz nada diferente dos outros pilotos que ficaram mais ou menos no meio da pista. \u00c9 dif\u00edcil com todos os parafusos e porcas ao redor da pista, n\u00e3o queria estar bem do lado esquerdo, e fiquei bastante surpreso com o qu\u00e3o inflex\u00edveis eles foram&#8221;, reclamou.<\/p>\n\n\n\n<p class=\"wp-block-paragraph\">&#8220;Est\u00e3o adicionando muitas novas regras, e toda vez que temos uma nova regra, sempre h\u00e1 uma consequ\u00eancia imprevista. Entendemos por que estamos fazendo isso, mas definitivamente achei um pouco severo considerando que foi a primeira vez que essa regra foi implementada. No final das contas, temos de aceitar e seguir em frente&#8221;, concluiu.<\/p>\n\n\n\n<p class=\"wp-block-paragraph\">O&nbsp;<strong>GRANDE PR\u00caMIO<\/strong>&nbsp;acompanha todas as atividades&nbsp;<a href=\"https:\/\/www.grandepremio.com\/br\/ao-vivo\/f1\/\" target=\"_blank\" rel=\"noreferrer noopener\"><strong>AO VIVO<\/strong>&nbsp;e&nbsp;<strong>EM TEMPO REAL<\/strong><\/a>&nbsp;e cobre o GP de S\u00e3o Paulo de&nbsp;<a href=\"https:\/\/www.grandepremio.com\/formula-1\/\" target=\"_blank\" rel=\"noreferrer noopener\">F\u00f3rmula 1<\/a>&nbsp;\u2018in loco\u2019 com Evelyn Guimar\u00e3es, Gabriel Carvalho, Gabriel Curty, Jo\u00e3o Pedro Nascimento, Luana Marino, Pedro Henrique Marum e Rodrigo Berton. Em&nbsp;<strong>SEGUNDA TELA<\/strong>, o&nbsp;<strong>GP&nbsp;<\/strong>acompanha a etapa com transmiss\u00f5es da classifica\u00e7\u00e3o, da sprint e da corrida. Na sexta-feira, no s\u00e1bado e no domingo, o&nbsp;<strong>BRIEFING&nbsp;<\/strong>repercute tudo que acontece na etapa brasileira.<\/p>\n\n\n\n<p class=\"wp-block-paragraph\"><strong>\u25b6\ufe0f&nbsp;Inscreva-se nos dois canais do GRANDE PR\u00caMIO no YouTube:&nbsp;<a href=\"https:\/\/www.youtube.com\/channel\/UC9OlHEgxoaY6QY6nWPoiqQg?sub_confirmation=1\" target=\"_blank\" rel=\"noreferrer noopener\">GP<\/a>&nbsp;|&nbsp;<a href=\"https:\/\/www.youtube.com\/channel\/UC9csiS6q_C3C0FYhyr1rnFA?sub_confirmation=1\" target=\"_blank\" rel=\"noreferrer noopener\">GP<\/a><\/strong><br><strong>\u25b6\ufe0f&nbsp;<a href=\"https:\/\/www.twitch.tv\/grandepremio\" target=\"_blank\" rel=\"noreferrer noopener\">Conhe\u00e7a o canal do GRANDE PR\u00caMIO na Twitch clicando aqui!<\/a><\/strong><\/p>\n\n\n\n<figure class=\"wp-block-embed is-type-video is-provider-youtube wp-block-embed-youtube wp-embed-aspect-16-9 wp-has-aspect-ratio\"><div class=\"wp-block-embed__wrapper\">\n<iframe loading=\"lazy\" title=\"F1 2023: VERSTAPPEN ANIQUILA NORRIS e vence CORRIDA SPRINT DO GP de S\u00c3O PAULO\" width=\"500\" height=\"281\" src=\"https:\/\/www.youtube.com\/embed\/t84IiPaSrlo?feature=oembed\" frameborder=\"0\" allow=\"accelerometer; autoplay; clipboard-write; encrypted-media; gyroscope; picture-in-picture; web-share\" referrerpolicy=\"strict-origin-when-cross-origin\" allowfullscreen><\/iframe>\n<\/div><figcaption class=\"wp-element-caption\">\ud83d\udd34AO VIVO! F1 2023 em S\u00e3o Paulo: tudo sobre a CORRIDA SPRINT | Briefing<\/figcaption><\/figure>\n","protected":false},"excerpt":{"rendered":"<p>Superado por Lando Norris e Sergio P\u00e9rez depois de uma grande primeira volta, George Russell ficou decepcionado com o comportamento dos pneus e admitiu que o problema se tornou um dilema da Mercedes na F1 2023<\/p>\n","protected":false},"author":0,"featured_media":1000750294,"comment_status":"closed","ping_status":"closed","sticky":false,"template":"","format":"standard","meta":{"42wp_featured_image_caption":"","42wp_featured_image_credits":"","42wp_featured_video":"","42wp_featured_image_hidden":false,"42wp_authors_list":[],"footnotes":""},"categories":[2],"tags":[9397,6533,642,180,30722,25463,36991,800,36992,26680,502,1491,26123,30103,28285,82,30847],"42wp_author":[47145,47119,47142],"class_list":["post-95987","post","type-post","status-publish","format-standard","has-post-thumbnail","hentry","category-f1","tag-autodromo-de-interlagos","tag-f1-2023","tag-f1-ao-vivo","tag-formula-1","tag-formula-1-2023","tag-formula-1-sao-paulo","tag-formula-1-sp","tag-george-russell","tag-gp-brasileiro","tag-gp-de-sao-paulo","tag-gp-do-brasil","tag-grande-premio","tag-grande-premio-ao-vivo","tag-grande-premio-f1","tag-grandepremio","tag-mercedes","tag-russell","42wp_author-alessandro-pinheiro","42wp_author-gabriel-carvalho","42wp_author-jp-nascimento"],"_links":{"self":[{"href":"https:\/\/grandepremio.com\/br\/wp-json\/wp\/v2\/posts\/95987","targetHints":{"allow":["GET"]}}],"collection":[{"href":"https:\/\/grandepremio.com\/br\/wp-json\/wp\/v2\/posts"}],"about":[{"href":"https:\/\/grandepremio.com\/br\/wp-json\/wp\/v2\/types\/post"}],"replies":[{"embeddable":true,"href":"https:\/\/grandepremio.com\/br\/wp-json\/wp\/v2\/comments?post=95987"}],"version-history":[{"count":0,"href":"https:\/\/grandepremio.com\/br\/wp-json\/wp\/v2\/posts\/95987\/revisions"}],"wp:featuredmedia":[{"embeddable":true,"href":"https:\/\/grandepremio.com\/br\/wp-json\/wp\/v2\/media\/1000750294"}],"wp:attachment":[{"href":"https:\/\/grandepremio.com\/br\/wp-json\/wp\/v2\/media?parent=95987"}],"wp:term":[{"taxonomy":"category","embeddable":true,"href":"https:\/\/grandepremio.com\/br\/wp-json\/wp\/v2\/categories?post=95987"},{"taxonomy":"post_tag","embeddable":true,"href":"https:\/\/grandepremio.com\/br\/wp-json\/wp\/v2\/tags?post=95987"},{"taxonomy":"42wp_author","embeddable":true,"href":"https:\/\/grandepremio.com\/br\/wp-json\/wp\/v2\/42wp_author?post=95987"}],"curies":[{"name":"wp","href":"https:\/\/api.w.org\/{rel}","templated":true}]}}