{"id":95999,"date":"2023-11-04T18:48:32","date_gmt":"2023-11-04T21:48:32","guid":{"rendered":"https:\/\/grandepremio.com\/br\/noticias\/oscar-piastri-valoriza-ritmo-mclaren-interlagos-brasil-admite-execucao-nao-foi-melhor\/"},"modified":"2023-11-04T18:59:06","modified_gmt":"2023-11-04T21:59:06","slug":"oscar-piastri-valoriza-ritmo-mclaren-interlagos-brasil-admite-execucao-nao-foi-melhor","status":"publish","type":"post","link":"https:\/\/grandepremio.com\/br\/f1\/oscar-piastri-valoriza-ritmo-mclaren-interlagos-brasil-admite-execucao-nao-foi-melhor\/","title":{"rendered":"Piastri valoriza ritmo da McLaren em Interlagos, mas &#8220;execu\u00e7\u00e3o n\u00e3o foi a melhor\u201d"},"content":{"rendered":"\n<p class=\"wp-block-paragraph\"><strong>Oscar Piastri<\/strong> ainda n\u00e3o conseguiu extrair todo o potencial da <strong>McLaren <\/strong>em <strong>S\u00e3o Paulo<\/strong>, teve sess\u00f5es de classifica\u00e7\u00e3o apagadas e ficou fora da zona de pontos na corrida sprint, <a href=\"https:\/\/www.grandepremio.com\/br\/f1\/noticias\/max-verstappen-aniquila-lando-norris-vence-corrida-sprint-frenetica-gp-de-sao-paulo-brasil-formula-1\/\" class=\"ek-link\">que aconteceu na tarde deste s\u00e1bado<\/a> (4). Durante a coletiva acompanhada pelo <strong>GRANDE PR\u00caMIO <\/strong>em <strong>Interlagos<\/strong>, o piloto australiano admitiu que cometeu alguns erros, mas reiterou que tem aprendido muito ao longo do fim de semana.<\/p>\n\n\n\n<p class=\"wp-block-paragraph\">Piastri est\u00e1 em sua primeira temporada na <strong>F\u00f3rmula 1<\/strong> e nunca havia guiado um carro de corrida em Interlagos. Por isso, o reconhece que ainda est\u00e1 deixando a desejar no <strong>GP de S\u00e3o Paulo<\/strong>. Segundo o #81, falta apenas executar melhor o trabalho para conseguir entregar o ritmo competitivo da McLaren.<\/p>\n\n\n\n<p class=\"wp-block-paragraph\">\u201cO carro definitivamente tem um bom ritmo, e o Lando mostrou isso. As coisas para mim tamb\u00e9m foram boas em alguns pontos. Mas ainda temos algumas li\u00e7\u00f5es para aprender deste fim de semana. Especialmente da minha parte, mas tamb\u00e9m da equipe como um todo. Um pouco complicado aqui, temos de ficar satisfeitos com o ritmo que o carro apresentou, mas infelizmente a execu\u00e7\u00e3o n\u00e3o foi a melhor\u201d, disse Piastri.<\/p>\n\n\n\n<p class=\"wp-block-paragraph\">\u201cOntem cometemos alguns erros tentando sair para o Q3 nos \u00faltimos instantes antes da chuva. Mas o time fez um trabalho muito bom hoje, e infelizmente n\u00e3o consegui maximizar isso. Ent\u00e3o tem coisas para aprendermos e vamos melhorar juntos\u201d, seguiu o australiano.<\/p>\n\n\n\n<figure class=\"wp-block-image size-large\"><img decoding=\"async\" src=\"https:\/\/www.grandepremio.com\/br\/wp-content\/uploads\/2023\/11\/sao-paulo-2023-f1-corrida-sprint-mclaren-oscar-piastri-01-1024x576.jpg\" alt=\"\" class=\"wp-image-750371\"\/><figcaption class=\"wp-element-caption\">A ultrapassagem sobre Ricciardo foi o ponto alto da corrida de Piastri (Foto: McLaren)<\/figcaption><\/figure>\n\n\n\n<p class=\"wp-block-paragraph\">Piastri at\u00e9 amea\u00e7ou terminar a prova na zona de pontos depois de fazer uma surpreendente ultrapassagem sobre <strong>Daniel Ricciardo<\/strong> e ficar pr\u00f3ximo da oitava coloca\u00e7\u00e3o que pertencia a <strong>Carlos Sainz<\/strong>.&nbsp;<\/p>\n\n\n\n<p class=\"wp-block-paragraph\">\u201cO movimento em Daniel foi um bom ponto, mas n\u00e3o tem muito do que se aproveitar disso, j\u00e1 que n\u00e3o cheguei em Carlos. Mas aprendi muito sobre como gerenciar os pneus, ter uma vis\u00e3o melhor da corrida e saber onde posicionar o carro. Ent\u00e3o tem muito aprendizado e coisas para melhorar para amanh\u00e3\u201d, finalizou Piastri.<\/p>\n\n\n\n<p class=\"wp-block-paragraph\">O&nbsp;<strong>GRANDE PR\u00caMIO<\/strong>&nbsp;acompanha todas as atividades&nbsp;<a href=\"https:\/\/www.grandepremio.com\/br\/ao-vivo\/f1\/\" target=\"_blank\" rel=\"noreferrer noopener\"><strong>AO VIVO<\/strong>&nbsp;e&nbsp;<strong>EM TEMPO REAL<\/strong><\/a>&nbsp;e cobre o GP de S\u00e3o Paulo de&nbsp;<a href=\"https:\/\/www.grandepremio.com\/formula-1\/\" target=\"_blank\" rel=\"noreferrer noopener\">F\u00f3rmula 1<\/a>&nbsp;\u2018in loco\u2019 com Evelyn Guimar\u00e3es, Gabriel Carvalho, Gabriel Curty, Jo\u00e3o Pedro Nascimento, Luana Marino, Pedro Henrique Marum e Rodrigo Berton. Em&nbsp;<strong>SEGUNDA TELA<\/strong>, o&nbsp;<strong>GP&nbsp;<\/strong>acompanha a etapa com transmiss\u00f5es da classifica\u00e7\u00e3o, da sprint e da corrida. Na sexta-feira, no s\u00e1bado e no domingo, o&nbsp;<strong>BRIEFING&nbsp;<\/strong>repercute tudo que acontece na etapa brasileira.<\/p>\n\n\n\n<p class=\"wp-block-paragraph\"><strong>\u25b6\ufe0f&nbsp;Inscreva-se nos dois canais do GRANDE PR\u00caMIO no YouTube:&nbsp;<a href=\"https:\/\/www.youtube.com\/channel\/UC9OlHEgxoaY6QY6nWPoiqQg?sub_confirmation=1\" target=\"_blank\" rel=\"noreferrer noopener\">GP<\/a>&nbsp;|&nbsp;<a href=\"https:\/\/www.youtube.com\/channel\/UC9csiS6q_C3C0FYhyr1rnFA?sub_confirmation=1\" target=\"_blank\" rel=\"noreferrer noopener\">GP2<\/a><\/strong><\/p>\n\n\n\n<p class=\"wp-block-paragraph\"><strong>\u25b6\ufe0f&nbsp;<a href=\"https:\/\/www.twitch.tv\/grandepremio\" target=\"_blank\" rel=\"noreferrer noopener\">Conhe\u00e7a o canal do GRANDE PR\u00caMIO na Twitch clicando aqui!<\/a><\/strong><\/p>\n\n\n\n<figure class=\"wp-block-embed is-type-video is-provider-youtube wp-block-embed-youtube wp-embed-aspect-16-9 wp-has-aspect-ratio\"><div class=\"wp-block-embed__wrapper\">\n<iframe loading=\"lazy\" title=\"F1 2023: VERSTAPPEN ANIQUILA NORRIS e vence CORRIDA SPRINT DO GP de S\u00c3O PAULO\" width=\"500\" height=\"281\" src=\"https:\/\/www.youtube.com\/embed\/t84IiPaSrlo?feature=oembed\" frameborder=\"0\" allow=\"accelerometer; autoplay; clipboard-write; encrypted-media; gyroscope; picture-in-picture; web-share\" referrerpolicy=\"strict-origin-when-cross-origin\" allowfullscreen><\/iframe>\n<\/div><\/figure>\n","protected":false},"excerpt":{"rendered":"<p>Embora ainda esteja enfrentando um fim de semana apagado em que \u00e9 constantemente superado pelo companheiro de equipe, Oscar Piastri admitiu que tem um carro com potencial para brigar por melhores posi\u00e7\u00f5es em S\u00e3o Paulo<\/p>\n","protected":false},"author":0,"featured_media":1000750278,"comment_status":"closed","ping_status":"closed","sticky":false,"template":"","format":"standard","meta":{"42wp_featured_image_caption":"","42wp_featured_image_credits":"","42wp_featured_video":"","42wp_featured_image_hidden":false,"42wp_authors_list":[],"footnotes":""},"categories":[2],"tags":[5921,26680,502,1491,28285,124,547,33757,90,6285,2916,30336,32179],"42wp_author":[47149,47119,47142],"class_list":["post-95999","post","type-post","status-publish","format-standard","has-post-thumbnail","hentry","category-f1","tag-corrida-sprint","tag-gp-de-sao-paulo","tag-gp-do-brasil","tag-grande-premio","tag-grandepremio","tag-interlagos","tag-lando-norris","tag-mcl60","tag-mclaren","tag-norris","tag-oscar-piastri","tag-piastri","tag-piastri-mclaren","42wp_author-bernardo-castro","42wp_author-gabriel-carvalho","42wp_author-jp-nascimento"],"_links":{"self":[{"href":"https:\/\/grandepremio.com\/br\/wp-json\/wp\/v2\/posts\/95999","targetHints":{"allow":["GET"]}}],"collection":[{"href":"https:\/\/grandepremio.com\/br\/wp-json\/wp\/v2\/posts"}],"about":[{"href":"https:\/\/grandepremio.com\/br\/wp-json\/wp\/v2\/types\/post"}],"replies":[{"embeddable":true,"href":"https:\/\/grandepremio.com\/br\/wp-json\/wp\/v2\/comments?post=95999"}],"version-history":[{"count":0,"href":"https:\/\/grandepremio.com\/br\/wp-json\/wp\/v2\/posts\/95999\/revisions"}],"wp:featuredmedia":[{"embeddable":true,"href":"https:\/\/grandepremio.com\/br\/wp-json\/wp\/v2\/media\/1000750278"}],"wp:attachment":[{"href":"https:\/\/grandepremio.com\/br\/wp-json\/wp\/v2\/media?parent=95999"}],"wp:term":[{"taxonomy":"category","embeddable":true,"href":"https:\/\/grandepremio.com\/br\/wp-json\/wp\/v2\/categories?post=95999"},{"taxonomy":"post_tag","embeddable":true,"href":"https:\/\/grandepremio.com\/br\/wp-json\/wp\/v2\/tags?post=95999"},{"taxonomy":"42wp_author","embeddable":true,"href":"https:\/\/grandepremio.com\/br\/wp-json\/wp\/v2\/42wp_author?post=95999"}],"curies":[{"name":"wp","href":"https:\/\/api.w.org\/{rel}","templated":true}]}}