{"id":96007,"date":"2023-11-04T18:24:22","date_gmt":"2023-11-04T21:24:22","guid":{"rendered":"https:\/\/grandepremio.com\/br\/noticias\/band-chega-vice-lideranca-audiencia-corrida-sprint-gp-de-sao-paulo-brasil-formula-1\/"},"modified":"2023-11-04T19:00:29","modified_gmt":"2023-11-04T22:00:29","slug":"band-chega-vice-lideranca-audiencia-corrida-sprint-gp-de-sao-paulo-brasil-formula-1","status":"publish","type":"post","link":"https:\/\/grandepremio.com\/br\/f1\/band-chega-vice-lideranca-audiencia-corrida-sprint-gp-de-sao-paulo-brasil-formula-1\/","title":{"rendered":"Band chega \u00e0 vice-lideran\u00e7a da audi\u00eancia com corrida sprint do GP de S\u00e3o Paulo"},"content":{"rendered":"\n<p class=\"wp-block-paragraph\">A <strong><a href=\"https:\/\/www.grandepremio.com\/br\/f1\/noticias\/max-verstappen-aniquila-lando-norris-vence-corrida-sprint-frenetica-gp-de-sao-paulo-brasil-formula-1\/\" class=\"ek-link\">corrida sprint do GP de S\u00e3o Paulo<\/a><\/strong> deste s\u00e1bado (4) rendeu audi\u00eancia importante para a <strong>Band<\/strong>, sobretudo em compara\u00e7\u00e3o com as \u00faltimas etapas. A emissora paulistana chegou ao segundo lugar da TV brasileira durante o per\u00edodo.<\/p>\n\n\n\n<p class=\"wp-block-paragraph\">As informa\u00e7\u00f5es s\u00e3o do site <strong><a href=\"https:\/\/teleguiado.com\/\" class=\"ek-link\">Teleguiado<\/a><\/strong>, parceiro do <strong>GRANDE PR\u00caMIO<\/strong>. Durante a transmiss\u00e3o da corrida, que aconteceu entre cerca das 15h30 (de Bras\u00edlia, GMT-3) e das 16h05, a Band alcan\u00e7ou 2,6 pontos de m\u00e9dia.<\/p>\n\n\n\n<p class=\"wp-block-paragraph\">Enquanto isso, a Record ficou com 2,5 pontos no mesmo per\u00edodo, ao passo que o SBT fez 2,2. Atr\u00e1s, a RedeTV! chegou a 0,2 ponto de m\u00e9dia. A l\u00edder foi a Globo, que ficou com cerca de 10,7% de todo o p\u00fablico.<\/p>\n\n\n\n<p class=\"wp-block-paragraph\">Os n\u00fameros s\u00e3o referentes \u00e0 regi\u00e3o da Grande S\u00e3o Paulo, tida como mais importante do Brasil pelo mercado publicit\u00e1rio. E seriam maiores caso a S\u00e3o Paulo n\u00e3o estivesse com s\u00e9rios problemas de falta de luz desde o dil\u00favio da sexta-feira. A medi\u00e7\u00e3o \u00e9 feita pela Kantar Ibope Media.<\/p>\n\n\n\n<figure class=\"wp-block-image size-large\"><img decoding=\"async\" src=\"https:\/\/www.grandepremio.com\/br\/wp-content\/uploads\/2023\/11\/sao-paulo-2023-f1-corrida-sprint-red-bull-max-verstappen-afp-0-1024x683.jpg\" alt=\"\" class=\"wp-image-750408\"\/><figcaption class=\"wp-element-caption\">Max Verstappen s\u00f3 precisou cuidar dos pneus para vencer a sprint em S\u00e3o Paulo (Foto: AFP) <\/figcaption><\/figure>\n\n\n\n<p class=\"wp-block-paragraph\">Na pista, Max Verstappen venceu a corrida sprint e contou com Lando Norris e Sergio P\u00e9rez logo atr\u00e1s.<\/p>\n\n\n\n<p class=\"wp-block-paragraph\">O\u00a0<strong>GRANDE PR\u00caMIO<\/strong>\u00a0acompanha todas as atividades\u00a0<a href=\"https:\/\/www.grandepremio.com\/br\/ao-vivo\/f1\/\" target=\"_blank\" rel=\"noreferrer noopener\"><strong>AO VIVO<\/strong>\u00a0e\u00a0<strong>EM TEMPO REAL<\/strong><\/a>\u00a0e cobre o GP de S\u00e3o Paulo de\u00a0<a href=\"https:\/\/www.grandepremio.com\/formula-1\/\" target=\"_blank\" rel=\"noreferrer noopener\">F\u00f3rmula 1<\/a>\u00a0\u2018in loco\u2019 com Evelyn Guimar\u00e3es, Gabriel Carvalho, Gabriel Curty, Jo\u00e3o Pedro Nascimento, Luana Marino, Pedro Henrique Marum e Rodrigo Berton. Em\u00a0<strong>SEGUNDA TELA<\/strong>, o\u00a0<strong>GP\u00a0<\/strong>acompanha a etapa com transmiss\u00f5es da classifica\u00e7\u00e3o, da sprint e da corrida. Na sexta-feira, no s\u00e1bado e no domingo, o\u00a0<strong>BRIEFING\u00a0<\/strong>repercute tudo que acontece na etapa brasileira.<\/p>\n\n\n\n<p class=\"wp-block-paragraph\"><strong>\u25b6\ufe0f\u00a0Inscreva-se nos dois canais do GRANDE PR\u00caMIO no YouTube:\u00a0<a href=\"https:\/\/www.youtube.com\/channel\/UC9OlHEgxoaY6QY6nWPoiqQg?sub_confirmation=1\" target=\"_blank\" rel=\"noreferrer noopener\">GP<\/a>\u00a0|\u00a0<a href=\"https:\/\/www.youtube.com\/channel\/UC9csiS6q_C3C0FYhyr1rnFA?sub_confirmation=1\" target=\"_blank\" rel=\"noreferrer noopener\">GP2<\/a><\/strong><br><strong>\u25b6\ufe0f\u00a0<a href=\"https:\/\/www.twitch.tv\/grandepremio\" target=\"_blank\" rel=\"noreferrer noopener\">Conhe\u00e7a o canal do GRANDE PR\u00caMIO na Twitch clicando aqui!<\/a><\/strong><\/p>\n\n\n\n<figure class=\"wp-block-embed is-type-video is-provider-youtube wp-block-embed-youtube wp-embed-aspect-4-3 wp-has-aspect-ratio\"><div class=\"wp-block-embed__wrapper\">\n<iframe loading=\"lazy\" title=\"F1 2023: tudo sobre a CORRIDA SPRINT do GP de S\u00c3O PAULO em Interlagos\" width=\"500\" height=\"281\" src=\"https:\/\/www.youtube.com\/embed\/0U6mSJ5i4fg?feature=oembed\" frameborder=\"0\" allow=\"accelerometer; autoplay; clipboard-write; encrypted-media; gyroscope; picture-in-picture; web-share\" referrerpolicy=\"strict-origin-when-cross-origin\" allowfullscreen><\/iframe>\n<\/div><figcaption class=\"wp-element-caption\">\ud83d\udd34F1 2023 AO VIVO em S\u00c3O PAULO: acompanhe a CORRIDA SPRINT no GRANDE PR\u00caMIO<\/figcaption><\/figure>\n","protected":false},"excerpt":{"rendered":"<p>A audi\u00eancia da Band foi a segunda maior da TV brasileira durante a transmiss\u00e3o da corrida curta do GP de S\u00e3o Paulo de F\u00f3rmula 1<\/p>\n","protected":false},"author":0,"featured_media":1000750382,"comment_status":"closed","ping_status":"closed","sticky":false,"template":"","format":"standard","meta":{"42wp_featured_image_caption":"","42wp_featured_image_credits":"","42wp_featured_video":"","42wp_featured_image_hidden":false,"42wp_authors_list":[],"footnotes":""},"categories":[2],"tags":[1280,6533,642,30722,36991,36992,26680,502,1491,26123,30103,28285,124],"42wp_author":[47120],"class_list":["post-96007","post","type-post","status-publish","format-standard","has-post-thumbnail","hentry","category-f1","tag-band","tag-f1-2023","tag-f1-ao-vivo","tag-formula-1-2023","tag-formula-1-sp","tag-gp-brasileiro","tag-gp-de-sao-paulo","tag-gp-do-brasil","tag-grande-premio","tag-grande-premio-ao-vivo","tag-grande-premio-f1","tag-grandepremio","tag-interlagos","42wp_author-pedro-henrique-marum"],"_links":{"self":[{"href":"https:\/\/grandepremio.com\/br\/wp-json\/wp\/v2\/posts\/96007","targetHints":{"allow":["GET"]}}],"collection":[{"href":"https:\/\/grandepremio.com\/br\/wp-json\/wp\/v2\/posts"}],"about":[{"href":"https:\/\/grandepremio.com\/br\/wp-json\/wp\/v2\/types\/post"}],"replies":[{"embeddable":true,"href":"https:\/\/grandepremio.com\/br\/wp-json\/wp\/v2\/comments?post=96007"}],"version-history":[{"count":0,"href":"https:\/\/grandepremio.com\/br\/wp-json\/wp\/v2\/posts\/96007\/revisions"}],"wp:featuredmedia":[{"embeddable":true,"href":"https:\/\/grandepremio.com\/br\/wp-json\/wp\/v2\/media\/1000750382"}],"wp:attachment":[{"href":"https:\/\/grandepremio.com\/br\/wp-json\/wp\/v2\/media?parent=96007"}],"wp:term":[{"taxonomy":"category","embeddable":true,"href":"https:\/\/grandepremio.com\/br\/wp-json\/wp\/v2\/categories?post=96007"},{"taxonomy":"post_tag","embeddable":true,"href":"https:\/\/grandepremio.com\/br\/wp-json\/wp\/v2\/tags?post=96007"},{"taxonomy":"42wp_author","embeddable":true,"href":"https:\/\/grandepremio.com\/br\/wp-json\/wp\/v2\/42wp_author?post=96007"}],"curies":[{"name":"wp","href":"https:\/\/api.w.org\/{rel}","templated":true}]}}