{"id":96032,"date":"2023-11-04T17:11:33","date_gmt":"2023-11-04T20:11:33","guid":{"rendered":"https:\/\/grandepremio.com\/br\/noticias\/lando-norris-admite-ter-sido-conservador-largada-max-verstappen-sprint-sao-paulo\/"},"modified":"2023-11-04T17:11:48","modified_gmt":"2023-11-04T20:11:48","slug":"lando-norris-admite-ter-sido-conservador-largada-max-verstappen-sprint-sao-paulo","status":"publish","type":"post","link":"https:\/\/grandepremio.com\/br\/f1\/lando-norris-admite-ter-sido-conservador-largada-max-verstappen-sprint-sao-paulo\/","title":{"rendered":"Norris admite ter sido &#8220;conservador&#8221; em largada com Verstappen na sprint de SP"},"content":{"rendered":"\n<p class=\"wp-block-paragraph\">A lideran\u00e7a de <strong>Lando Norris<\/strong> na corrida sprint do <strong>GP de S\u00e3o Paulo<\/strong>, <a href=\"https:\/\/www.grandepremio.com\/br\/f1\/noticias\/max-verstappen-aniquila-lando-norris-vence-corrida-sprint-frenetica-gp-de-sao-paulo-brasil-formula-1\/\" class=\"ek-link\">realizada neste s\u00e1bado (4)<\/a>, durou apenas alguns metros. Logo na primeira perna do S do Senna, <strong>Max Verstappen<\/strong> teve mais a\u00e7\u00e3o e ultrapassou o ingl\u00eas da <strong>McLaren<\/strong> que n\u00e3o teve mais como alcan\u00e7ar o tricampe\u00e3o mundial. Ap\u00f3s a prova, o #4 admitiu que foi muito conservador na largada, mas que est\u00e1 otimista para a corrida deste domingo.<\/p>\n\n\n\n<p class=\"wp-block-paragraph\">No r\u00e1dio ap\u00f3s a prova, Norris afirmou que o desgaste dos pneus foi muito alto e, com isso, o ritmo foi prejudicado. Ainda assim, o ingl\u00eas chegou com uma diferen\u00e7a de mais de 9s para <strong>Sergio P\u00e9rez<\/strong>, que terminou a prova em terceiro.<\/p>\n\n\n\n<p class=\"wp-block-paragraph\">&#8220;Tenho de revisar o come\u00e7o da prova, \u00e9 algo para se olhar mais tarde. Minha largada foi boa, mas na entrada da primeira curva, talvez tenha sido um pouco conservador. N\u00e3o acho que derrapei, apenas fui um pouco cauteloso. Ent\u00e3o, temos coisas a melhorar para amanh\u00e3&#8221;, explicou o ingl\u00eas.<\/p>\n\n\n\n<p class=\"wp-block-paragraph\">Ap\u00f3s a ultrapassagem de Verstappen, Norris teve de se preocupar tamb\u00e9m com a segunda posi\u00e7\u00e3o, j\u00e1 que, ainda na primeira volta, <strong>George Russell<\/strong> tinha um bom ritmo e chegou a ultrapassar seu compatriota. <\/p>\n\n\n\n<figure class=\"wp-block-image size-large\"><img decoding=\"async\" src=\"https:\/\/www.grandepremio.com\/br\/wp-content\/uploads\/2023\/11\/sao-paulo-2023-f1-classificacao-sprint-mclaren-lando-norris-03-1-1024x683.jpg\" alt=\"\" class=\"wp-image-750272\"\/><figcaption class=\"wp-element-caption\">Norris leva mais sete pontos neste s\u00e1bado em S\u00e3o Paulo (Foto: Rodrigo Berton\/Warm Up)<\/figcaption><\/figure>\n\n\n\n<p class=\"wp-block-paragraph\">&#8220;No entanto, fui pego um pouco desprevenido com George na primeira volta, mas o ritmo foi forte depois. Tentei ir atr\u00e1s de Max, mas simplesmente n\u00e3o tinha desempenho suficiente. Apesar de tudo, foi bem divertido&#8221;, revelou.<\/p>\n\n\n\n<p class=\"wp-block-paragraph\">J\u00e1 para a prova principal em Interlagos neste domingo, Norris v\u00ea boas possibilidades mesmo largando em sexto. O ingl\u00eas exaltou que tinha um ritmo pr\u00f3ximo de um dos melhores carros de todos os tempos.<\/p>\n\n\n\n<p class=\"wp-block-paragraph\">&#8220;N\u00e3o estou preocupado [com a corrida de amanh\u00e3], se algo, estou otimista com o qu\u00e3o bom foi nosso ritmo hoje, estava competindo de igual para igual com um dos melhores pilotos em um dos melhores carros de todos os tempos&#8221;, finalizou o #4.<\/p>\n\n\n\n<p class=\"wp-block-paragraph\">O&nbsp;<strong>GRANDE PR\u00caMIO&nbsp;<\/strong>acompanha todas as atividades&nbsp;<strong>AO VIVO e EM&nbsp;<a href=\"https:\/\/www.grandepremio.com\/br\/ao-vivo\/\" target=\"_blank\" rel=\"noreferrer noopener\">TEMPO REAL<\/a><\/strong>&nbsp;e cobre o GP de S\u00e3o Paulo de&nbsp;<a href=\"https:\/\/www.grandepremio.com\/formula-1\/\" target=\"_blank\" rel=\"noreferrer noopener\">F\u00f3rmula 1<\/a>&nbsp;\u2018in loco\u2019 com&nbsp;<strong>Evelyn Guimar\u00e3es<\/strong>,&nbsp;<strong>Gabriel Carvalho<\/strong>,&nbsp;<strong>Gabriel Curty<\/strong>,&nbsp;<strong>Jo\u00e3o Pedro Nascimento<\/strong>,&nbsp;<strong>Luana Marino<\/strong>,&nbsp;<strong>Pedro Henrique Marum&nbsp;<\/strong>e&nbsp;<strong>Rodrigo Berton<\/strong>. Em<strong>&nbsp;SEGUNDA TELA<\/strong>, o GP acompanha a etapa com transmiss\u00f5es da classifica\u00e7\u00e3o, da sprint e da corrida. Na sexta-feira, no s\u00e1bado e no domingo, o&nbsp;<strong>BRIEFING&nbsp;<\/strong>repercute tudo que acontece na etapa brasileira.<\/p>\n\n\n\n<p class=\"wp-block-paragraph\"><strong>\u25b6\ufe0f&nbsp;Inscreva-se nos dois canais do GRANDE PR\u00caMIO no YouTube:&nbsp;<a href=\"https:\/\/www.youtube.com\/channel\/UC9OlHEgxoaY6QY6nWPoiqQg?sub_confirmation=1\" target=\"_blank\" rel=\"noreferrer noopener\">GP<\/a>&nbsp;|&nbsp;<a href=\"https:\/\/www.youtube.com\/channel\/UC9csiS6q_C3C0FYhyr1rnFA?sub_confirmation=1\" target=\"_blank\" rel=\"noreferrer noopener\">GP2<\/a><\/strong><br><strong>\u25b6\ufe0f&nbsp;<a href=\"https:\/\/www.twitch.tv\/grandepremio\" target=\"_blank\" rel=\"noreferrer noopener\">Conhe\u00e7a o canal do GRANDE PR\u00caMIO na Twitch clicando aqui!<\/a><\/strong><\/p>\n\n\n\n<figure class=\"wp-block-embed is-type-video is-provider-youtube wp-block-embed-youtube wp-embed-aspect-16-9 wp-has-aspect-ratio\"><div class=\"wp-block-embed__wrapper\">\n<iframe loading=\"lazy\" title=\"F1 2023: VERSTAPPEN ANIQUILA NORRIS e vence CORRIDA SPRINT DO GP de S\u00c3O PAULO\" width=\"500\" height=\"281\" src=\"https:\/\/www.youtube.com\/embed\/t84IiPaSrlo?feature=oembed\" frameborder=\"0\" allow=\"accelerometer; autoplay; clipboard-write; encrypted-media; gyroscope; picture-in-picture; web-share\" referrerpolicy=\"strict-origin-when-cross-origin\" allowfullscreen><\/iframe>\n<\/div><\/figure>\n","protected":false},"excerpt":{"rendered":"<p>Lando Norris afirmou ap\u00f3s a corrida sprint em Interlagos que apesar de uma largada conservadora, em que perdeu a lideran\u00e7a, tem boa perspectiva para prova de domingo<\/p>\n","protected":false},"author":0,"featured_media":1000750333,"comment_status":"closed","ping_status":"closed","sticky":false,"template":"","format":"standard","meta":{"42wp_featured_image_caption":"","42wp_featured_image_credits":"","42wp_featured_video":"","42wp_featured_image_hidden":false,"42wp_authors_list":[],"footnotes":""},"categories":[2],"tags":[9397,5921,147,6533,642,180,30722,25463,36991,36992,26680,502,1491,26123,30103,28285,547,90,6285],"42wp_author":[47157],"class_list":["post-96032","post","type-post","status-publish","format-standard","has-post-thumbnail","hentry","category-f1","tag-autodromo-de-interlagos","tag-corrida-sprint","tag-f1","tag-f1-2023","tag-f1-ao-vivo","tag-formula-1","tag-formula-1-2023","tag-formula-1-sao-paulo","tag-formula-1-sp","tag-gp-brasileiro","tag-gp-de-sao-paulo","tag-gp-do-brasil","tag-grande-premio","tag-grande-premio-ao-vivo","tag-grande-premio-f1","tag-grandepremio","tag-lando-norris","tag-mclaren","tag-norris","42wp_author-jonas-souza"],"_links":{"self":[{"href":"https:\/\/grandepremio.com\/br\/wp-json\/wp\/v2\/posts\/96032","targetHints":{"allow":["GET"]}}],"collection":[{"href":"https:\/\/grandepremio.com\/br\/wp-json\/wp\/v2\/posts"}],"about":[{"href":"https:\/\/grandepremio.com\/br\/wp-json\/wp\/v2\/types\/post"}],"replies":[{"embeddable":true,"href":"https:\/\/grandepremio.com\/br\/wp-json\/wp\/v2\/comments?post=96032"}],"version-history":[{"count":0,"href":"https:\/\/grandepremio.com\/br\/wp-json\/wp\/v2\/posts\/96032\/revisions"}],"wp:featuredmedia":[{"embeddable":true,"href":"https:\/\/grandepremio.com\/br\/wp-json\/wp\/v2\/media\/1000750333"}],"wp:attachment":[{"href":"https:\/\/grandepremio.com\/br\/wp-json\/wp\/v2\/media?parent=96032"}],"wp:term":[{"taxonomy":"category","embeddable":true,"href":"https:\/\/grandepremio.com\/br\/wp-json\/wp\/v2\/categories?post=96032"},{"taxonomy":"post_tag","embeddable":true,"href":"https:\/\/grandepremio.com\/br\/wp-json\/wp\/v2\/tags?post=96032"},{"taxonomy":"42wp_author","embeddable":true,"href":"https:\/\/grandepremio.com\/br\/wp-json\/wp\/v2\/42wp_author?post=96032"}],"curies":[{"name":"wp","href":"https:\/\/api.w.org\/{rel}","templated":true}]}}