{"id":9606,"date":"2026-04-29T08:03:52","date_gmt":"2026-04-29T11:03:52","guid":{"rendered":"https:\/\/grandepremio.com\/br\/noticias\/audi-mantem-foco-2030-mudanca-profunda-conceito-motor-formula-1\/"},"modified":"2026-04-29T08:34:20","modified_gmt":"2026-04-29T11:34:20","slug":"audi-mantem-foco-2030-mudanca-profunda-conceito-motor-formula-1","status":"publish","type":"post","link":"https:\/\/grandepremio.com\/br\/f1\/audi-mantem-foco-2030-mudanca-profunda-conceito-motor-formula-1\/","title":{"rendered":"Audi mant\u00e9m foco em 2030 e avalia mudan\u00e7a profunda de conceito no motor da F\u00f3rmula 1"},"content":{"rendered":"\n<p class=\"wp-block-paragraph\">Em meio a um in\u00edcio de altos e baixos no novo regulamento da <strong>F\u00f3rmula 1<\/strong>, a <strong>Audi <\/strong>estuda uma mudan\u00e7a profunda de conceito na unidade de pot\u00eancia para os pr\u00f3ximos anos. Na vis\u00e3o de <strong>Mattia Binotto<\/strong>, chefe do projeto da marca alem\u00e3 na categoria, esse \u00e9 o caminho para se aproximar das principais equipes do grid e manter o <a href=\"https:\/\/www.grandepremio.com\/br\/f1\/noticias\/mattia-binotto-reforca-meta-brigar-titulo-2030-mentalidade-inovadora-audi\/\" target=\"_blank\" rel=\"noreferrer noopener\">objetivo de disputar o t\u00edtulo<\/a> at\u00e9 a temporada <strong>2030<\/strong>. Essa altera\u00e7\u00e3o, por\u00e9m, pode n\u00e3o ser vi\u00e1vel para o ano que vem, o que a empurraria para <strong>2028<\/strong>.<\/p>\n\n\n\n<p class=\"wp-block-paragraph\">O in\u00edcio da Audi na temporada <strong>2026 <\/strong>da F1 tem sido positivo, com <a href=\"https:\/\/www.grandepremio.com\/br\/f1\/noticias\/george-russell-supera-ameaca-ferrari-vence-gp-da-australia-f1-2026-gabriel-bortoleto-9o\/\">pontos de <strong>Gabriel Bortoleto<\/strong> na estreia<\/a> e a capacidade de competir plenamente no pelot\u00e3o intermedi\u00e1rio. No entanto, os problemas de confiabilidade est\u00e3o l\u00e1, principalmente nas largadas. Al\u00e9m disso, o entendimento da equipe \u00e9 de que o principal d\u00e9ficit em rela\u00e7\u00e3o aos principais times n\u00e3o est\u00e1 no chassi, mas na unidade de pot\u00eancia em si \u2014 o que for\u00e7aria uma mudan\u00e7a profunda.<\/p>\n\n\n\n<figure class=\"wp-block-embed is-type-video is-provider-youtube wp-block-embed-youtube wp-embed-aspect-16-9 wp-has-aspect-ratio\"><div class=\"wp-block-embed__wrapper\">\n<iframe loading=\"lazy\" title=\"F1 2026 VERS\u00c3O 2.0: COMO SER\u00c1 O GP DE MIAMI COM CORRIDA SPRINT E NOVAS REGRAS | Paddock GP #453\" width=\"500\" height=\"281\" src=\"https:\/\/www.youtube.com\/embed\/BIJhZdzvYbg?feature=oembed\" frameborder=\"0\" allow=\"accelerometer; autoplay; clipboard-write; encrypted-media; gyroscope; picture-in-picture; web-share\" referrerpolicy=\"strict-origin-when-cross-origin\" allowfullscreen><\/iframe>\n<\/div><\/figure>\n\n\n\n<h3 class=\"wp-block-heading has-vivid-red-color has-text-color has-link-color wp-elements-1\" id=\"h-gp-experience-o-novo-produto-do-grande-premio-conecta-voce-aos-maiores-eventos-de-esporte-a-motor-do-mundo-va-para-indianapolis-com-a-gente-nbsp-saiba-aqui-todos-os-detalhes\"><strong>+ GP EXPERIENCE: o novo produto do GRANDE PR\u00caMIO conecta voc\u00ea aos maiores eventos de esporte a motor do mundo. V\u00e1 para Indian\u00e1polis com a gente:&nbsp;<a href=\"https:\/\/gpexperience.tur.br\/\">saiba aqui todos os detalhes<\/a>.<\/strong><\/h3>\n\n\n\n<p class=\"wp-block-paragraph\">&#8220;\u00c9 uma combina\u00e7\u00e3o de pot\u00eancia, entrega de energia, efici\u00eancia e pilotagem&#8221;, disse Binotto ao portal ingl\u00eas <em>The Race<\/em>. &#8220;Em termos de controles, calibra\u00e7\u00e3o de softwares, ainda podemos fazer muito. As mudan\u00e7as de marcha s\u00e3o duras, o que est\u00e1 afetando o carro na frenagem, tornando-o inst\u00e1vel. E quando voc\u00ea tem uma pilotagem t\u00e3o dif\u00edcil, fica mais complicado equilibrar o carro porque voc\u00ea precisa proteger a traseira e n\u00e3o pode equilibr\u00e1-lo de uma forma que funcionaria melhor&#8221;, explicou.<\/p>\n\n\n\n<p class=\"wp-block-paragraph\">&#8220;Ent\u00e3o, sigo dizendo: para n\u00f3s, \u00e9 uma combina\u00e7\u00e3o de pura pot\u00eancia do motor e efici\u00eancia da energia, ou a forma que a usamos. Em termos de ferramentas, precisamos melhorar a pilotagem do carro. No geral, essa \u00e9 nossa maior dist\u00e2ncia para as principais equipes hoje \u2014 que est\u00e1 em pelo menos 1s&#8221;, analisou.<\/p>\n\n\n\n<p class=\"wp-block-paragraph\">E a quest\u00e3o \u00e9 que alguns desses problemas podem ser resolvidos com atualiza\u00e7\u00f5es de softwares e outros refinamentos, mas n\u00e3o o suficiente para empurrar a Audi rumo ao topo. Os problemas de largada, por exemplo, t\u00eam como raiz o <strong>tamanho do turbocompressor<\/strong>, considerado o maior do grid no momento.<\/p>\n\n\n\n<p class=\"wp-block-paragraph\">No fim, ainda que o time receba oportunidades de mexer no motor <a href=\"https:\/\/www.grandepremio.com\/br\/f1\/noticias\/fia-lembra-pedido-equipes-metodo-mais-simples-definicao-aduo-f1\/\" target=\"_blank\" rel=\"noreferrer noopener\">por meio do <strong>ADUO<\/strong><\/a>, as altera\u00e7\u00f5es necess\u00e1rias s\u00e3o consideravelmente mais profundas e invi\u00e1veis ao longo de uma temporada. Por isso, Binotto confia que uma revolu\u00e7\u00e3o de conceito pode ser o caminho para aproximar a esquadra das pot\u00eancias da F1.<\/p>\n\n\n\n<figure class=\"wp-block-image size-full\"><img decoding=\"async\" src=\"https:\/\/www.grandepremio.com\/br\/wp-content\/uploads\/2026\/02\/Binotto-1.jpg\" alt=\"\" class=\"wp-image-1057389\"\/><figcaption class=\"wp-element-caption\">Para se tornar uma equipe de ponta na F1, Audi vai precisar mudar, segundo Binotto (Foto: Audi)<\/figcaption><\/figure>\n\n\n\n<p class=\"wp-block-paragraph\">&#8220;Para n\u00f3s, parte disso significaria entrar em um novo conceito de design no motor, que poderia nem ser em <strong>2027<\/strong>, mas em <strong>2028<\/strong>. Precisamos ser pacientes, sei disso. Mas, por outro lado, ainda podemos tentar entregar enquanto somos pacientes. E o que estamos fazendo hoje \u00e9 bom, n\u00e3o \u00e9 t\u00e3o ruim&#8221;, afirmou.<\/p>\n\n\n\n<p class=\"wp-block-paragraph\">&#8220;Nunca foi um mesmo problema se repetindo. Por um lado, isso \u00e9 encorajador, porque significa que estamos resolvendo os problemas que encontramos. Mas, por outro, mostra o qu\u00e3o jovem e imaturo nosso projeto \u00e9. Os problemas que encontramos est\u00e3o, \u00e0s vezes, no design, nas opera\u00e7\u00f5es. Erros b\u00e1sicos, humanos, que podem acontecer quando um time ainda \u00e9 jovem. Mas s\u00e3o diferentes tipos de pequenos problemas que afetam o carro&#8221;, pontuou.<\/p>\n\n\n\n<p class=\"wp-block-paragraph\">Ao justificar a mudan\u00e7a de conceito, Binotto explicou que o principal \u00e9 manter a vis\u00e3o de longo prazo da Audi. N\u00e3o que a equipe deva suspender o trabalho atual, mas o dirigente refor\u00e7ou que o mais importante \u00e9 tomar as decis\u00f5es que a levem a brigar pelo t\u00edtulo em 2030. Para chegar l\u00e1, na vis\u00e3o do italiano, ser\u00e1 necess\u00e1rio alterar o conceito e crescer como equipe e estrutura.<\/p>\n\n\n\n<p class=\"wp-block-paragraph\">&#8220;Acho que \u00e9 como uma checklist. \u00c9 sobre consist\u00eancia, revirar todas as possibilidades e garantir que todos os detalhes importam. Mas tenho de dizer que a equipe est\u00e1 muito focada e concentrada. Eles entendem o que \u00e9 necess\u00e1rio neste n\u00edvel e est\u00e3o realmente trabalhando para garantir que tenhamos as solu\u00e7\u00f5es o mais r\u00e1pido poss\u00edvel. Quanto mais andamos, mais aprendemos. Ent\u00e3o, n\u00e3o posso dizer que hoje estou feliz por termos toda a confiabilidade. N\u00e3o temos, coisas ainda podem acontecer&#8221;, admitiu.<\/p>\n\n\n\n<figure class=\"wp-block-image size-large\"><img decoding=\"async\" src=\"https:\/\/www.grandepremio.com\/br\/wp-content\/uploads\/2026\/03\/BRIEFING-27-1200x675.jpg\" alt=\"\" class=\"wp-image-1072244\"\/><figcaption class=\"wp-element-caption\">At\u00e9 aqui, Bortoleto somou na Austr\u00e1lia os dois pontos da Audi na F1 2026 (Foto: Audi)<\/figcaption><\/figure>\n\n\n\n<p class=\"wp-block-paragraph\">&#8220;Mas \u00e9 por isso que tra\u00e7amos um objetivo que pode parecer t\u00e3o distante, em 2030. Estamos na base neste momento. Ser\u00e1 importante para n\u00f3s equilibrar o curto e o longo prazo, porque nosso objetivo \u00e9 em dire\u00e7\u00e3o ao futuro. Enquanto trabalhamos para acertar o agora, n\u00e3o podemos nos distrair de nossa ambi\u00e7\u00e3o a longo prazo. Estamos sob o teto de gastos, somos limitados em termos de capacidade. A evolu\u00e7\u00e3o a longo prazo \u00e9 a mais importante&#8221;, sentenciou.<\/p>\n\n\n\n<p class=\"wp-block-paragraph\">&#8220;E qualquer coisa que possamos fazer no curto prazo, dentro dos limites, faremos. Mas \u00e9 mais importante olhar \u00e0 frente e construir o futuro. N\u00e3o podemos perder [a mira] em 2030. Ent\u00e3o, precisamos continuar subindo nossa montanha daqui at\u00e9 l\u00e1. Obviamente, para ir bem em 2026, \u00e9 importante seguir treinando os m\u00fasculos. Mas n\u00e3o vou comprometer o futuro pelo curto prazo&#8221;, finalizou o chefe do projeto da Audi.<\/p>\n\n\n\n<p class=\"wp-block-paragraph\">A F\u00f3rmula 1 volta neste fim de semana, de 1\u00ba a 3 de maio, com o&nbsp;<strong>GP de Miami<\/strong>, quarta etapa da temporada. O&nbsp;<strong>GRANDE PR\u00caMIO<\/strong>&nbsp;acompanha todas as atividades&nbsp;<a href=\"https:\/\/www.grandepremio.com\/br\/ao-vivo\/f1\/\"><strong>AO VIVO E EM&nbsp;<\/strong><\/a><strong><a href=\"https:\/\/www.grandepremio.com\/br\/ao-vivo\/\" target=\"_blank\" rel=\"noreferrer noopener\">TEMPO REAL<\/a><\/strong>,&nbsp;<a href=\"https:\/\/www.youtube.com\/@GrandePremio1\/streams\">al\u00e9m de classifica\u00e7\u00f5es e corridas em&nbsp;<strong>SEGUNDA TELA&nbsp;<\/strong>no YouTube<\/a>, em parceria com a&nbsp;<strong>Voz do Esporte<\/strong>. O&nbsp;<strong>Briefing&nbsp;<\/strong>chega para analisar ap\u00f3s o fim de cada dia de atividades nas redes sociais e na&nbsp;<strong>GPTV<\/strong>.<\/p>\n\n\n\n<p class=\"wp-block-paragraph\">Al\u00e9m disso, o&nbsp;<strong>GRANDE PR\u00caMIO<\/strong>&nbsp;estar\u00e1 in loco em Miami com o rep\u00f3rter&nbsp;<strong>Bernardo Castro<\/strong>.<\/p>\n\n\n\n<h2 class=\"wp-block-heading\" id=\"h-gp-de-miami-de-f1-veja-os-horarios-em-brasil-cabo-verde-portugal-angola-e-mocambique\">GP de Miami de F1: veja os hor\u00e1rios em Brasil, Cabo Verde, Portugal, Angola e Mo\u00e7ambique:<\/h2>\n\n\n\n<figure class=\"wp-block-table\"><table class=\"has-fixed-layout\"><tbody><tr><td class=\"has-text-align-left\" data-align=\"left\"><strong>Sess\u00e3o<\/strong><\/td><td class=\"has-text-align-left\" data-align=\"left\"><strong>BRA*<\/strong><\/td><td class=\"has-text-align-left\" data-align=\"left\"><strong>CBV<\/strong><\/td><td class=\"has-text-align-left\" data-align=\"left\"><strong>POR<\/strong><br><strong>ANG<\/strong><\/td><td class=\"has-text-align-left\" data-align=\"left\"><strong>MOZ<\/strong><\/td><\/tr><tr><td class=\"has-text-align-left\" data-align=\"left\">Treino livre 1<\/td><td class=\"has-text-align-left\" data-align=\"left\">13:00<\/td><td class=\"has-text-align-left\" data-align=\"left\">15:00<\/td><td class=\"has-text-align-left\" data-align=\"left\">17:00<\/td><td class=\"has-text-align-left\" data-align=\"left\">18:00<\/td><\/tr><tr><td class=\"has-text-align-left\" data-align=\"left\">Classifica\u00e7\u00e3o Sprint<\/td><td class=\"has-text-align-left\" data-align=\"left\">17:30<\/td><td class=\"has-text-align-left\" data-align=\"left\">19:30<\/td><td class=\"has-text-align-left\" data-align=\"left\">21:30<\/td><td class=\"has-text-align-left\" data-align=\"left\">22:30<\/td><\/tr><tr><td class=\"has-text-align-left\" data-align=\"left\">Corrida Sprint<\/td><td class=\"has-text-align-left\" data-align=\"left\">13:00<\/td><td class=\"has-text-align-left\" data-align=\"left\">15:00<\/td><td class=\"has-text-align-left\" data-align=\"left\">17:00<\/td><td class=\"has-text-align-left\" data-align=\"left\">18:00<\/td><\/tr><tr><td class=\"has-text-align-left\" data-align=\"left\">Classifica\u00e7\u00e3o<\/td><td class=\"has-text-align-left\" data-align=\"left\">17:00<\/td><td class=\"has-text-align-left\" data-align=\"left\">19:00<\/td><td class=\"has-text-align-left\" data-align=\"left\">21:00<\/td><td class=\"has-text-align-left\" data-align=\"left\">22:00<\/td><\/tr><tr><td class=\"has-text-align-left\" data-align=\"left\">Corrida<\/td><td class=\"has-text-align-left\" data-align=\"left\">17:00<\/td><td class=\"has-text-align-left\" data-align=\"left\">19:00<\/td><td class=\"has-text-align-left\" data-align=\"left\">21:00<\/td><td class=\"has-text-align-left\" data-align=\"left\">22:00<\/td><\/tr><\/tbody><\/table><\/figure>\n\n\n\n<p class=\"wp-block-paragraph\">\u25b6\ufe0f&nbsp;<strong>Inscreva-se nos dois canais do GRANDE PR\u00caMIO no YouTube:&nbsp;<a href=\"https:\/\/www.youtube.com\/channel\/UC9OlHEgxoaY6QY6nWPoiqQg?sub_confirmation=1\">GP<\/a>&nbsp;|&nbsp;<a href=\"https:\/\/www.youtube.com\/channel\/UC9csiS6q_C3C0FYhyr1rnFA?sub_confirmation=1\">GPTV<\/a><\/strong><a href=\"https:\/\/www.grandepremio.com\/br\/chefao\/\" target=\"_blank\" rel=\"noreferrer noopener\"><\/a><\/p>\n\n\n\n<h2 class=\"wp-block-heading\" id=\"h-f1-hoje-saiba-aqui-as-noticias-mais-importantes-do-dia-da-formula-1\">F1 hoje: saiba aqui as not\u00edcias mais importantes do dia da F\u00f3rmula 1<\/h2>\n\n\n\n<p class=\"wp-block-paragraph\">A reda\u00e7\u00e3o do&nbsp;<strong>GRANDE PR\u00caMIO<\/strong>&nbsp;selecionou as not\u00edcias mais importantes das \u00faltimas horas para voc\u00ea ficar por dentro de tudo que acontece na F1.<\/p>\n\n\n\n<p class=\"wp-block-paragraph\">\u25b6\ufe0f&nbsp;<strong><a href=\"https:\/\/www.grandepremio.com\/br\/grandepremium\/10\/f1\/materias\/africa-do-sul-ate-argentina-circuitos-podem-entrar-f1-proximos-anos\/\">De \u00c1frica do Sul at\u00e9 Argentina: circuitos que podem entrar na F1 nos pr\u00f3ximos anos<\/a><br><\/strong>\u25b6\ufe0f&nbsp;<strong><a href=\"https:\/\/www.grandepremio.com\/br\/f1\/noticias\/fernando-alonso-afasta-chance-aposentadoria-f1-nao-sinto-que-momento-chegou\/\"><\/a><a href=\"https:\/\/www.grandepremio.com\/br\/f1\/noticias\/fia-alerta-punicao-equipes-usarem-potencia-extra-largada-proposito\/\">FIA alerta sobre puni\u00e7\u00e3o para equipes que usarem pot\u00eancia extra em largada de prop\u00f3sito<\/a><br><\/strong>\u25b6\ufe0f <strong><a href=\"https:\/\/www.grandepremio.com\/br\/f1\/noticias\/fia-revela-equipes-barraram-proposta-reducao-parte-eletrica-motor-f1-2026\/\">FIA revela que equipes barraram proposta de redu\u00e7\u00e3o de parte el\u00e9trica de motor da F1 2026<\/a><br><\/strong>\u25b6\ufe0f&nbsp;<strong><a href=\"https:\/\/www.grandepremio.com\/br\/f1\/noticias\/f1-2026-faz-abertura-2-0-gp-miami-novidades-aerodinamicas-mercedes-mira\/\"><\/a><a href=\"https:\/\/www.grandepremio.com\/br\/f1\/noticias\/red-bull-nega-exodo-recente-influencie-saida-max-verstappen-de-jeito-nenhum\/\">Red Bull nega que \u00eaxodo recente influencie em sa\u00edda de Vers<\/a><\/strong><\/p>\n","protected":false},"excerpt":{"rendered":"<p>Focada em brigar pelo t\u00edtulo mundial da F\u00f3rmula 1 em 2030, a Audi avalia que uma mudan\u00e7a profunda no conceito da unidade de pot\u00eancia ser\u00e1 necess\u00e1ria para aproxim\u00e1-la das principais for\u00e7as do grid<\/p>\n","protected":false},"author":0,"featured_media":1001073147,"comment_status":"closed","ping_status":"closed","sticky":false,"template":"","format":"standard","meta":{"42wp_featured_image_caption":"","42wp_featured_image_credits":"","42wp_featured_video":"","42wp_featured_image_hidden":false,"42wp_authors_list":[],"footnotes":""},"categories":[2],"tags":[970,26271,5273,147,29516,29148,2469,180,31425,28995,350,873,1491,28285,30840,442,35129,31470],"42wp_author":[47142],"class_list":["post-9606","post","type-post","status-publish","format-standard","has-post-thumbnail","hentry","category-f1","tag-audi","tag-calendario-f1","tag-classificacao-f1","tag-f1","tag-f1-2026","tag-f1-hoje","tag-f1-miami","tag-formula-1","tag-formula-1-2026","tag-formula-1-hoje","tag-gabriel-bortoleto","tag-gp-de-miami","tag-grande-premio","tag-grandepremio","tag-horarios-f1","tag-mattia-binotto","tag-onde-assistir-f1","tag-temporada-2026-f1","42wp_author-jp-nascimento"],"_links":{"self":[{"href":"https:\/\/grandepremio.com\/br\/wp-json\/wp\/v2\/posts\/9606","targetHints":{"allow":["GET"]}}],"collection":[{"href":"https:\/\/grandepremio.com\/br\/wp-json\/wp\/v2\/posts"}],"about":[{"href":"https:\/\/grandepremio.com\/br\/wp-json\/wp\/v2\/types\/post"}],"replies":[{"embeddable":true,"href":"https:\/\/grandepremio.com\/br\/wp-json\/wp\/v2\/comments?post=9606"}],"version-history":[{"count":0,"href":"https:\/\/grandepremio.com\/br\/wp-json\/wp\/v2\/posts\/9606\/revisions"}],"wp:featuredmedia":[{"embeddable":true,"href":"https:\/\/grandepremio.com\/br\/wp-json\/wp\/v2\/media\/1001073147"}],"wp:attachment":[{"href":"https:\/\/grandepremio.com\/br\/wp-json\/wp\/v2\/media?parent=9606"}],"wp:term":[{"taxonomy":"category","embeddable":true,"href":"https:\/\/grandepremio.com\/br\/wp-json\/wp\/v2\/categories?post=9606"},{"taxonomy":"post_tag","embeddable":true,"href":"https:\/\/grandepremio.com\/br\/wp-json\/wp\/v2\/tags?post=9606"},{"taxonomy":"42wp_author","embeddable":true,"href":"https:\/\/grandepremio.com\/br\/wp-json\/wp\/v2\/42wp_author?post=9606"}],"curies":[{"name":"wp","href":"https:\/\/api.w.org\/{rel}","templated":true}]}}