{"id":96106,"date":"2023-11-04T10:50:06","date_gmt":"2023-11-04T13:50:06","guid":{"rendered":"https:\/\/grandepremio.com\/br\/noticias\/formula-1-realiza-corrida-sprint-gp-do-sao-paulo-brasil-sem-chuva-apos-sexta\/"},"modified":"2023-11-04T19:01:49","modified_gmt":"2023-11-04T22:01:49","slug":"formula-1-realiza-corrida-sprint-gp-do-sao-paulo-brasil-sem-chuva-apos-sexta","status":"publish","type":"post","link":"https:\/\/grandepremio.com\/br\/f1\/formula-1-realiza-corrida-sprint-gp-do-sao-paulo-brasil-sem-chuva-apos-sexta\/","title":{"rendered":"F\u00f3rmula 1 realiza corrida sprint do GP de S\u00e3o Paulo sem chuva ap\u00f3s caos da sexta"},"content":{"rendered":"\n<p class=\"wp-block-paragraph\">Ap\u00f3s um dia absolutamente ca\u00f3tico na sexta-feira no <strong>GP de S\u00e3o Paulo<\/strong>, <strong><a href=\"https:\/\/www.grandepremio.com\/br\/f1\/noticias\/tempestade-interlagos-provoca-acidente-serio-setor-premium-6-feridos\/\" class=\"ek-link\">com direito a dil\u00favio, queda de parte da estrutura e feridos, al\u00e9m de um cen\u00e1rio apocal\u00edptico<\/a><\/strong>, a <strong>F\u00f3rmula 1<\/strong> se prepara para um dia mais normal no s\u00e1bado (4). A previs\u00e3o do tempo indica <strong>aus\u00eancia de chance de chuva<\/strong> para o decorrer do dia.<\/p>\n\n\n\n<p class=\"wp-block-paragraph\">As informa\u00e7\u00f5es s\u00e3o do servi\u00e7o de meteorologia Accuweather. A largada da corrida sprint est\u00e1 marcada para as 15h30 (de Bras\u00edlia, GMT-3) e conta com expectativa de 25\u00b0C de temperatura ambiente e sensa\u00e7\u00e3o t\u00e9rmica. Mas apenas 19% do c\u00e9u estar\u00e1 coberto de nuvens. A chance de chuva \u00e9 zero.<\/p>\n\n\n\n<p class=\"wp-block-paragraph\">No que diz respeito aos ventos, a for\u00e7a continua respeit\u00e1vel: 19 km\/h de m\u00e9dia e rajadas de at\u00e9 41 km\/h. A umidade relativa do ar chega a 37%.<\/p>\n\n\n\n<p class=\"wp-block-paragraph\">Antes disso, a classifica\u00e7\u00e3o para a sprint est\u00e1 marcada para as 11h. A temperatura tamb\u00e9m ser\u00e1 de 25\u00b0C, mas com 29\u00b0C de sensa\u00e7\u00e3o t\u00e9rmica, al\u00e9m de um quente sol na regi\u00e3o da Zona Sul de S\u00e3o Paulo.<\/p>\n\n\n\n<figure class=\"wp-block-image size-large\"><img decoding=\"async\" src=\"https:\/\/www.grandepremio.com\/br\/wp-content\/uploads\/2023\/11\/Imagem-do-WhatsApp-de-2023-11-04-as-10.11.12_92cc4ac0-1024x768.jpg\" alt=\"F1 2023, GP DE S\u00c3O PAULO, INTERLAGOS, S\u00c1BADO, CLASSIFICA\u00c7\u00c3O, SPRINT,\" class=\"wp-image-749989\"\/><figcaption class=\"wp-element-caption\">Depois do caos da sexta-feira, Interlagos amanheceu com c\u00e9u azul e sol para a sprint da F1 (Foto: Jo\u00e3o Pedro Nascimento\/Grande Pr\u00eamio)\n<\/figcaption><\/figure>\n\n\n\n<p class=\"wp-block-paragraph\">A for\u00e7a dos ventos fica em 15 km\/h e rajadas de at\u00e9 26 km\/h, enquanto a umidade chega a 49%. Apenas 15% do c\u00e9u fica coberto por nuvens.<\/p>\n\n\n\n<p class=\"wp-block-paragraph\">O&nbsp;<strong>GRANDE PR\u00caMIO<\/strong>&nbsp;acompanha todas as atividades&nbsp;<a href=\"https:\/\/www.grandepremio.com\/br\/ao-vivo\/f1\/\" target=\"_blank\" rel=\"noreferrer noopener\"><strong>AO VIVO<\/strong>&nbsp;e&nbsp;<strong>EM TEMPO REAL<\/strong><\/a>&nbsp;e cobre o GP de S\u00e3o Paulo de&nbsp;<a href=\"https:\/\/www.grandepremio.com\/formula-1\/\" target=\"_blank\" rel=\"noreferrer noopener\">F\u00f3rmula 1<\/a>&nbsp;\u2018in loco\u2019 com Evelyn Guimar\u00e3es, Gabriel Carvalho, Gabriel Curty, Jo\u00e3o Pedro Nascimento, Luana Marino, Pedro Henrique Marum e Rodrigo Berton. Em&nbsp;<strong>SEGUNDA TELA<\/strong>, o&nbsp;<strong>GP&nbsp;<\/strong>acompanha a etapa com transmiss\u00f5es da classifica\u00e7\u00e3o, da sprint e da corrida. Na sexta-feira, no s\u00e1bado e no domingo, o&nbsp;<strong>BRIEFING&nbsp;<\/strong>repercute tudo que acontece na etapa brasileira.<\/p>\n\n\n\n<figure class=\"wp-block-embed is-type-video is-provider-youtube wp-block-embed-youtube wp-embed-aspect-16-9 wp-has-aspect-ratio\"><div class=\"wp-block-embed__wrapper\">\n<iframe loading=\"lazy\" title=\"GP de S\u00c3O PAULO: VERSTAPPEN POLE antes da TEMPESTADE: tudo sobre a CLASSIFICA\u00c7\u00c3O | Briefing\" width=\"500\" height=\"281\" src=\"https:\/\/www.youtube.com\/embed\/3FDQSSnhK7Q?feature=oembed\" frameborder=\"0\" allow=\"accelerometer; autoplay; clipboard-write; encrypted-media; gyroscope; picture-in-picture; web-share\" referrerpolicy=\"strict-origin-when-cross-origin\" allowfullscreen><\/iframe>\n<\/div><figcaption class=\"wp-element-caption\">GP de S\u00c3O PAULO: VERSTAPPEN POLE antes da TEMPESTADE: tudo sobre a CLASSIFICA\u00c7\u00c3O | Briefing<\/figcaption><\/figure>\n","protected":false},"excerpt":{"rendered":"<p>N\u00e3o vai ter chuva! Ao menos \u00e9 o que a previs\u00e3o do tempo indica para o s\u00e1bado da corrida sprint do GP de S\u00e3o Paulo da F\u00f3rmula 1 2023<\/p>\n","protected":false},"author":0,"featured_media":1000749991,"comment_status":"closed","ping_status":"closed","sticky":false,"template":"","format":"standard","meta":{"42wp_featured_image_caption":"","42wp_featured_image_credits":"","42wp_featured_video":"","42wp_featured_image_hidden":false,"42wp_authors_list":[],"footnotes":""},"categories":[2],"tags":[6533,642,30722,36991,36992,26680,502,1491,26123,30103,28285],"42wp_author":[47120],"class_list":["post-96106","post","type-post","status-publish","format-standard","has-post-thumbnail","hentry","category-f1","tag-f1-2023","tag-f1-ao-vivo","tag-formula-1-2023","tag-formula-1-sp","tag-gp-brasileiro","tag-gp-de-sao-paulo","tag-gp-do-brasil","tag-grande-premio","tag-grande-premio-ao-vivo","tag-grande-premio-f1","tag-grandepremio","42wp_author-pedro-henrique-marum"],"_links":{"self":[{"href":"https:\/\/grandepremio.com\/br\/wp-json\/wp\/v2\/posts\/96106","targetHints":{"allow":["GET"]}}],"collection":[{"href":"https:\/\/grandepremio.com\/br\/wp-json\/wp\/v2\/posts"}],"about":[{"href":"https:\/\/grandepremio.com\/br\/wp-json\/wp\/v2\/types\/post"}],"replies":[{"embeddable":true,"href":"https:\/\/grandepremio.com\/br\/wp-json\/wp\/v2\/comments?post=96106"}],"version-history":[{"count":0,"href":"https:\/\/grandepremio.com\/br\/wp-json\/wp\/v2\/posts\/96106\/revisions"}],"wp:featuredmedia":[{"embeddable":true,"href":"https:\/\/grandepremio.com\/br\/wp-json\/wp\/v2\/media\/1000749991"}],"wp:attachment":[{"href":"https:\/\/grandepremio.com\/br\/wp-json\/wp\/v2\/media?parent=96106"}],"wp:term":[{"taxonomy":"category","embeddable":true,"href":"https:\/\/grandepremio.com\/br\/wp-json\/wp\/v2\/categories?post=96106"},{"taxonomy":"post_tag","embeddable":true,"href":"https:\/\/grandepremio.com\/br\/wp-json\/wp\/v2\/tags?post=96106"},{"taxonomy":"42wp_author","embeddable":true,"href":"https:\/\/grandepremio.com\/br\/wp-json\/wp\/v2\/42wp_author?post=96106"}],"curies":[{"name":"wp","href":"https:\/\/api.w.org\/{rel}","templated":true}]}}