{"id":96112,"date":"2023-11-04T05:15:00","date_gmt":"2023-11-04T08:15:00","guid":{"rendered":"https:\/\/grandepremio.com\/br\/noticias\/haas-maquina-azeitada-rasga-elogios-mecanicos-recuperacao-acidente\/"},"modified":"2023-11-04T10:34:25","modified_gmt":"2023-11-04T13:34:25","slug":"haas-maquina-azeitada-rasga-elogios-mecanicos-recuperacao-acidente","status":"publish","type":"post","link":"https:\/\/grandepremio.com\/br\/f1\/haas-maquina-azeitada-rasga-elogios-mecanicos-recuperacao-acidente\/","title":{"rendered":"Haas v\u00ea &#8220;m\u00e1quina azeitada&#8221; e rasga elogios a mec\u00e2nicos por recupera\u00e7\u00e3o de acidente"},"content":{"rendered":"\n<p class=\"wp-block-paragraph\">O <a href=\"https:\/\/www.grandepremio.com\/br\/f1\/noticias\/kevin-magnussen-bate-forte-sai-zonzo-carro-interrompe-gp-cidade-mexico-formula-1\/\" class=\"ek-link\"><strong>forte acidente<\/strong><\/a> de <strong>Kevin Magnussen<\/strong> no <strong><a href=\"https:\/\/www.grandepremio.com\/br\/f1\/noticias\/max-verstappen-conta-ajuda-patacoada-caseira-sergio-perez-vence-gp-da-cidade-do-mexico-formula-1\/\" class=\"ek-link\">GP da Cidade do M\u00e9xico<\/a><\/strong>, apenas alguns dias atr\u00e1s, levantou certa preocupa\u00e7\u00e3o. Afinal, a <strong>Haas<\/strong> tinha de partir para o Brasil para voltar \u00e0s pistas cinco dias depois. Como conciliar a realidade dos tempos e a recupera\u00e7\u00e3o do acidente. Em resposta ao <strong>GRANDE PR\u00caMIO<\/strong>, o chefe da Haas garantiu que isso nem sequer causou suor no time.<\/p>\n\n\n\n<p class=\"wp-block-paragraph\">De acordo com <strong>Guenther Steiner<\/strong>, o motivo est\u00e1 na maneira avan\u00e7ada que os mec\u00e2nicos da <strong><a href=\"https:\/\/www.grandepremio.com\/br\/f1\/\" class=\"ek-link\">F\u00f3rmula 1<\/a><\/strong> trabalham atualmente. Mesmo com Magnussen visivelmente destruindo boa parte do b\u00f3lido, Steiner garantiu que ningu\u00e9m nem precisou fazer hora extra para deixar tudo nos conformes.<\/p>\n\n\n\n<p class=\"wp-block-paragraph\">&#8220;Os mec\u00e2nicos est\u00e3o muito bem preparados. Contanto que tenhamos as partes extras\u2026 Uma parte do carro, o radiador inlet, que \u00e9 grudado no chassi, eles consertaram j\u00e1 no domingo \u00e0 noite para a cola secar em tempo de viajar. \u00c9 o que fazem, hoje em dia. S\u00e3o muito preparados&#8221;, afirmou.<\/p>\n\n\n\n<p class=\"wp-block-paragraph\">&#8220;N\u00e3o foi problema nenhum. Hoje, quando ligamos os carros, ambos estavam prontos e ningu\u00e9m precisou trabalhar at\u00e9 tarde ou nada assim. \u00c9 uma m\u00e1quina muito bem azeitada. L\u00e1 no M\u00e9xico, tivemos o problema com o tanque de combust\u00edvel. Mas n\u00e3o sab\u00edamos onde estava a quest\u00e3o [na hora], ent\u00e3o precisamos quebrar o toque de recolher&#8221;, continuou.<\/p>\n\n\n\n<figure class=\"wp-block-image size-large\"><img decoding=\"async\" src=\"https:\/\/www.grandepremio.com\/br\/wp-content\/uploads\/2023\/11\/sao-paulo-2023-f1-quinta-feira-haas-gunther-steiner-01-1024x683.jpg\" alt=\"\" class=\"wp-image-748778\"\/><figcaption class=\"wp-element-caption\">Guenther Steiner, chefe da Haas (Foto: Rodrigo Berton\/Warm Up)<\/figcaption><\/figure>\n\n\n\n<p class=\"wp-block-paragraph\">&#8220;Mudamos tudo na regi\u00e3o, porque se o \u00f3leo n\u00e3o alimentar o motor corretamente, \u00e9 preciso parar o carro. Esses problemas s\u00e3o maiores, mas quanto a batidas, voc\u00ea simplesmente troca o que estiver danificado, se tiver tempo o bastante&#8221;, finalizou. E ainda garantiu o c\u00e2mbio n\u00e3o foi afetado.<\/p>\n\n\n\n<p class=\"wp-block-paragraph\">Em outra parte da entrevista, Steiner lembrou do anivers\u00e1rio de 1 ano da primeira pole da categoria. Mas quis fugir da nostalgia.<\/p>\n\n\n\n<p class=\"wp-block-paragraph\">O\u00a0<strong>GRANDE PR\u00caMIO<\/strong>\u00a0acompanha todas as atividades\u00a0<a href=\"https:\/\/www.grandepremio.com\/br\/ao-vivo\/f1\/\" target=\"_blank\" rel=\"noreferrer noopener\"><strong>AO VIVO<\/strong>\u00a0e\u00a0<strong>EM TEMPO REAL<\/strong><\/a>\u00a0e cobre o GP de S\u00e3o Paulo de\u00a0<a href=\"https:\/\/www.grandepremio.com\/formula-1\/\" target=\"_blank\" rel=\"noreferrer noopener\">F\u00f3rmula 1<\/a>\u00a0\u2018in loco\u2019 com Evelyn Guimar\u00e3es, Gabriel Carvalho, Gabriel Curty, Jo\u00e3o Pedro Nascimento, Luana Marino, Pedro Henrique Marum e Rodrigo Berton. Em\u00a0<strong>SEGUNDA TELA<\/strong>, o\u00a0<strong>GP\u00a0<\/strong>acompanha a etapa com transmiss\u00f5es da classifica\u00e7\u00e3o, da sprint e da corrida. Na sexta-feira, no s\u00e1bado e no domingo, o\u00a0<strong>BRIEFING\u00a0<\/strong>repercute tudo que acontece na etapa brasileira.<\/p>\n\n\n\n<p class=\"wp-block-paragraph\"><strong>\u25b6\ufe0f\u00a0Inscreva-se nos dois canais do GRANDE PR\u00caMIO no YouTube:\u00a0<a href=\"https:\/\/www.youtube.com\/channel\/UC9OlHEgxoaY6QY6nWPoiqQg?sub_confirmation=1\" target=\"_blank\" rel=\"noreferrer noopener\">GP<\/a>\u00a0|\u00a0<a href=\"https:\/\/www.youtube.com\/channel\/UC9csiS6q_C3C0FYhyr1rnFA?sub_confirmation=1\" target=\"_blank\" rel=\"noreferrer noopener\">GP2<\/a><\/strong><br><strong>\u25b6\ufe0f\u00a0<a href=\"https:\/\/www.twitch.tv\/grandepremio\" target=\"_blank\" rel=\"noreferrer noopener\">Conhe\u00e7a o canal do GRANDE PR\u00caMIO na Twitch clicando aqui!<\/a><\/strong><\/p>\n\n\n\n<figure class=\"wp-block-embed is-type-video is-provider-youtube wp-block-embed-youtube wp-embed-aspect-16-9 wp-has-aspect-ratio\"><div class=\"wp-block-embed__wrapper\">\n<iframe loading=\"lazy\" title=\"CHEGA DE ASS\u00c9DIO! O que a F1 pode fazer para EVITAR | WGP\" width=\"500\" height=\"281\" src=\"https:\/\/www.youtube.com\/embed\/Fclt9Pj0qhE?feature=oembed\" frameborder=\"0\" allow=\"accelerometer; autoplay; clipboard-write; encrypted-media; gyroscope; picture-in-picture; web-share\" referrerpolicy=\"strict-origin-when-cross-origin\" allowfullscreen><\/iframe>\n<\/div><figcaption class=\"wp-element-caption\">CHEGA DE ASS\u00c9DIO! O que a F1 pode fazer para EVITAR | WGP<\/figcaption><\/figure>\n","protected":false},"excerpt":{"rendered":"<p>Guenther Steiner, chefe da Haas, afirmou, em resposta ao GRANDE PR\u00caMIO, que equipe nem passou sufoco para recuperar carro do acidente de Kevin Magnussen no M\u00e9xico<\/p>\n","protected":false},"author":0,"featured_media":1000748779,"comment_status":"closed","ping_status":"closed","sticky":false,"template":"","format":"standard","meta":{"42wp_featured_image_caption":"","42wp_featured_image_credits":"","42wp_featured_video":"","42wp_featured_image_hidden":false,"42wp_authors_list":[],"footnotes":""},"categories":[2],"tags":[487,566,4025,6533,642,2474,29116,2100,28371,29865,30722,36991,36992,26680,502,1491,26123,30103,28285,1490,119,117,17551],"42wp_author":[47120],"class_list":["post-96112","post","type-post","status-publish","format-standard","has-post-thumbnail","hentry","category-f1","tag-acidente","tag-batida","tag-chefe-da-haas","tag-f1-2023","tag-f1-ao-vivo","tag-f1-brasil","tag-f1-grande-premio","tag-f1-interlagos","tag-f1-sao-paulo","tag-f1-sp","tag-formula-1-2023","tag-formula-1-sp","tag-gp-brasileiro","tag-gp-de-sao-paulo","tag-gp-do-brasil","tag-grande-premio","tag-grande-premio-ao-vivo","tag-grande-premio-f1","tag-grandepremio","tag-guenther-steiner","tag-haas","tag-kevin-magnussen","tag-mexico","42wp_author-pedro-henrique-marum"],"_links":{"self":[{"href":"https:\/\/grandepremio.com\/br\/wp-json\/wp\/v2\/posts\/96112","targetHints":{"allow":["GET"]}}],"collection":[{"href":"https:\/\/grandepremio.com\/br\/wp-json\/wp\/v2\/posts"}],"about":[{"href":"https:\/\/grandepremio.com\/br\/wp-json\/wp\/v2\/types\/post"}],"replies":[{"embeddable":true,"href":"https:\/\/grandepremio.com\/br\/wp-json\/wp\/v2\/comments?post=96112"}],"version-history":[{"count":0,"href":"https:\/\/grandepremio.com\/br\/wp-json\/wp\/v2\/posts\/96112\/revisions"}],"wp:featuredmedia":[{"embeddable":true,"href":"https:\/\/grandepremio.com\/br\/wp-json\/wp\/v2\/media\/1000748779"}],"wp:attachment":[{"href":"https:\/\/grandepremio.com\/br\/wp-json\/wp\/v2\/media?parent=96112"}],"wp:term":[{"taxonomy":"category","embeddable":true,"href":"https:\/\/grandepremio.com\/br\/wp-json\/wp\/v2\/categories?post=96112"},{"taxonomy":"post_tag","embeddable":true,"href":"https:\/\/grandepremio.com\/br\/wp-json\/wp\/v2\/tags?post=96112"},{"taxonomy":"42wp_author","embeddable":true,"href":"https:\/\/grandepremio.com\/br\/wp-json\/wp\/v2\/42wp_author?post=96112"}],"curies":[{"name":"wp","href":"https:\/\/api.w.org\/{rel}","templated":true}]}}