{"id":96153,"date":"2023-11-03T20:16:33","date_gmt":"2023-11-03T23:16:33","guid":{"rendered":"https:\/\/grandepremio.com\/br\/noticias\/pierre-gasly-aponta-problema-cambio-apos-15o-grid-gp-sao-paulo-interlagos-brasil\/"},"modified":"2023-11-03T21:40:13","modified_gmt":"2023-11-04T00:40:13","slug":"pierre-gasly-aponta-problema-cambio-apos-15o-grid-gp-sao-paulo-interlagos-brasil","status":"publish","type":"post","link":"https:\/\/grandepremio.com\/br\/f1\/pierre-gasly-aponta-problema-cambio-apos-15o-grid-gp-sao-paulo-interlagos-brasil\/","title":{"rendered":"Gasly aponta problema no c\u00e2mbio ap\u00f3s 15\u00ba no grid do GP de S\u00e3o Paulo"},"content":{"rendered":"\n<p class=\"wp-block-paragraph\">Eliminado no Q2 e depois punido com a perda de duas posi\u00e7\u00f5es no grid por bloquear a sa\u00edda dos boxes, <strong>Pierre Gasly <\/strong>explicou que sofreu com um problema de c\u00e2mbio na A523. Por conta disso, perdeu d\u00e9cimos preciosos no segundo setor da pista de Interlagos.<\/p>\n\n\n\n<p class=\"wp-block-paragraph\">Gasly fez apenas o 13\u00ba tempo, mas caiu para 15\u00ba ap\u00f3s a puni\u00e7\u00e3o. O franc\u00eas come\u00e7ou dizendo que era &#8220;sempre decepcionante sair no Q2&#8221;, mas deixou claro que ainda havia &#8220;muito em jogo&#8221; para o final de semana no Brasil.<\/p>\n\n\n\n<p class=\"wp-block-paragraph\">&#8220;Perdi algum tempo na minha segunda volta r\u00e1pida no Q2, principalmente devido a um problema na troca de marchas, ent\u00e3o \u00e9 algo que precisamos investigar. Teria sido uma luta para chegar ao Q3, ent\u00e3o certamente avaliaremos o que podemos melhorar da pr\u00f3xima vez&#8221;, afirmou.<\/p>\n\n\n\n<p class=\"wp-block-paragraph\">Duas posi\u00e7\u00f5es \u00e0 frente do companheiro e tamb\u00e9m punido pelo bloqueio na sa\u00edda dos boxes de Interlagos durante o Q1, Ocon exaltou o tra\u00e7ado de Interlagos, mas lamentou o desempenho em sua \u00fanica tentativa no Q2 que influenciou na n\u00e3o-classifica\u00e7\u00e3o ao Q3. <\/p>\n\n\n\n<p class=\"wp-block-paragraph\">&#8220;\u00c9 realmente \u00f3timo estar de volta pilotando aqui no Brasil e em uma pista t\u00e3o ic\u00f4nica como Interlagos. Foi um dia movimentado com apenas um TL antes da classifica\u00e7\u00e3o, e certamente pareceu uma reviravolta r\u00e1pida. Ap\u00f3s passar pelo Q1, tivemos uma \u00faltima tentativa dif\u00edcil no Q2, e fiquei em 12\u00ba lugar&#8221;, justificou o piloto do carro #31. <\/p>\n\n\n\n<figure class=\"wp-block-image size-large\"><img decoding=\"async\" src=\"https:\/\/www.grandepremio.com\/br\/wp-content\/uploads\/2023\/11\/sao-paulo-2023-f1-classificacao-alpine-esteban-ocon-02-1024x683.jpg\" alt=\"\" class=\"wp-image-749481\"\/><figcaption class=\"wp-element-caption\">Esteban Ocon vai largar em 14\u00ba lugar em Interlagos (Foto: Alpine)<\/figcaption><\/figure>\n\n\n\n<p class=\"wp-block-paragraph\">Embora descontentes com o desempenho na classifica\u00e7\u00e3o, os franceses da <strong>Alpine<\/strong> demonstraram otimismo e confian\u00e7a de que podem conquistar pontos para equipe na sprint e na corrida.<\/p>\n\n\n\n<p class=\"wp-block-paragraph\">&#8220;Sinto que maximizamos tudo o que t\u00ednhamos hoje, e tenho certeza de que haver\u00e1 oportunidades na corrida no domingo. Agora, nossa aten\u00e7\u00e3o se volta para a sprint e a corrida, onde mais pontos est\u00e3o em jogo. Devemos aproveitar as li\u00e7\u00f5es aprendidas hoje e aplic\u00e1-las para o restante do fim de semana. Tenho certeza de que podemos dar mais&#8221;, disse Ocon.<\/p>\n\n\n\n<p class=\"wp-block-paragraph\">&#8220;No geral, diria que estamos um pouco carentes de ritmo aqui, mas estamos de olho no s\u00e1bado e no domingo para marcar pontos, ent\u00e3o estou ansioso por isso. Amanh\u00e3 \u00e9 a \u00faltima sprint do ano. Vamos tentar corrigir alguns detalhes antes da classifica\u00e7\u00e3o e depois daremos o nosso melhor para conquistar pontos&#8221;, completou Gasly.<\/p>\n\n\n\n<p class=\"wp-block-paragraph\">O&nbsp;<strong>GRANDE PR\u00caMIO&nbsp;<\/strong>acompanha todas as atividades&nbsp;<strong>AO VIVO e EM&nbsp;<a href=\"https:\/\/www.grandepremio.com\/br\/ao-vivo\/\" target=\"_blank\" rel=\"noreferrer noopener\">TEMPO REAL<\/a><\/strong>&nbsp;e cobre o GP de S\u00e3o Paulo de&nbsp;<a href=\"https:\/\/www.grandepremio.com\/formula-1\/\" target=\"_blank\" rel=\"noreferrer noopener\">F\u00f3rmula 1<\/a>&nbsp;\u2018in loco\u2019 com&nbsp;<strong>Evelyn Guimar\u00e3es<\/strong>,&nbsp;<strong>Gabriel Carvalho<\/strong>,&nbsp;<strong>Gabriel Curty<\/strong>,&nbsp;<strong>Jo\u00e3o Pedro Nascimento<\/strong>,&nbsp;<strong>Luana Marino<\/strong>,&nbsp;<strong>Pedro Henrique Marum&nbsp;<\/strong>e&nbsp;<strong>Rodrigo Berton<\/strong>. Em<strong>&nbsp;SEGUNDA TELA<\/strong>, o GP acompanha a etapa com transmiss\u00f5es da classifica\u00e7\u00e3o, da sprint e da corrida. Na sexta-feira, no s\u00e1bado e no domingo, o&nbsp;<strong>BRIEFING&nbsp;<\/strong>repercute tudo que acontece na etapa brasileira.<\/p>\n\n\n\n<p class=\"wp-block-paragraph\"><strong>\u25b6\ufe0f&nbsp;Inscreva-se nos dois canais do GRANDE PR\u00caMIO no YouTube:&nbsp;<a href=\"https:\/\/www.youtube.com\/channel\/UC9OlHEgxoaY6QY6nWPoiqQg?sub_confirmation=1\" target=\"_blank\" rel=\"noreferrer noopener\">GP<\/a>&nbsp;|&nbsp;<a href=\"https:\/\/www.youtube.com\/channel\/UC9csiS6q_C3C0FYhyr1rnFA?sub_confirmation=1\" target=\"_blank\" rel=\"noreferrer noopener\">GP2<\/a><\/strong><br><strong>\u25b6\ufe0f&nbsp;<a href=\"https:\/\/www.twitch.tv\/grandepremio\" target=\"_blank\" rel=\"noreferrer noopener\">Conhe\u00e7a o canal do GRANDE PR\u00caMIO na Twitch clicando aqui!<\/a><\/strong><\/p>\n\n\n\n<figure class=\"wp-block-embed is-type-video is-provider-youtube wp-block-embed-youtube wp-embed-aspect-16-9 wp-has-aspect-ratio\"><div class=\"wp-block-embed__wrapper\">\n<iframe loading=\"lazy\" title=\"\u00daltima chance de REDEN\u00c7\u00c3O! F1 conta com \u2018BRUXAS DE INTERLAGOS\u2019 para salvar 2023 | GP \u00e0s 10\" width=\"500\" height=\"281\" src=\"https:\/\/www.youtube.com\/embed\/B3qhIptDIYM?feature=oembed\" frameborder=\"0\" allow=\"accelerometer; autoplay; clipboard-write; encrypted-media; gyroscope; picture-in-picture; web-share\" referrerpolicy=\"strict-origin-when-cross-origin\" allowfullscreen><\/iframe>\n<\/div><figcaption class=\"wp-element-caption\">\u00daltima chance de REDEN\u00c7\u00c3O! F1 conta com \u2018BRUXAS DE INTERLAGOS\u2019 para salvar 2023 | GP \u00e0s 10<\/figcaption><\/figure>\n","protected":false},"excerpt":{"rendered":"<p>Ap\u00f3s a desclassifica\u00e7\u00e3o no Q2, Pierre Gasly revelou que sofreu com a instabilidade durante as trocas de marchas no segundo setor em Interlagos <\/p>\n","protected":false},"author":0,"featured_media":1000749293,"comment_status":"closed","ping_status":"closed","sticky":false,"template":"","format":"standard","meta":{"42wp_featured_image_caption":"","42wp_featured_image_credits":"","42wp_featured_video":"","42wp_featured_image_hidden":false,"42wp_authors_list":[],"footnotes":""},"categories":[2],"tags":[20491,9397,302,6533,642,180,30722,25463,36991,1390,36992,26680,502,1491,26123,30103,28285,12829,676],"42wp_author":[47145],"class_list":["post-96153","post","type-post","status-publish","format-standard","has-post-thumbnail","hentry","category-f1","tag-alpine","tag-autodromo-de-interlagos","tag-esteban-ocon","tag-f1-2023","tag-f1-ao-vivo","tag-formula-1","tag-formula-1-2023","tag-formula-1-sao-paulo","tag-formula-1-sp","tag-gasly","tag-gp-brasileiro","tag-gp-de-sao-paulo","tag-gp-do-brasil","tag-grande-premio","tag-grande-premio-ao-vivo","tag-grande-premio-f1","tag-grandepremio","tag-ocon","tag-pierre-gasly","42wp_author-alessandro-pinheiro"],"_links":{"self":[{"href":"https:\/\/grandepremio.com\/br\/wp-json\/wp\/v2\/posts\/96153","targetHints":{"allow":["GET"]}}],"collection":[{"href":"https:\/\/grandepremio.com\/br\/wp-json\/wp\/v2\/posts"}],"about":[{"href":"https:\/\/grandepremio.com\/br\/wp-json\/wp\/v2\/types\/post"}],"replies":[{"embeddable":true,"href":"https:\/\/grandepremio.com\/br\/wp-json\/wp\/v2\/comments?post=96153"}],"version-history":[{"count":0,"href":"https:\/\/grandepremio.com\/br\/wp-json\/wp\/v2\/posts\/96153\/revisions"}],"wp:featuredmedia":[{"embeddable":true,"href":"https:\/\/grandepremio.com\/br\/wp-json\/wp\/v2\/media\/1000749293"}],"wp:attachment":[{"href":"https:\/\/grandepremio.com\/br\/wp-json\/wp\/v2\/media?parent=96153"}],"wp:term":[{"taxonomy":"category","embeddable":true,"href":"https:\/\/grandepremio.com\/br\/wp-json\/wp\/v2\/categories?post=96153"},{"taxonomy":"post_tag","embeddable":true,"href":"https:\/\/grandepremio.com\/br\/wp-json\/wp\/v2\/tags?post=96153"},{"taxonomy":"42wp_author","embeddable":true,"href":"https:\/\/grandepremio.com\/br\/wp-json\/wp\/v2\/42wp_author?post=96153"}],"curies":[{"name":"wp","href":"https:\/\/api.w.org\/{rel}","templated":true}]}}