{"id":96186,"date":"2023-11-03T18:21:45","date_gmt":"2023-11-03T21:21:45","guid":{"rendered":"https:\/\/grandepremio.com\/br\/noticias\/carlos-sainz-lamenta-classificacao-falta-sorte-clima-cita-bom-ritmo-sao-paulo-brasil\/"},"modified":"2023-11-03T18:22:01","modified_gmt":"2023-11-03T21:22:01","slug":"carlos-sainz-lamenta-classificacao-falta-sorte-clima-cita-bom-ritmo-sao-paulo-brasil","status":"publish","type":"post","link":"https:\/\/grandepremio.com\/br\/f1\/carlos-sainz-lamenta-classificacao-falta-sorte-clima-cita-bom-ritmo-sao-paulo-brasil\/","title":{"rendered":"Sainz lamenta classifica\u00e7\u00e3o por \u201cfalta de sorte com clima\u201d, mas cita \u201cbom ritmo\u201d em SP"},"content":{"rendered":"\n<p class=\"wp-block-paragraph\"><strong>Carlos Sainz<\/strong> n\u00e3o conseguiu repetir na classifica\u00e7\u00e3o para o <strong>GP de S\u00e3o Paulo<\/strong>, que <a href=\"https:\/\/www.grandepremio.com\/br\/f1\/noticias\/max-verstappen-destaca-cenario-apocaliptico-conquista-pole-gp-de-sao-paulo-brasil\/\" class=\"ek-link\">aconteceu na tarde desta sexta-feira <\/a>(3), o bom ritmo que mostrou quando liderou a sess\u00e3o de treino livre no in\u00edcio do dia. O espanhol, que vai partir apenas de oitavo na prova no domingo, afirmou que teve falta de sorte com o clima e, por isso, n\u00e3o conseguiu extrair todo o potencial da<strong> SF-23<\/strong>.<\/p>\n\n\n\n<p class=\"wp-block-paragraph\">O Q3 precisou ser <a href=\"https:\/\/www.grandepremio.com\/br\/f1\/noticias\/escuridao-toma-conta-interlagos-faz-f1-encerrar-q3-gp-sao-paulo\/\" class=\"ek-link\">encerrado um pouco antes do previsto<\/a> depois que uma forte chuva se aproximou do Aut\u00f3dromo de Interlagos. As fortes rajadas de vento e a escurid\u00e3o causada pelas nuvens carregadas for\u00e7aram a dire\u00e7\u00e3o de provas a interromper a sess\u00e3o. Com isso, os pilotos s\u00f3 conseguiram fazer uma volta r\u00e1pida.<\/p>\n\n\n\n<p class=\"wp-block-paragraph\">\u201cN\u00f3s tivemos uma falta de sorte com o clima, \u00e9ramos um dos \u00faltimos carros a deixar os boxes. E com os pneus frios, com a temperatura baixando, chuva chegando e as rajadas de vento, tudo atrapalhou um pouco\u201d, disse Sainz.<\/p>\n\n\n\n<p class=\"wp-block-paragraph\">\u201cEnt\u00e3o, n\u00e3o tivemos muita sorte hoje, porque o ritmo n\u00e3o era t\u00e3o ruim, um pouco desapontado porque sa\u00edmos um pouco atrasados e perdemos uma boa chance\u201d, seguiu o piloto da Ferrari.<\/p>\n\n\n\n<figure class=\"wp-block-image size-large\"><img decoding=\"async\" src=\"https:\/\/www.grandepremio.com\/br\/wp-content\/uploads\/2023\/11\/sao-paulo-2023-f1-classificacao-03-1024x576.jpg\" alt=\"\" class=\"wp-image-749645\"\/><figcaption class=\"wp-element-caption\">Dia &#8216;vira noite&#8217; em Interlagos, ap\u00f3s chuva chegar no circuito (Foto: Reprodu\u00e7\u00e3o\/F1)<\/figcaption><\/figure>\n\n\n\n<p class=\"wp-block-paragraph\">Para o #55, ter deixado os boxes um pouco mais cedo poderia resultar em um tempo de volta melhor.<\/p>\n\n\n\n<p class=\"wp-block-paragraph\">\u201cNa fila para sair para a classifica\u00e7\u00e3o eu era o oitavo, e os pilotos que se classificaram em nono e d\u00e9cimo ficaram atr\u00e1s de mim [na fila]. Ent\u00e3o ficou claro que quanto mais tarde voc\u00ea fosse para a pista, mais lento seria, e isso n\u00e3o estava nos planos\u201d, finalizou.<\/p>\n\n\n\n<p class=\"wp-block-paragraph\">O&nbsp;<strong>GRANDE PR\u00caMIO&nbsp;<\/strong>acompanha todas as atividades&nbsp;<strong>AO VIVO e EM&nbsp;<a href=\"https:\/\/www.grandepremio.com\/br\/ao-vivo\/\" target=\"_blank\" rel=\"noreferrer noopener\">TEMPO REAL<\/a><\/strong>&nbsp;e cobre o GP de S\u00e3o Paulo de&nbsp;<a href=\"https:\/\/www.grandepremio.com\/formula-1\/\" target=\"_blank\" rel=\"noreferrer noopener\">F\u00f3rmula 1<\/a>&nbsp;\u2018in loco\u2019 com&nbsp;<strong>Evelyn Guimar\u00e3es<\/strong>,&nbsp;<strong>Gabriel Carvalho<\/strong>,&nbsp;<strong>Gabriel Curty<\/strong>,&nbsp;<strong>Jo\u00e3o Pedro Nascimento<\/strong>,&nbsp;<strong>Luana Marino<\/strong>,&nbsp;<strong>Pedro Henrique Marum&nbsp;<\/strong>e&nbsp;<strong>Rodrigo Berton<\/strong>. Em<strong>&nbsp;SEGUNDA TELA<\/strong>, o GP acompanha a etapa com transmiss\u00f5es da classifica\u00e7\u00e3o, da sprint e da corrida. Na sexta-feira, no s\u00e1bado e no domingo, o&nbsp;<strong>BRIEFING&nbsp;<\/strong>repercute tudo que acontece na etapa brasileira.<\/p>\n\n\n\n<p class=\"wp-block-paragraph\"><strong>\u25b6\ufe0f&nbsp;Inscreva-se nos dois canais do GRANDE PR\u00caMIO no YouTube:&nbsp;<a href=\"https:\/\/www.youtube.com\/channel\/UC9OlHEgxoaY6QY6nWPoiqQg?sub_confirmation=1\" target=\"_blank\" rel=\"noreferrer noopener\">GP<\/a>&nbsp;|&nbsp;<a href=\"https:\/\/www.youtube.com\/channel\/UC9csiS6q_C3C0FYhyr1rnFA?sub_confirmation=1\" target=\"_blank\" rel=\"noreferrer noopener\">GP2<\/a><\/strong><br><strong>\u25b6\ufe0f&nbsp;<a href=\"https:\/\/www.twitch.tv\/grandepremio\" target=\"_blank\" rel=\"noreferrer noopener\">Conhe\u00e7a o canal do GRANDE PR\u00caMIO na Twitch clicando aqui!<\/a><\/strong><\/p>\n\n\n\n<figure class=\"wp-block-embed is-type-video is-provider-youtube wp-block-embed-youtube wp-embed-aspect-16-9 wp-has-aspect-ratio\"><div class=\"wp-block-embed__wrapper\">\n<iframe loading=\"lazy\" title=\"GP de S\u00c3O PAULO: VERSTAPPEN POLE antes da TEMPESTADE: tudo sobre a CLASSIFICA\u00c7\u00c3O | Briefing\" width=\"500\" height=\"281\" src=\"https:\/\/www.youtube.com\/embed\/3FDQSSnhK7Q?feature=oembed\" frameborder=\"0\" allow=\"accelerometer; autoplay; clipboard-write; encrypted-media; gyroscope; picture-in-picture; web-share\" referrerpolicy=\"strict-origin-when-cross-origin\" allowfullscreen><\/iframe>\n<\/div><\/figure>\n","protected":false},"excerpt":{"rendered":"<p>Mesmo com um bom ritmo ao longo do treino livre e de toda a classifica\u00e7\u00e3o, Carlos Sainz n\u00e3o conseguiu performar bem no Q3 e vai partir apenas do oitavo lugar no GP de S\u00e3o Paulo<\/p>\n","protected":false},"author":0,"featured_media":1000748777,"comment_status":"closed","ping_status":"closed","sticky":false,"template":"","format":"standard","meta":{"42wp_featured_image_caption":"","42wp_featured_image_credits":"","42wp_featured_video":"","42wp_featured_image_hidden":false,"42wp_authors_list":[],"footnotes":""},"categories":[2],"tags":[546,207,26680,502,1491,28285,124,7672],"42wp_author":[47149],"class_list":["post-96186","post","type-post","status-publish","format-standard","has-post-thumbnail","hentry","category-f1","tag-carlos-sainz","tag-ferrari","tag-gp-de-sao-paulo","tag-gp-do-brasil","tag-grande-premio","tag-grandepremio","tag-interlagos","tag-sainz","42wp_author-bernardo-castro"],"_links":{"self":[{"href":"https:\/\/grandepremio.com\/br\/wp-json\/wp\/v2\/posts\/96186","targetHints":{"allow":["GET"]}}],"collection":[{"href":"https:\/\/grandepremio.com\/br\/wp-json\/wp\/v2\/posts"}],"about":[{"href":"https:\/\/grandepremio.com\/br\/wp-json\/wp\/v2\/types\/post"}],"replies":[{"embeddable":true,"href":"https:\/\/grandepremio.com\/br\/wp-json\/wp\/v2\/comments?post=96186"}],"version-history":[{"count":0,"href":"https:\/\/grandepremio.com\/br\/wp-json\/wp\/v2\/posts\/96186\/revisions"}],"wp:featuredmedia":[{"embeddable":true,"href":"https:\/\/grandepremio.com\/br\/wp-json\/wp\/v2\/media\/1000748777"}],"wp:attachment":[{"href":"https:\/\/grandepremio.com\/br\/wp-json\/wp\/v2\/media?parent=96186"}],"wp:term":[{"taxonomy":"category","embeddable":true,"href":"https:\/\/grandepremio.com\/br\/wp-json\/wp\/v2\/categories?post=96186"},{"taxonomy":"post_tag","embeddable":true,"href":"https:\/\/grandepremio.com\/br\/wp-json\/wp\/v2\/tags?post=96186"},{"taxonomy":"42wp_author","embeddable":true,"href":"https:\/\/grandepremio.com\/br\/wp-json\/wp\/v2\/42wp_author?post=96186"}],"curies":[{"name":"wp","href":"https:\/\/api.w.org\/{rel}","templated":true}]}}