{"id":96189,"date":"2023-11-03T18:02:06","date_gmt":"2023-11-03T21:02:06","guid":{"rendered":"https:\/\/grandepremio.com\/br\/noticias\/gp-de-sao-paulo-verifica-ocorrencias-areas-afetadas-tempestade\/"},"modified":"2023-11-03T22:58:07","modified_gmt":"2023-11-04T01:58:07","slug":"gp-de-sao-paulo-verifica-ocorrencias-areas-afetadas-tempestade","status":"publish","type":"post","link":"https:\/\/grandepremio.com\/br\/f1\/gp-de-sao-paulo-verifica-ocorrencias-areas-afetadas-tempestade\/","title":{"rendered":"GP de S\u00e3o Paulo diz que &#8220;verifica ocorr\u00eancias&#8221; e v\u00ea &#8220;\u00e1reas afetadas&#8221; ap\u00f3s tempestade"},"content":{"rendered":"\n<p class=\"wp-block-paragraph\">A classifica\u00e7\u00e3o do <strong>GP de S\u00e3o Paulo<\/strong> de <strong>F\u00f3rmula 1<\/strong>, <a href=\"https:\/\/www.grandepremio.com\/br\/f1\/noticias\/max-verstappen-destaca-cenario-apocaliptico-conquista-pole-gp-de-sao-paulo-brasil\/\" target=\"_blank\" aria-label=\" (opens in a new tab)\" rel=\"noreferrer noopener\" class=\"ek-link\">disputada nesta sexta-feira (3)<\/a>, terminou de forma <a href=\"https:\/\/www.grandepremio.com\/br\/f1\/noticias\/caos-paddock-garagens-fechadas-minuto-a-minuto-fim-do-mundo-interlagos\/\" target=\"_blank\" aria-label=\" (opens in a new tab)\" rel=\"noreferrer noopener\" class=\"ek-link\">completamente ca\u00f3tica para p\u00fablico, pilotos, equipes e jornalistas<\/a> em <strong>Interlagos<\/strong>. Ap\u00f3s uma tempestade hist\u00f3rica, parte das instala\u00e7\u00f5es foi invadida pela chuva e a escurid\u00e3o tomou conta, <a href=\"https:\/\/www.grandepremio.com\/br\/f4\/noticias\/tempestade-escuridao-interlagos-f4-brasil-cancelar-classificacao\/\" target=\"_blank\" aria-label=\" (opens in a new tab)\" rel=\"noreferrer noopener\" class=\"ek-link\">causando at\u00e9 o cancelamento da sess\u00e3o<\/a> que definiria o grid de largada da F\u00f3rmula 4.<\/p>\n\n\n\n<p class=\"wp-block-paragraph\">Procurada pelo <strong>GRANDE PR\u00caMIO <\/strong>para comentar o assunto e explicar os pr\u00f3ximos passos, a organiza\u00e7\u00e3o da etapa brasileira disse que ainda avalia os danos no aut\u00f3dromo. At\u00e9 o momento, n\u00e3o h\u00e1 uma decis\u00e3o oficial sobre o que acontecer\u00e1 no restante do fim de semana.<\/p>\n\n\n\n<p class=\"wp-block-paragraph\">&#8220;Em virtude das fortes chuvas e ventos ocorridos nesta sexta-feira, algumas \u00e1reas do GP de S\u00e3o Paulo foram parcialmente afetadas. No momento, nossas equipes est\u00e3o em campo verificando as ocorr\u00eancias. T\u00e3o logo tenhamos mais informa\u00e7\u00f5es, iremos divulg\u00e1-las&#8221;, afirmou a organiza\u00e7\u00e3o em resposta ao GP.<\/p>\n\n\n\n<p class=\"wp-block-paragraph\">Em formato de corrida sprint, a 20\u00aa etapa da temporada 2023 prev\u00ea mais uma classifica\u00e7\u00e3o e a prova preliminar para este s\u00e1bado, al\u00e9m da disputa principal no domingo. <strong>Max Verstappen <\/strong>garantiu a pole, seguido por <strong>Charles<\/strong> <strong>Leclerc<\/strong> e <strong>Lance<\/strong> <strong>Stroll<\/strong>.<\/p>\n\n\n\n<figure class=\"wp-block-image size-large\"><img decoding=\"async\" src=\"https:\/\/www.grandepremio.com\/br\/wp-content\/uploads\/2023\/11\/F1-2023-GP-DE-SAO-PAULO-INTERLAGOS-CHUVA-ESTACIONAMENTO-1024x576.jpg\" alt=\"\" class=\"wp-image-749654\"\/><figcaption class=\"wp-element-caption\">A sa\u00edda de Interlagos tamb\u00e9m virou um caos completo com a chuva (Foto: Gabriel Curty\/Grande Pr\u00eamio)<\/figcaption><\/figure>\n\n\n\n<h3 class=\"wp-block-heading\" id=\"h-entenda-o-caos-em-interlagos\">Entenda o caos em Interlagos:<\/h3>\n\n\n\n<p class=\"wp-block-paragraph\">A classifica\u00e7\u00e3o da&nbsp;<strong><a href=\"https:\/\/www.grandepremio.com\/formula-1\/\" target=\"_blank\" rel=\"noreferrer noopener\">F\u00f3rmula 1<\/a><\/strong>&nbsp;no&nbsp;<strong>GP de&nbsp;<a href=\"https:\/\/www.grandepremio.com\/br\/circuito\/sao-paulo\/\" target=\"_blank\" rel=\"noreferrer noopener\">S\u00e3o Paulo<\/a><\/strong>, realizada nesta sexta-feira (3), terminou de maneira ca\u00f3tica para todos aqueles presentes ao&nbsp;<strong>Aut\u00f3dromo de&nbsp;<a href=\"https:\/\/www.grandepremio.com\/br\/circuito\/interlagos\/\" target=\"_blank\" rel=\"noreferrer noopener\">Interlagos<\/a><\/strong>. A chuva despencou sobre a pista nos \u00faltimos minutos do&nbsp;<strong>Q3&nbsp;<\/strong>e transformou o encerramento da atividade em um cen\u00e1rio quase que apocal\u00edptico, com equipes fechando suas garagens e o paddock completamente alagado.<\/p>\n\n\n\n<p class=\"wp-block-paragraph\">Depois de&nbsp;<strong><a href=\"https:\/\/www.grandepremio.com\/br\/piloto\/max-verstappen\/\" target=\"_blank\" rel=\"noreferrer noopener\"><\/a><a href=\"https:\/\/www.grandepremio.com\/br\/piloto\/max-verstappen\/\" target=\"_blank\" rel=\"noreferrer noopener\">Max Verstappen<\/a>&nbsp;<\/strong>garantir a pole, o volume de \u00e1gua foi t\u00e3o alto que a dire\u00e7\u00e3o de prova autorizou as equipes a fecharem suas garagens, como forma de evitar um alagamento. O paddock, por\u00e9m, n\u00e3o teve a mesma sorte e sofreu com uma cobertura ineficiente. Assim, foi completamente invadido pela chuva.<\/p>\n\n\n\n<p class=\"wp-block-paragraph\">Jornalistas precisaram correr para salvar os equipamentos e os mec\u00e2nicos tamb\u00e9m se agitavam de todos os lados, tentando evitar que suas ferramentas se molhassem. Quem n\u00e3o se importou tanto com a situa\u00e7\u00e3o foi&nbsp;<strong>George<\/strong>&nbsp;<strong>Russell<\/strong>, que chegou a \u201ctomar banho\u201d na chuva e fez a alegria dos f\u00e3s.<\/p>\n\n\n\n<figure class=\"wp-block-image size-large\"><img decoding=\"async\" src=\"https:\/\/www.grandepremio.com\/br\/wp-content\/uploads\/2023\/11\/sao-paulo-2023-f1-classificacao-red-bull-max-verstappen-06-1024x576.jpg\" alt=\"\" class=\"wp-image-749650\"\/><figcaption class=\"wp-element-caption\">A escurid\u00e3o tomou conta de Interlagos ap\u00f3s a chuva (Foto: Red Bull Content Pool)<\/figcaption><\/figure>\n\n\n\n<p class=\"wp-block-paragraph\">Parte do teto de uma das arquibancadas, situada na \u00faltima curva, tamb\u00e9m n\u00e3o aguentou e simplesmente despencou com a for\u00e7a da \u00e1gua, em uma situa\u00e7\u00e3o bastante perigosa para o p\u00fablico. A cidade de&nbsp;<a href=\"https:\/\/www.grandepremio.com\/br\/circuito\/sao-paulo\/\" target=\"_blank\" rel=\"noreferrer noopener\"><\/a><a href=\"https:\/\/www.grandepremio.com\/br\/circuito\/sao-paulo\/\" target=\"_blank\" rel=\"noreferrer noopener\">S\u00e3o Paulo<\/a>, inclusive,&nbsp;<strong>entrou em estado de alerta<\/strong>, e a chuva permanece extremamente forte em toda a regi\u00e3o metropolitana.<\/p>\n\n\n\n<p class=\"wp-block-paragraph\">A pista tamb\u00e9m sofreu muito com a tempestade. J\u00e1 ap\u00f3s a atividade, uma quantidade surpreendente de sujeira se espalhou pelo tra\u00e7ado, principalmente na reta principal. A sa\u00edda de&nbsp;<a href=\"https:\/\/www.grandepremio.com\/br\/circuito\/interlagos\/\" target=\"_blank\" rel=\"noreferrer noopener\">Interlagos<\/a>&nbsp;se tornou um caos completo, com a multid\u00e3o tentando fugir da chuva e lotando pontos do aut\u00f3dromo, al\u00e9m das esta\u00e7\u00f5es de metr\u00f4 mais pr\u00f3ximas.<\/p>\n\n\n\n<p class=\"wp-block-paragraph\">O&nbsp;<strong>GRANDE PR\u00caMIO&nbsp;<\/strong>acompanha todas as atividades&nbsp;<strong>AO VIVO e EM&nbsp;<a href=\"https:\/\/www.grandepremio.com\/br\/ao-vivo\/\" target=\"_blank\" rel=\"noreferrer noopener\">TEMPO REAL<\/a><\/strong>&nbsp;e cobre o GP de S\u00e3o Paulo de&nbsp;<a href=\"https:\/\/www.grandepremio.com\/formula-1\/\" target=\"_blank\" rel=\"noreferrer noopener\">F\u00f3rmula 1<\/a>&nbsp;\u2018in loco\u2019 com&nbsp;<strong>Evelyn Guimar\u00e3es<\/strong>,&nbsp;<strong>Gabriel Carvalho<\/strong>,&nbsp;<strong>Gabriel Curty<\/strong>,&nbsp;<strong>Jo\u00e3o Pedro Nascimento<\/strong>,&nbsp;<strong>Luana Marino<\/strong>,&nbsp;<strong>Pedro Henrique Marum&nbsp;<\/strong>e&nbsp;<strong>Rodrigo Berton<\/strong>.<\/p>\n\n\n\n<p class=\"wp-block-paragraph\">Em<strong>&nbsp;SEGUNDA TELA<\/strong>, o GP acompanha a etapa com transmiss\u00f5es da classifica\u00e7\u00e3o, da sprint e da corrida. Na sexta-feira, no s\u00e1bado e no domingo, o&nbsp;<strong>BRIEFING&nbsp;<\/strong>repercute tudo que acontece na etapa brasileira.<\/p>\n\n\n\n<p class=\"wp-block-paragraph\"><strong>\u25b6\ufe0f&nbsp;Inscreva-se nos dois canais do GRANDE PR\u00caMIO no YouTube:&nbsp;<a href=\"https:\/\/www.youtube.com\/channel\/UC9OlHEgxoaY6QY6nWPoiqQg?sub_confirmation=1\" target=\"_blank\" rel=\"noreferrer noopener\">GP<\/a>&nbsp;|&nbsp;<a href=\"https:\/\/www.youtube.com\/channel\/UC9csiS6q_C3C0FYhyr1rnFA?sub_confirmation=1\" target=\"_blank\" rel=\"noreferrer noopener\">GP2<\/a><\/strong><\/p>\n\n\n\n<p class=\"wp-block-paragraph\"><strong>\u25b6\ufe0f&nbsp;<a href=\"https:\/\/www.twitch.tv\/grandepremio\" target=\"_blank\" rel=\"noreferrer noopener\">Conhe\u00e7a o canal do GRANDE PR\u00caMIO na Twitch clicando aqui!<\/a><\/strong><\/p>\n\n\n\n<figure class=\"wp-block-embed is-type-video is-provider-youtube wp-block-embed-youtube wp-embed-aspect-16-9 wp-has-aspect-ratio\"><div class=\"wp-block-embed__wrapper\">\n<iframe loading=\"lazy\" title=\"GP de S\u00c3O PAULO: VERSTAPPEN POLE antes da TEMPESTADE: tudo sobre a CLASSIFICA\u00c7\u00c3O | Briefing\" width=\"500\" height=\"281\" src=\"https:\/\/www.youtube.com\/embed\/3FDQSSnhK7Q?feature=oembed\" frameborder=\"0\" allow=\"accelerometer; autoplay; clipboard-write; encrypted-media; gyroscope; picture-in-picture; web-share\" referrerpolicy=\"strict-origin-when-cross-origin\" allowfullscreen><\/iframe>\n<\/div><\/figure>\n","protected":false},"excerpt":{"rendered":"<p>Em resposta ao GRANDE PR\u00caMIO, a organiza\u00e7\u00e3o do GP de S\u00e3o Paulo admitiu que algumas \u00e1reas de Interlagos foram afetadas pela tempestade desta sexta-feira e garantiu que est\u00e1 avaliando a extens\u00e3o dos danos antes da sequ\u00eancia do fim de semana<\/p>\n","protected":false},"author":0,"featured_media":1000749637,"comment_status":"closed","ping_status":"closed","sticky":false,"template":"","format":"standard","meta":{"42wp_featured_image_caption":"","42wp_featured_image_credits":"","42wp_featured_video":"","42wp_featured_image_hidden":false,"42wp_authors_list":[],"footnotes":""},"categories":[2],"tags":[783,1134,147,6533,180,26680,1491,30103,28285,124,2875],"42wp_author":[47142],"class_list":["post-96189","post","type-post","status-publish","format-standard","has-post-thumbnail","hentry","category-f1","tag-brasil","tag-chuva","tag-f1","tag-f1-2023","tag-formula-1","tag-gp-de-sao-paulo","tag-grande-premio","tag-grande-premio-f1","tag-grandepremio","tag-interlagos","tag-tempestade","42wp_author-jp-nascimento"],"_links":{"self":[{"href":"https:\/\/grandepremio.com\/br\/wp-json\/wp\/v2\/posts\/96189","targetHints":{"allow":["GET"]}}],"collection":[{"href":"https:\/\/grandepremio.com\/br\/wp-json\/wp\/v2\/posts"}],"about":[{"href":"https:\/\/grandepremio.com\/br\/wp-json\/wp\/v2\/types\/post"}],"replies":[{"embeddable":true,"href":"https:\/\/grandepremio.com\/br\/wp-json\/wp\/v2\/comments?post=96189"}],"version-history":[{"count":0,"href":"https:\/\/grandepremio.com\/br\/wp-json\/wp\/v2\/posts\/96189\/revisions"}],"wp:featuredmedia":[{"embeddable":true,"href":"https:\/\/grandepremio.com\/br\/wp-json\/wp\/v2\/media\/1000749637"}],"wp:attachment":[{"href":"https:\/\/grandepremio.com\/br\/wp-json\/wp\/v2\/media?parent=96189"}],"wp:term":[{"taxonomy":"category","embeddable":true,"href":"https:\/\/grandepremio.com\/br\/wp-json\/wp\/v2\/categories?post=96189"},{"taxonomy":"post_tag","embeddable":true,"href":"https:\/\/grandepremio.com\/br\/wp-json\/wp\/v2\/tags?post=96189"},{"taxonomy":"42wp_author","embeddable":true,"href":"https:\/\/grandepremio.com\/br\/wp-json\/wp\/v2\/42wp_author?post=96189"}],"curies":[{"name":"wp","href":"https:\/\/api.w.org\/{rel}","templated":true}]}}