{"id":96197,"date":"2023-11-03T17:57:27","date_gmt":"2023-11-03T20:57:27","guid":{"rendered":"https:\/\/grandepremio.com\/br\/noticias\/lewis-hamilton-caos-sao-paulo-levou-mercedes-mais-longe-classificacao\/"},"modified":"2023-11-03T19:42:30","modified_gmt":"2023-11-03T22:42:30","slug":"lewis-hamilton-caos-sao-paulo-levou-mercedes-mais-longe-classificacao","status":"publish","type":"post","link":"https:\/\/grandepremio.com\/br\/f1\/lewis-hamilton-caos-sao-paulo-levou-mercedes-mais-longe-classificacao\/","title":{"rendered":"Hamilton diz que caos em S\u00e3o Paulo levou Mercedes &#8220;mais longe&#8221; na classifica\u00e7\u00e3o"},"content":{"rendered":"\n<p class=\"wp-block-paragraph\">A virada maluca de tempo <a href=\"https:\/\/www.grandepremio.com\/br\/f1\/noticias\/max-verstappen-destaca-cenario-apocaliptico-conquista-pole-gp-de-sao-paulo-brasil\/\" class=\"ek-link\">no finalzinho do <strong>Q3<\/strong> da classifica\u00e7\u00e3o<\/a> para o <strong>GP de S\u00e3o Paulo<\/strong>, nesta sexta-feira (3), em <strong>Interlagos<\/strong>, acabou sendo positiva para a <strong>Mercedes<\/strong>, na opini\u00e3o de <strong>Lewis Hamilton<\/strong>. O heptacampe\u00e3o terminou a sess\u00e3o em quinto, por\u00e9m acredita que o resultado poderia ser pior, j\u00e1 que o time costuma ficar &#8220;alguns d\u00e9cimos atr\u00e1s&#8221; dos carros mais r\u00e1pidos.<\/p>\n\n\n\n<p class=\"wp-block-paragraph\">Hamilton registrou 1min11s469, a 0s7 do tempo de <strong>Max Verstappen<\/strong>. Acontece que carros que teoricamente ficariam \u00e0 frente, como os da dupla da <strong>McLaren<\/strong>, <strong>Lando Norris<\/strong> e <strong>Oscar Piastri<\/strong>, acabaram n\u00e3o conseguindo registrar uma boa volta antes do temporal desabar.<\/p>\n\n\n\n<p class=\"wp-block-paragraph\">\u00c0 Sky Sports, Hamilton come\u00e7ou dizendo que &#8220;terminar em quinto nunca \u00e9 bom&#8221;. &#8220;Fiz o melhor que pude, espero que tenhamos uma corrida melhor&#8221;, acrescentou o ingl\u00eas.<\/p>\n\n\n\n<p class=\"wp-block-paragraph\">Ao ser questionado se a corrida sprint seria uma boa oportunidade para a Mercedes somar mais pontos, Hamilton n\u00e3o se mostrou muito confiante.<\/p>\n\n\n\n<figure class=\"wp-block-image size-large\"><img decoding=\"async\" src=\"https:\/\/www.grandepremio.com\/br\/wp-content\/uploads\/2023\/11\/000_33ZV34E-1024x684.jpg\" alt=\"\" class=\"wp-image-749604\"\/><figcaption class=\"wp-element-caption\">Lewis Hamilton ficou a 0s7 do tempo de Max Verstappen (Foto: AFP)<\/figcaption><\/figure>\n\n\n\n<p class=\"wp-block-paragraph\">&#8220;N\u00e3o sei, o carro tem mostrado sinais de performances decentes, mas geralmente ficamos alguns d\u00e9cimos atr\u00e1s dos que est\u00e3o no topo. Acho que as circunst\u00e2ncias no final nos levaram um pouco mais longe. N\u00e3o sei, vamos ver&#8221;, finalizou Lewis.<\/p>\n\n\n\n<p class=\"wp-block-paragraph\">O\u00a0<strong>GRANDE PR\u00caMIO\u00a0<\/strong>acompanha todas as atividades\u00a0<strong>AO VIVO e EM\u00a0<a href=\"https:\/\/www.grandepremio.com\/br\/ao-vivo\/\" target=\"_blank\" rel=\"noreferrer noopener\">TEMPO REAL<\/a><\/strong>\u00a0e cobre o GP de S\u00e3o Paulo de\u00a0<a href=\"https:\/\/www.grandepremio.com\/formula-1\/\" target=\"_blank\" rel=\"noreferrer noopener\">F\u00f3rmula 1<\/a>\u00a0\u2018in loco\u2019 com\u00a0<strong>Evelyn Guimar\u00e3es<\/strong>,\u00a0<strong>Gabriel Carvalho<\/strong>,\u00a0<strong>Gabriel Curty<\/strong>,\u00a0<strong>Jo\u00e3o Pedro Nascimento<\/strong>,\u00a0<strong>Luana Marino<\/strong>,\u00a0<strong>Pedro Henrique Marum\u00a0<\/strong>e\u00a0<strong>Rodrigo Berton<\/strong>. Em<strong>\u00a0SEGUNDA TELA<\/strong>, o GP acompanha a etapa com transmiss\u00f5es da classifica\u00e7\u00e3o, da sprint e da corrida. Na sexta-feira, no s\u00e1bado e no domingo, o\u00a0<strong>BRIEFING\u00a0<\/strong>repercute tudo que acontece na etapa brasileira.<\/p>\n\n\n\n<figure class=\"wp-block-embed is-type-video is-provider-youtube wp-block-embed-youtube wp-embed-aspect-16-9 wp-has-aspect-ratio\"><div class=\"wp-block-embed__wrapper\">\n<iframe loading=\"lazy\" title=\"GP de S\u00c3O PAULO: VERSTAPPEN POLE antes da TEMPESTADE: tudo sobre a CLASSIFICA\u00c7\u00c3O | Briefing\" width=\"500\" height=\"281\" src=\"https:\/\/www.youtube.com\/embed\/3FDQSSnhK7Q?feature=oembed\" frameborder=\"0\" allow=\"accelerometer; autoplay; clipboard-write; encrypted-media; gyroscope; picture-in-picture; web-share\" referrerpolicy=\"strict-origin-when-cross-origin\" allowfullscreen><\/iframe>\n<\/div><\/figure>\n","protected":false},"excerpt":{"rendered":"<p>Lewis Hamilton ficou em quinto na classifica\u00e7\u00e3o para o GP de S\u00e3o Paulo, mas acredita que poderia ser pior se n\u00e3o fosse o caos ao final da sess\u00e3o desta sexta-feira, em Interlagos<\/p>\n","protected":false},"author":0,"featured_media":1000749589,"comment_status":"closed","ping_status":"closed","sticky":false,"template":"","format":"standard","meta":{"42wp_featured_image_caption":"","42wp_featured_image_credits":"","42wp_featured_video":"","42wp_featured_image_hidden":false,"42wp_authors_list":[],"footnotes":""},"categories":[2],"tags":[783,26271,5273,147,6533,180,30722,26680,1491,28285,30840,124,37005,32942,87,82,35129,2380,36977,31447],"42wp_author":[47147],"class_list":["post-96197","post","type-post","status-publish","format-standard","has-post-thumbnail","hentry","category-f1","tag-brasil","tag-calendario-f1","tag-classificacao-f1","tag-f1","tag-f1-2023","tag-formula-1","tag-formula-1-2023","tag-gp-de-sao-paulo","tag-grande-premio","tag-grandepremio","tag-horarios-f1","tag-interlagos","tag-interlagos-2023","tag-interlagos-f1","tag-lewis-hamilton","tag-mercedes","tag-onde-assistir-f1","tag-sao-paulo","tag-sao-paulo-2023","tag-temporada-2023-f1","42wp_author-luana-marino"],"_links":{"self":[{"href":"https:\/\/grandepremio.com\/br\/wp-json\/wp\/v2\/posts\/96197","targetHints":{"allow":["GET"]}}],"collection":[{"href":"https:\/\/grandepremio.com\/br\/wp-json\/wp\/v2\/posts"}],"about":[{"href":"https:\/\/grandepremio.com\/br\/wp-json\/wp\/v2\/types\/post"}],"replies":[{"embeddable":true,"href":"https:\/\/grandepremio.com\/br\/wp-json\/wp\/v2\/comments?post=96197"}],"version-history":[{"count":0,"href":"https:\/\/grandepremio.com\/br\/wp-json\/wp\/v2\/posts\/96197\/revisions"}],"wp:featuredmedia":[{"embeddable":true,"href":"https:\/\/grandepremio.com\/br\/wp-json\/wp\/v2\/media\/1000749589"}],"wp:attachment":[{"href":"https:\/\/grandepremio.com\/br\/wp-json\/wp\/v2\/media?parent=96197"}],"wp:term":[{"taxonomy":"category","embeddable":true,"href":"https:\/\/grandepremio.com\/br\/wp-json\/wp\/v2\/categories?post=96197"},{"taxonomy":"post_tag","embeddable":true,"href":"https:\/\/grandepremio.com\/br\/wp-json\/wp\/v2\/tags?post=96197"},{"taxonomy":"42wp_author","embeddable":true,"href":"https:\/\/grandepremio.com\/br\/wp-json\/wp\/v2\/42wp_author?post=96197"}],"curies":[{"name":"wp","href":"https:\/\/api.w.org\/{rel}","templated":true}]}}