{"id":96200,"date":"2023-11-03T17:51:02","date_gmt":"2023-11-03T20:51:02","guid":{"rendered":"https:\/\/grandepremio.com\/br\/noticias\/george-russell-nunca-viu-mudanca-clima-tao-drastica-como-sabado-gp-de-sao-paulo-brasil-insano\/"},"modified":"2023-11-03T22:18:53","modified_gmt":"2023-11-04T01:18:53","slug":"george-russell-nunca-viu-mudanca-clima-tao-drastica-como-sabado-gp-de-sao-paulo-brasil-insano","status":"publish","type":"post","link":"https:\/\/grandepremio.com\/br\/f1\/george-russell-nunca-viu-mudanca-clima-tao-drastica-como-sabado-gp-de-sao-paulo-brasil-insano\/","title":{"rendered":"Russell &#8220;nunca viu mudan\u00e7a de clima t\u00e3o dr\u00e1stica&#8221; como a de s\u00e1bado em SP: &#8220;Insano&#8221;"},"content":{"rendered":"\n<p class=\"wp-block-paragraph\">Que coisa! A tarde desta sexta-feira (3) chegou ao fim com um <a href=\"https:\/\/www.grandepremio.com\/br\/f1\/noticias\/caos-paddock-garagens-fechadas-minuto-a-minuto-fim-do-mundo-interlagos\/\" class=\"ek-link\"><strong>cen\u00e1rio de armagedon<\/strong><\/a> na regi\u00e3o de Interlagos e terminou a <strong><a href=\"https:\/\/www.grandepremio.com\/br\/f1\/noticias\/max-verstappen-destaca-cenario-apocaliptico-conquista-pole-gp-de-sao-paulo-brasil\/\" class=\"ek-link\">classifica\u00e7\u00e3o do GP de S\u00e3o Paulo<\/a><\/strong> antes da hora. Mesmo antes da interrup\u00e7\u00e3o e da chuva, a pista j\u00e1 come\u00e7ou a esfriar loucamente e subverteu a ordem de desempenho que se colocava. Foi neste cen\u00e1rio que <strong>George Russell<\/strong> conquistou a sexta posi\u00e7\u00e3o no grid, mas ficou espantado mesmo com a situa\u00e7\u00e3o do clima.<\/p>\n\n\n\n<p class=\"wp-block-paragraph\">De acordo com Russell, foi algo completamente novo na vida toda. &#8220;Em primeiro lugar, isso \u00e9 absolutamente insano. Nunca vi uma mudan\u00e7a de clima t\u00e3o dr\u00e1stica quanto essa&#8221;, afirmou.<\/p>\n\n\n\n<p class=\"wp-block-paragraph\">O ingl\u00eas disse que sentia que estava mal na volta do Q3. A pista piorava, e Russell ficava descontente com a situa\u00e7\u00e3o. Jurava que seria o \u00faltimo, mas ficou em sexto. Agora, pensa em p\u00f3dio.<\/p>\n\n\n\n<p class=\"wp-block-paragraph\">&#8220;Fiquei desapontado com minha volta: estava escorregando e sem ader\u00eancia. N\u00e3o vi tanta chuva no visor, senti que estava 1s atr\u00e1s e pedi para parar. Achei que seria o \u00faltimo e acabei em sexto. Apesar de ter sido decepcionante e frustrante, o sexto lugar \u00e9 uma boa posi\u00e7\u00e3o para largar. A equipe fez um bom trabalho, o carro est\u00e1 bom e temos bom ritmo de corrida. Vamos ver como ser\u00e1 no domingo&#8221;, disse.<\/p>\n\n\n\n<figure class=\"wp-block-image size-large\"><img decoding=\"async\" src=\"https:\/\/www.grandepremio.com\/br\/wp-content\/uploads\/2023\/11\/sao-paulo-2023-f1-classificacao-mercedes-george-russell-03-1024x683.jpg\" alt=\"\" class=\"wp-image-749448\"\/><figcaption class=\"wp-element-caption\">George Russell se espantou com a mudan\u00e7a de clima em S\u00e3o Paulo (Foto: Mercedes)<\/figcaption><\/figure>\n\n\n\n<p class=\"wp-block-paragraph\">&#8220;Definitivamente, o p\u00f3dio [\u00e9 a meta]. <strong>Aston Martin<\/strong> parece ter reencontrado a forma, o que \u00e9 surpreendente, mas espero que nosso ritmo de corrida seja melhor que o deles. Vai ser dif\u00edcil acompanhar Max. Charles est\u00e1 na primeira fila, ent\u00e3o est\u00e1 bem posicionado. Acredito que ser\u00e1 uma corrida de duas ou tr\u00eas, ent\u00e3o tudo est\u00e1 em aberto&#8221;, seguiu.<\/p>\n\n\n\n<p class=\"wp-block-paragraph\">E terminou com outro espanto quanto ao clima. &#8220;Isso aqui est\u00e1 \u00f3timo: tem raios constantes aqui [na frente dele]&#8221;, finalizou.<\/p>\n\n\n\n<p class=\"wp-block-paragraph\">O\u00a0<strong>GRANDE PR\u00caMIO\u00a0<\/strong>acompanha todas as atividades\u00a0<strong>AO VIVO e EM\u00a0<a href=\"https:\/\/www.grandepremio.com\/br\/ao-vivo\/\" target=\"_blank\" rel=\"noreferrer noopener\">TEMPO REAL<\/a><\/strong>\u00a0e cobre o GP de S\u00e3o Paulo de\u00a0<a href=\"https:\/\/www.grandepremio.com\/formula-1\/\" target=\"_blank\" rel=\"noreferrer noopener\">F\u00f3rmula 1<\/a>\u00a0\u2018in loco\u2019 com\u00a0<strong>Evelyn Guimar\u00e3es<\/strong>,\u00a0<strong>Gabriel Carvalho<\/strong>,\u00a0<strong>Gabriel Curty<\/strong>,\u00a0<strong>Jo\u00e3o Pedro Nascimento<\/strong>,\u00a0<strong>Luana Marino<\/strong>,\u00a0<strong>Pedro Henrique Marum\u00a0<\/strong>e\u00a0<strong>Rodrigo Berton<\/strong>. Em<strong>\u00a0SEGUNDA TELA<\/strong>, o GP acompanha a etapa com transmiss\u00f5es da classifica\u00e7\u00e3o, da sprint e da corrida. Na sexta-feira, no s\u00e1bado e no domingo, o\u00a0<strong>BRIEFING\u00a0<\/strong>repercute tudo que acontece na etapa brasileira.<\/p>\n\n\n\n<figure class=\"wp-block-embed is-type-video is-provider-youtube wp-block-embed-youtube wp-embed-aspect-16-9 wp-has-aspect-ratio\"><div class=\"wp-block-embed__wrapper\">\n<iframe loading=\"lazy\" title=\"GP de S\u00c3O PAULO: VERSTAPPEN POLE antes da TEMPESTADE: tudo sobre a CLASSIFICA\u00c7\u00c3O | Briefing\" width=\"500\" height=\"281\" src=\"https:\/\/www.youtube.com\/embed\/3FDQSSnhK7Q?feature=oembed\" frameborder=\"0\" allow=\"accelerometer; autoplay; clipboard-write; encrypted-media; gyroscope; picture-in-picture; web-share\" referrerpolicy=\"strict-origin-when-cross-origin\" allowfullscreen><\/iframe>\n<\/div><figcaption class=\"wp-element-caption\">GP de S\u00c3O PAULO: VERSTAPPEN POLE antes da TEMPESTADE: tudo sobre a CLASSIFICA\u00c7\u00c3O | Briefing<\/figcaption><\/figure>\n","protected":false},"excerpt":{"rendered":"<p>George Russell fez a sexta coloca\u00e7\u00e3o do grid do GP de S\u00e3o Paulo de F\u00f3rmula 1 no meio do cen\u00e1rio apocal\u00edptico que se estabeleceu em S\u00e3o Paulo<\/p>\n","protected":false},"author":0,"featured_media":1000749456,"comment_status":"closed","ping_status":"closed","sticky":false,"template":"","format":"standard","meta":{"42wp_featured_image_caption":"","42wp_featured_image_credits":"","42wp_featured_video":"","42wp_featured_image_hidden":false,"42wp_authors_list":[],"footnotes":""},"categories":[2],"tags":[6533,642,2474,29116,2100,28371,29865,30722,36991,800,36992,26680,502,1491,26123,30103,28285,82],"42wp_author":[47120],"class_list":["post-96200","post","type-post","status-publish","format-standard","has-post-thumbnail","hentry","category-f1","tag-f1-2023","tag-f1-ao-vivo","tag-f1-brasil","tag-f1-grande-premio","tag-f1-interlagos","tag-f1-sao-paulo","tag-f1-sp","tag-formula-1-2023","tag-formula-1-sp","tag-george-russell","tag-gp-brasileiro","tag-gp-de-sao-paulo","tag-gp-do-brasil","tag-grande-premio","tag-grande-premio-ao-vivo","tag-grande-premio-f1","tag-grandepremio","tag-mercedes","42wp_author-pedro-henrique-marum"],"_links":{"self":[{"href":"https:\/\/grandepremio.com\/br\/wp-json\/wp\/v2\/posts\/96200","targetHints":{"allow":["GET"]}}],"collection":[{"href":"https:\/\/grandepremio.com\/br\/wp-json\/wp\/v2\/posts"}],"about":[{"href":"https:\/\/grandepremio.com\/br\/wp-json\/wp\/v2\/types\/post"}],"replies":[{"embeddable":true,"href":"https:\/\/grandepremio.com\/br\/wp-json\/wp\/v2\/comments?post=96200"}],"version-history":[{"count":0,"href":"https:\/\/grandepremio.com\/br\/wp-json\/wp\/v2\/posts\/96200\/revisions"}],"wp:featuredmedia":[{"embeddable":true,"href":"https:\/\/grandepremio.com\/br\/wp-json\/wp\/v2\/media\/1000749456"}],"wp:attachment":[{"href":"https:\/\/grandepremio.com\/br\/wp-json\/wp\/v2\/media?parent=96200"}],"wp:term":[{"taxonomy":"category","embeddable":true,"href":"https:\/\/grandepremio.com\/br\/wp-json\/wp\/v2\/categories?post=96200"},{"taxonomy":"post_tag","embeddable":true,"href":"https:\/\/grandepremio.com\/br\/wp-json\/wp\/v2\/tags?post=96200"},{"taxonomy":"42wp_author","embeddable":true,"href":"https:\/\/grandepremio.com\/br\/wp-json\/wp\/v2\/42wp_author?post=96200"}],"curies":[{"name":"wp","href":"https:\/\/api.w.org\/{rel}","templated":true}]}}