{"id":96222,"date":"2023-11-03T16:51:23","date_gmt":"2023-11-03T19:51:23","guid":{"rendered":"https:\/\/grandepremio.com\/br\/noticias\/caos-paddock-garagens-fechadas-minuto-a-minuto-fim-do-mundo-interlagos\/"},"modified":"2023-11-03T22:07:09","modified_gmt":"2023-11-04T01:07:09","slug":"caos-paddock-garagens-fechadas-minuto-a-minuto-fim-do-mundo-interlagos","status":"publish","type":"post","link":"https:\/\/grandepremio.com\/br\/f1\/caos-paddock-garagens-fechadas-minuto-a-minuto-fim-do-mundo-interlagos\/","title":{"rendered":"Caos no paddock e garagens fechadas: minuto a minuto do fim do mundo em Interlagos"},"content":{"rendered":"\n<p class=\"wp-block-paragraph\">A classifica\u00e7\u00e3o da <strong>F\u00f3rmula 1<\/strong> no <strong>GP de S\u00e3o Paulo<\/strong>, <a href=\"https:\/\/www.grandepremio.com\/br\/f1\/noticias\/max-verstappen-destaca-cenario-apocaliptico-conquista-pole-gp-de-sao-paulo-brasil\/\" target=\"_blank\" aria-label=\" (opens in a new tab)\" rel=\"noreferrer noopener\" class=\"ek-link\">realizada nesta sexta-feira (3)<\/a>, terminou de maneira ca\u00f3tica para todos aqueles presentes ao <strong>Aut\u00f3dromo de Interlagos<\/strong>. A chuva despencou sobre a pista nos \u00faltimos minutos do <strong>Q3 <\/strong>e transformou o encerramento da atividade em um cen\u00e1rio quase que apocal\u00edptico, com equipes fechando suas garagens e o paddock completamente alagado.<\/p>\n\n\n\n<p class=\"wp-block-paragraph\">Depois de <strong>Max Verstappen <\/strong>garantir a pole, o volume de \u00e1gua foi t\u00e3o alto que a dire\u00e7\u00e3o de prova autorizou as equipes a fecharem suas garagens, como forma de evitar um alagamento. O paddock, por\u00e9m, n\u00e3o teve a mesma sorte e sofreu com uma cobertura ineficiente. Assim, foi completamente invadido pela chuva.<\/p>\n\n\n\n<p class=\"wp-block-paragraph\">Jornalistas precisaram correr para salvar os equipamentos e os mec\u00e2nicos tamb\u00e9m se agitavam de todos os lados, tentando evitar que suas ferramentas se molhassem. Quem n\u00e3o se importou tanto com a situa\u00e7\u00e3o foi <strong>George<\/strong> <strong>Russell<\/strong>, que chegou a &#8220;tomar banho&#8221; na chuva e fez a alegria dos f\u00e3s.<\/p>\n\n\n\n<p class=\"wp-block-paragraph\">Parte do teto de uma das arquibancadas, situada na \u00faltima curva, tamb\u00e9m n\u00e3o aguentou e simplesmente despencou com a for\u00e7a da \u00e1gua, em uma situa\u00e7\u00e3o bastante perigosa para o p\u00fablico. A cidade de S\u00e3o Paulo, inclusive, <strong>entrou em estado de alerta<\/strong>, e a chuva permanece extremamente forte em toda a regi\u00e3o metropolitana.<\/p>\n\n\n\n<figure class=\"wp-block-video\"><video class=\"video-js vjs-big-play-centered\" data-gp-vjs=\"1\" controls src=\"https:\/\/www.grandepremio.com\/br\/wp-content\/uploads\/2023\/11\/IMG_3117-1-1.mov\"><\/video><figcaption class=\"wp-element-caption\">Russell chegou a &#8220;tomar banho&#8221; de chuva e jogou o bon\u00e9 para a torcida (V\u00eddeo: JP Nascimento\/Grande Pr\u00eamio)<\/figcaption><\/figure>\n\n\n\n<p class=\"wp-block-paragraph\">A pista tamb\u00e9m sofreu muito com a tempestade. J\u00e1 ap\u00f3s a atividade, uma quantidade surpreendente de sujeira se espalhou pelo tra\u00e7ado, principalmente na reta principal. A sa\u00edda de Interlagos se tornou um caos completo, com a multid\u00e3o tentando fugir da chuva e lotando pontos do aut\u00f3dromo, al\u00e9m das esta\u00e7\u00f5es de trem mais pr\u00f3ximas.<\/p>\n\n\n\n<p class=\"wp-block-paragraph\">A escurid\u00e3o, os problemas no aut\u00f3dromo e a sujeira da pista causaram at\u00e9 o <a href=\"https:\/\/www.grandepremio.com\/br\/f4\/noticias\/tempestade-escuridao-interlagos-f4-brasil-cancelar-classificacao\/\" target=\"_blank\" aria-label=\" (opens in a new tab)\" rel=\"noreferrer noopener\" class=\"ek-link\">cancelamento da classifica\u00e7\u00e3o<\/a> que seria realizada pela F4 Brasil. Procurada pelo <strong>GRANDE PR\u00caMIO<\/strong>, a organiza\u00e7\u00e3o da etapa brasileira <a aria-label=\" (opens in a new tab)\" href=\"https:\/\/www.grandepremio.com\/br\/f1\/noticias\/gp-de-sao-paulo-verifica-ocorrencias-areas-afetadas-tempestade\/\" target=\"_blank\" rel=\"noreferrer noopener\" class=\"ek-link\">admitiu os danos e disse que ainda avalia<\/a> as condi\u00e7\u00f5es do circuito.<\/p>\n\n\n\n<p class=\"wp-block-paragraph\">\u201cEm virtude das fortes chuvas e ventos ocorridos nesta sexta-feira, algumas \u00e1reas do GP&nbsp;de <a href=\"https:\/\/www.grandepremio.com\/br\/circuito\/sao-paulo\/\" target=\"_blank\" rel=\"noreferrer noopener\">S\u00e3o Paulo<\/a>&nbsp;foram parcialmente afetadas. No momento, nossas equipes est\u00e3o em campo verificando as ocorr\u00eancias. T\u00e3o logo tenhamos mais informa\u00e7\u00f5es iremos divulg\u00e1-las\u201d, afirmou a organiza\u00e7\u00e3o em resposta ao <strong>GP<\/strong>.<\/p>\n\n\n\n<figure class=\"wp-block-video\"><video class=\"video-js vjs-big-play-centered\" data-gp-vjs=\"1\" controls src=\"https:\/\/www.grandepremio.com\/br\/wp-content\/uploads\/2023\/11\/f1rtp_avc1_1720527989706809799.mp4\"><\/video><figcaption class=\"wp-element-caption\">Interlagos viveu uma situa\u00e7\u00e3o completamente ca\u00f3tica nesta sexta-feira (V\u00eddeo: Lasanhas Culture\/Twitter)<\/figcaption><\/figure>\n\n\n\n<p class=\"wp-block-paragraph\">O&nbsp;<strong>GRANDE PR\u00caMIO&nbsp;<\/strong>acompanha todas as atividades&nbsp;<strong>AO VIVO e EM&nbsp;<a href=\"https:\/\/www.grandepremio.com\/br\/ao-vivo\/\" target=\"_blank\" rel=\"noreferrer noopener\" class=\"ek-link\">TEMPO REAL<\/a><\/strong>&nbsp;e cobre o GP de S\u00e3o Paulo de&nbsp;<a href=\"https:\/\/www.grandepremio.com\/formula-1\/\" target=\"_blank\" rel=\"noreferrer noopener\">F\u00f3rmula 1<\/a>&nbsp;\u2018in loco\u2019 com&nbsp;<strong>Evelyn Guimar\u00e3es<\/strong>,&nbsp;<strong>Gabriel Carvalho<\/strong>,&nbsp;<strong>Gabriel Curty<\/strong>,&nbsp;<strong>Jo\u00e3o Pedro Nascimento<\/strong>,&nbsp;<strong>Luana Marino<\/strong>,&nbsp;<strong>Pedro Henrique Marum&nbsp;<\/strong>e&nbsp;<strong>Rodrigo Berton<\/strong>.<\/p>\n\n\n\n<p class=\"wp-block-paragraph\">Em<strong>&nbsp;SEGUNDA TELA<\/strong>, o GP acompanha a etapa com transmiss\u00f5es da classifica\u00e7\u00e3o, da sprint e da corrida. Na sexta-feira, no s\u00e1bado e no domingo, o&nbsp;<strong>BRIEFING&nbsp;<\/strong>repercute tudo que acontece na etapa brasileira.<\/p>\n\n\n\n<p class=\"wp-block-paragraph\"><strong>\u25b6\ufe0f&nbsp;Inscreva-se nos dois canais do GRANDE PR\u00caMIO no YouTube:&nbsp;<a href=\"https:\/\/www.youtube.com\/channel\/UC9OlHEgxoaY6QY6nWPoiqQg?sub_confirmation=1\" target=\"_blank\" rel=\"noreferrer noopener\">GP<\/a>&nbsp;|&nbsp;<a href=\"https:\/\/www.youtube.com\/channel\/UC9csiS6q_C3C0FYhyr1rnFA?sub_confirmation=1\" target=\"_blank\" rel=\"noreferrer noopener\">GP2<\/a><\/strong><\/p>\n\n\n\n<p class=\"wp-block-paragraph\"><strong>\u25b6\ufe0f&nbsp;<a href=\"https:\/\/www.twitch.tv\/grandepremio\" target=\"_blank\" rel=\"noreferrer noopener\">Conhe\u00e7a o canal do GRANDE PR\u00caMIO na Twitch clicando aqui!<\/a><\/strong><\/p>\n\n\n\n<figure class=\"wp-block-embed is-type-video is-provider-youtube wp-block-embed-youtube wp-embed-aspect-16-9 wp-has-aspect-ratio\"><div class=\"wp-block-embed__wrapper\">\n<iframe loading=\"lazy\" title=\"GP de S\u00c3O PAULO: VERSTAPPEN POLE antes da TEMPESTADE: tudo sobre a CLASSIFICA\u00c7\u00c3O | Briefing\" width=\"500\" height=\"281\" src=\"https:\/\/www.youtube.com\/embed\/3FDQSSnhK7Q?feature=oembed\" frameborder=\"0\" allow=\"accelerometer; autoplay; clipboard-write; encrypted-media; gyroscope; picture-in-picture; web-share\" referrerpolicy=\"strict-origin-when-cross-origin\" allowfullscreen><\/iframe>\n<\/div><\/figure>\n","protected":false},"excerpt":{"rendered":"<p>O encerramento da classifica\u00e7\u00e3o do GP de S\u00e3o Paulo trouxe uma chuva impressionante, e as estruturas da F\u00f3rmula 1 simplesmente n\u00e3o aguentaram. Na correria, equipes fecharam garagens, o paddock foi alagado e parte do teto da arquibancada cedeu sobre o p\u00fablico<\/p>\n","protected":false},"author":0,"featured_media":1000749523,"comment_status":"closed","ping_status":"closed","sticky":false,"template":"","format":"standard","meta":{"42wp_featured_image_caption":"","42wp_featured_image_credits":"","42wp_featured_video":"","42wp_featured_image_hidden":false,"42wp_authors_list":[],"footnotes":""},"categories":[2],"tags":[783,147,6533,180,26680,1491,30103,28285,124,2875],"42wp_author":[47142],"class_list":["post-96222","post","type-post","status-publish","format-standard","has-post-thumbnail","hentry","category-f1","tag-brasil","tag-f1","tag-f1-2023","tag-formula-1","tag-gp-de-sao-paulo","tag-grande-premio","tag-grande-premio-f1","tag-grandepremio","tag-interlagos","tag-tempestade","42wp_author-jp-nascimento"],"_links":{"self":[{"href":"https:\/\/grandepremio.com\/br\/wp-json\/wp\/v2\/posts\/96222","targetHints":{"allow":["GET"]}}],"collection":[{"href":"https:\/\/grandepremio.com\/br\/wp-json\/wp\/v2\/posts"}],"about":[{"href":"https:\/\/grandepremio.com\/br\/wp-json\/wp\/v2\/types\/post"}],"replies":[{"embeddable":true,"href":"https:\/\/grandepremio.com\/br\/wp-json\/wp\/v2\/comments?post=96222"}],"version-history":[{"count":0,"href":"https:\/\/grandepremio.com\/br\/wp-json\/wp\/v2\/posts\/96222\/revisions"}],"wp:featuredmedia":[{"embeddable":true,"href":"https:\/\/grandepremio.com\/br\/wp-json\/wp\/v2\/media\/1000749523"}],"wp:attachment":[{"href":"https:\/\/grandepremio.com\/br\/wp-json\/wp\/v2\/media?parent=96222"}],"wp:term":[{"taxonomy":"category","embeddable":true,"href":"https:\/\/grandepremio.com\/br\/wp-json\/wp\/v2\/categories?post=96222"},{"taxonomy":"post_tag","embeddable":true,"href":"https:\/\/grandepremio.com\/br\/wp-json\/wp\/v2\/tags?post=96222"},{"taxonomy":"42wp_author","embeddable":true,"href":"https:\/\/grandepremio.com\/br\/wp-json\/wp\/v2\/42wp_author?post=96222"}],"curies":[{"name":"wp","href":"https:\/\/api.w.org\/{rel}","templated":true}]}}