{"id":9623,"date":"2026-04-28T12:29:35","date_gmt":"2026-04-28T15:29:35","guid":{"rendered":"https:\/\/grandepremio.com\/br\/noticias\/nissan-encontrou-razoes-problemas-recuperacao-ep-de-berlim\/"},"modified":"2026-04-28T12:31:35","modified_gmt":"2026-04-28T15:31:35","slug":"nissan-encontrou-razoes-problemas-recuperacao-ep-de-berlim","status":"publish","type":"post","link":"https:\/\/grandepremio.com\/br\/formula-e\/nissan-encontrou-razoes-problemas-recuperacao-ep-de-berlim\/","title":{"rendered":"Nissan diz que &#8220;encontrou raz\u00f5es&#8221; para problemas e projeta recupera\u00e7\u00e3o em Berlim"},"content":{"rendered":"\n<p class=\"wp-block-paragraph\">Oscilante desde o in\u00edcio da temporada 2025\/26 da <strong>F\u00f3rmula E<\/strong>, a <strong>Nissan <\/strong>espera enfim ter encontrado as raz\u00f5es para os problemas durante a pausa entre as etapas de <strong>Madri <\/strong>e <strong>Berlim<\/strong>. Prestes a voltar \u00e0 pista neste fim de semana, novamente em <strong>Tempelhof<\/strong>, o chefe <strong>Tommaso Volpe<\/strong> ressaltou a import\u00e2ncia do tempo que o time teve para analisar os dados e buscar raz\u00f5es para a inconsist\u00eancia.<\/p>\n\n\n\n<p class=\"wp-block-paragraph\">Atual campe\u00e3o mundial, <strong>Oliver Rowland<\/strong> tem <strong>tr\u00eas<\/strong> p\u00f3dios e <strong>tr\u00eas<\/strong> corridas fora do top-10 em <strong>seis <\/strong>etapas, irregularidade que vem afastando o ingl\u00eas da briga pelo t\u00edtulo. Com <strong>49 pontos<\/strong>, \u00e9 o <strong>s\u00e9timo <\/strong>e j\u00e1 v\u00ea o l\u00edder <strong>Pascal Wehrlein<\/strong> com <strong>72<\/strong>, o que cobra uma rea\u00e7\u00e3o imediata. Do lado de <strong>Norman Nato<\/strong>, a situa\u00e7\u00e3o \u00e9 ainda pior: apenas <strong>um<\/strong> tento em todo o campeonato.<\/p>\n\n\n\n<figure class=\"wp-block-embed is-type-video is-provider-youtube wp-block-embed-youtube wp-embed-aspect-16-9 wp-has-aspect-ratio\"><div class=\"wp-block-embed__wrapper\">\n<iframe loading=\"lazy\" title=\"F\u00d3RMULA E 2025\/26: CORRIDA eP DE MADRI COM IMAGENS e DRUGOVICH | 6\u00aa ETAPA\" width=\"500\" height=\"281\" src=\"https:\/\/www.youtube.com\/embed\/rOHuA6IeG18?feature=oembed\" frameborder=\"0\" allow=\"accelerometer; autoplay; clipboard-write; encrypted-media; gyroscope; picture-in-picture; web-share\" referrerpolicy=\"strict-origin-when-cross-origin\" allowfullscreen><\/iframe>\n<\/div><\/figure>\n\n\n\n<p class=\"has-vivid-red-color has-text-color has-link-color wp-elements-1 wp-block-paragraph\"><strong>+ GP EXPERIENCE: o novo produto do GRANDE PR\u00caMIO conecta voc\u00ea aos maiores eventos de esporte a motor do mundo. V\u00e1 para Indian\u00e1polis com a gente:&nbsp;<a href=\"https:\/\/gpexperience.tur.br\/\">saiba aqui todos os detalhes<\/a>.<\/strong><\/p>\n\n\n\n<p class=\"wp-block-paragraph\">&#8220;A pausa veio em um bom momento para n\u00f3s ap\u00f3s Madri. Tivemos bastante tempo para trabalhar e analisar os dados, algo que voc\u00ea nem sempre consegue na F\u00f3rmula E. Confiamos que conseguimos encontrar as principais raz\u00f5es para sofrermos recentemente e trabalhamos para acert\u00e1-las&#8221;, disse Volpe.<\/p>\n\n\n\n<p class=\"wp-block-paragraph\">O dirigente ressaltou tamb\u00e9m a abund\u00e2ncia de dados das equipes sobre o <strong>eP de Berlim<\/strong>, recordista de realiza\u00e7\u00f5es na F\u00f3rmula E, e demonstrou confian\u00e7a em traduzir o rendimento de classifica\u00e7\u00e3o em pontos neste fim de semana. No <strong>Mundial de Equipes<\/strong>, a Nissan ocupa uma opaca <strong>sexta coloca\u00e7\u00e3o <\/strong>entre <strong>dez <\/strong>equipes, \u00e0 frente apenas de <strong>Lola Yamaha<\/strong>, <strong>DS Penske<\/strong>, <strong>Cupra Kiro <\/strong>e <strong>Andretti<\/strong>.<\/p>\n\n\n\n<p class=\"wp-block-paragraph\">&#8220;Berlim \u00e9 a pista mais visitada na hist\u00f3ria do campeonato. Ent\u00e3o, temos muitos dados para nos preparar para a rodada dupla. Temos sido fortes nas classifica\u00e7\u00f5es da temporada, sempre com um carro avan\u00e7ando aos duelos. Agora, nosso principal objetivo \u00e9 transferir isso \u00e0 corrida e converter em fortes pontos para os dois carros&#8221;, finalizou o chefe da Nissan.<\/p>\n\n\n\n<figure class=\"wp-block-image size-large\"><img decoding=\"async\" src=\"https:\/\/www.grandepremio.com\/br\/wp-content\/uploads\/2026\/02\/AF3_4697_IWq8xSYi_20250724034127-2048x2048-1-1200x800.jpg\" alt=\"\" class=\"wp-image-1061404\"\/><figcaption class=\"wp-element-caption\">Volpe demonstrou confian\u00e7a ap\u00f3s trabalho da Nissan na pausa da F\u00f3rmula E (Foto: F\u00f3rmula E)<\/figcaption><\/figure>\n\n\n\n<p class=\"wp-block-paragraph\">Ap\u00f3s um intervalo de cinco semanas, a&nbsp;<strong>F\u00f3rmula E<\/strong>&nbsp;retorna neste fim de semana. A categoria el\u00e9trica continua na Europa e, agora, chega na&nbsp;<strong>Alemanha&nbsp;<\/strong>para disputar a rodada dupla do&nbsp;<strong>eP de Berlim<\/strong>, no&nbsp;<strong>Aeroporto de Templehof<\/strong>, entre os dias 1 e 3 de maio. O&nbsp;<strong>GRANDE PR\u00caMIO<\/strong>&nbsp;transmite&nbsp;<strong>AO VIVO e COM IMAGENS<\/strong>&nbsp;todas as sess\u00f5es do fim de semana no canal no&nbsp;<strong>YouTube&nbsp;<\/strong>e na&nbsp;<strong>GPTV<\/strong>.<\/p>\n\n\n\n<p class=\"wp-block-paragraph\">\u25b6\ufe0f&nbsp;<strong>Inscreva-se nos dois canais do GRANDE PR\u00caMIO no YouTube:&nbsp;<a href=\"https:\/\/www.youtube.com\/channel\/UC9OlHEgxoaY6QY6nWPoiqQg?sub_confirmation=1\">GP<\/a>&nbsp;|&nbsp;<a href=\"https:\/\/www.youtube.com\/channel\/UC9csiS6q_C3C0FYhyr1rnFA?sub_confirmation=1\">GPTV<\/a><\/strong><a href=\"https:\/\/www.grandepremio.com\/br\/chefao\/\" target=\"_blank\" rel=\"noreferrer noopener\"><\/a><\/p>\n\n\n\n<h2 class=\"wp-block-heading\" id=\"h-ep-de-berlim-da-formula-e-nbsp-veja-os-horarios-em-brasil-cabo-verde-nbsp-portugal-angola-e-mocambique\"><strong>eP de Berlim da F\u00f3rmula E:&nbsp;veja os hor\u00e1rios em Brasil, Cabo Verde,&nbsp;Portugal, Angola e Mo\u00e7ambique<\/strong><\/h2>\n\n\n\n<figure class=\"wp-block-table\"><table class=\"has-fixed-layout\"><tbody><tr><td class=\"has-text-align-left\" data-align=\"left\"><strong>Data<\/strong><\/td><td class=\"has-text-align-left\" data-align=\"left\"><strong>&nbsp;Sess\u00e3o<\/strong><\/td><td class=\"has-text-align-left\" data-align=\"left\"><strong>BRA*<\/strong><\/td><td class=\"has-text-align-left\" data-align=\"left\"><strong>CBV<\/strong><\/td><td class=\"has-text-align-left\" data-align=\"left\"><strong>POR<\/strong><br><strong>ANG<\/strong><\/td><td class=\"has-text-align-left\" data-align=\"left\"><strong>MOZ<\/strong><\/td><\/tr><tr><td class=\"has-text-align-left\" data-align=\"left\">Sexta-feira (1)<\/td><td class=\"has-text-align-left\" data-align=\"left\">Treino livre 1<\/td><td class=\"has-text-align-left\" data-align=\"left\">11:00<\/td><td class=\"has-text-align-left\" data-align=\"left\">13:00<\/td><td class=\"has-text-align-left\" data-align=\"left\">15:00<\/td><td class=\"has-text-align-left\" data-align=\"left\">16:00<\/td><\/tr><tr><td class=\"has-text-align-left\" data-align=\"left\">S\u00e1bado (2)<\/td><td class=\"has-text-align-left\" data-align=\"left\">Treino livre 2<\/td><td class=\"has-text-align-left\" data-align=\"left\">4:30<\/td><td class=\"has-text-align-left\" data-align=\"left\">6:30<\/td><td class=\"has-text-align-left\" data-align=\"left\">8:30<\/td><td class=\"has-text-align-left\" data-align=\"left\">9:30<\/td><\/tr><tr><td class=\"has-text-align-left\" data-align=\"left\">S\u00e1bado (2)<\/td><td class=\"has-text-align-left\" data-align=\"left\">Classifica\u00e7\u00e3o<\/td><td class=\"has-text-align-left\" data-align=\"left\">6:40<\/td><td class=\"has-text-align-left\" data-align=\"left\">8:40<\/td><td class=\"has-text-align-left\" data-align=\"left\">10:40<\/td><td class=\"has-text-align-left\" data-align=\"left\">11:40<\/td><\/tr><tr><td class=\"has-text-align-left\" data-align=\"left\">S\u00e1bado (2)<\/td><td class=\"has-text-align-left\" data-align=\"left\">Corrida<\/td><td class=\"has-text-align-left\" data-align=\"left\">11:05<\/td><td class=\"has-text-align-left\" data-align=\"left\">13:05<\/td><td class=\"has-text-align-left\" data-align=\"left\">15:05<\/td><td class=\"has-text-align-left\" data-align=\"left\">16:05<\/td><\/tr><tr><td class=\"has-text-align-left\" data-align=\"left\">Domingo (3)<\/td><td class=\"has-text-align-left\" data-align=\"left\">Treino livre 3<\/td><td class=\"has-text-align-left\" data-align=\"left\">4:30<\/td><td class=\"has-text-align-left\" data-align=\"left\">6:30<\/td><td class=\"has-text-align-left\" data-align=\"left\">8:30<\/td><td class=\"has-text-align-left\" data-align=\"left\">9:30<\/td><\/tr><tr><td class=\"has-text-align-left\" data-align=\"left\">Domingo (3)<\/td><td class=\"has-text-align-left\" data-align=\"left\">Classifica\u00e7\u00e3o<\/td><td class=\"has-text-align-left\" data-align=\"left\">6:40<\/td><td class=\"has-text-align-left\" data-align=\"left\">8:40<\/td><td class=\"has-text-align-left\" data-align=\"left\">10:40<\/td><td class=\"has-text-align-left\" data-align=\"left\">11:40<\/td><\/tr><tr><td class=\"has-text-align-left\" data-align=\"left\">Domingo (3)<\/td><td class=\"has-text-align-left\" data-align=\"left\">Corrida<\/td><td class=\"has-text-align-left\" data-align=\"left\">11:05<\/td><td class=\"has-text-align-left\" data-align=\"left\">13:05<\/td><td class=\"has-text-align-left\" data-align=\"left\">15:05<\/td><td class=\"has-text-align-left\" data-align=\"left\">16:05<\/td><\/tr><\/tbody><\/table><\/figure>\n\n\n\n<p class=\"wp-block-paragraph\"><em>*Hor\u00e1rios de Bras\u00edlia (GMT-3)<\/em><\/p>\n","protected":false},"excerpt":{"rendered":"<p>Chefe da Nissan, Tommaso Volpe destacou trabalho feito pela equipe ap\u00f3s eP de Madri para encerrar per\u00edodo de inconsist\u00eancia na F\u00f3rmula E<\/p>\n","protected":false},"author":0,"featured_media":1001075382,"comment_status":"closed","ping_status":"closed","sticky":false,"template":"","format":"standard","meta":{"42wp_featured_image_caption":"","42wp_featured_image_credits":"","42wp_featured_video":"","42wp_featured_image_hidden":false,"42wp_authors_list":[],"footnotes":""},"categories":[19],"tags":[28679,6853,4981,840,43531,39464,39341,45540,46642,1491,28285,35442,894,1722,965,36219,4982,43530,24987],"42wp_author":[47142],"class_list":["post-9623","post","type-post","status-publish","format-standard","has-post-thumbnail","hentry","category-formula-e","tag-calendario-formula-e","tag-classificacao-formula-e","tag-ep-de-berlim","tag-formula-e","tag-formula-e-2026","tag-formula-e-berlim","tag-formula-e-berlin","tag-formula-e-hoje","tag-formula-e-tempelhof","tag-grande-premio","tag-grandepremio","tag-horarios-formula-e","tag-nissan","tag-norman-nato","tag-oliver-rowland","tag-onde-assistir-formula-e","tag-tempelhof","tag-temporada-2026-da-formula-e","tag-tommaso-volpe","42wp_author-jp-nascimento"],"_links":{"self":[{"href":"https:\/\/grandepremio.com\/br\/wp-json\/wp\/v2\/posts\/9623","targetHints":{"allow":["GET"]}}],"collection":[{"href":"https:\/\/grandepremio.com\/br\/wp-json\/wp\/v2\/posts"}],"about":[{"href":"https:\/\/grandepremio.com\/br\/wp-json\/wp\/v2\/types\/post"}],"replies":[{"embeddable":true,"href":"https:\/\/grandepremio.com\/br\/wp-json\/wp\/v2\/comments?post=9623"}],"version-history":[{"count":0,"href":"https:\/\/grandepremio.com\/br\/wp-json\/wp\/v2\/posts\/9623\/revisions"}],"wp:featuredmedia":[{"embeddable":true,"href":"https:\/\/grandepremio.com\/br\/wp-json\/wp\/v2\/media\/1001075382"}],"wp:attachment":[{"href":"https:\/\/grandepremio.com\/br\/wp-json\/wp\/v2\/media?parent=9623"}],"wp:term":[{"taxonomy":"category","embeddable":true,"href":"https:\/\/grandepremio.com\/br\/wp-json\/wp\/v2\/categories?post=9623"},{"taxonomy":"post_tag","embeddable":true,"href":"https:\/\/grandepremio.com\/br\/wp-json\/wp\/v2\/tags?post=9623"},{"taxonomy":"42wp_author","embeddable":true,"href":"https:\/\/grandepremio.com\/br\/wp-json\/wp\/v2\/42wp_author?post=9623"}],"curies":[{"name":"wp","href":"https:\/\/api.w.org\/{rel}","templated":true}]}}