{"id":96368,"date":"2023-11-02T15:32:07","date_gmt":"2023-11-02T18:32:07","guid":{"rendered":"https:\/\/grandepremio.com\/br\/noticias\/chefe-haas-explica-periplo-atrasado-kevin-magnussen-sao-paulo-brasil-brinca-nao-tenho-aviao\/"},"modified":"2023-11-02T21:54:45","modified_gmt":"2023-11-03T00:54:45","slug":"chefe-haas-explica-periplo-atrasado-kevin-magnussen-sao-paulo-brasil-brinca-nao-tenho-aviao","status":"publish","type":"post","link":"https:\/\/grandepremio.com\/br\/f1\/chefe-haas-explica-periplo-atrasado-kevin-magnussen-sao-paulo-brasil-brinca-nao-tenho-aviao\/","title":{"rendered":"Chefe da Haas explica p\u00e9riplo de atrasado Magnussen a SP e brinca: &#8220;N\u00e3o tenho avi\u00e3o&#8221;"},"content":{"rendered":"\n<p class=\"wp-block-paragraph\">H\u00e1 um atraso na chegada da <strong><a href=\"https:\/\/www.grandepremio.com\/br\/f1\/\" class=\"ek-link\">F\u00f3rmula 1<\/a><\/strong> a Interlagos, ao longo desta quinta-feira (2), dia oficial do atendimento das equipes \u00e0 imprensa. <strong>Kevin Magnussen<\/strong> sofreu com cancelamento do voo que faria da <strong>Cidade do M\u00e9xico<\/strong> para <strong>S\u00e3o Paulo<\/strong> e, assim, <strong><a href=\"https:\/\/www.grandepremio.com\/br\/f1\/noticias\/kevin-magnussen-voo-cancelado-mexico-perde-dia-de-coletivas-gp-de-sao-paulo\/\" class=\"ek-link\">ficou de fora<\/a><\/strong>. Nada que preocupe a <strong>Haas<\/strong>, por\u00e9m.<\/p>\n\n\n\n<p class=\"wp-block-paragraph\">Em entrevista na qual o <strong>GRANDE PR\u00caMIO<\/strong> esteve presente, <strong>Guenther Steiner<\/strong>, chefe da Haas, disse que a expectativa da chegada de Magnussen \u00e9 nas pr\u00f3ximas horas, ainda durante a tarde do Brasil.<\/p>\n\n\n\n<p class=\"wp-block-paragraph\">Para isso, por\u00e9m, o dinamarqu\u00eas teve de tomar um caminho distinto: sem novos voos partindo da capital mexicana, teve de viajar para Dallas, nos Estados Unidos, e de l\u00e1 para Bogot\u00e1, na Col\u00f4mbia. A\u00ed, ent\u00e3o, S\u00e3o Paulo.<\/p>\n\n\n\n<p class=\"wp-block-paragraph\">&#8220;Acho que ele deve chegar ainda hoje \u00e0 tarde&#8221;, afirmou.<\/p>\n\n\n\n<figure class=\"wp-block-image size-large\"><img decoding=\"async\" src=\"https:\/\/www.grandepremio.com\/br\/wp-content\/uploads\/2023\/05\/Steiner-1024x683.jpg\" alt=\"\" class=\"wp-image-681074\"\/><figcaption class=\"wp-element-caption\">Guenther Steiner contou o que h\u00e1 com Kevin Magnussen (Foto: Haas F1 Team)<\/figcaption><\/figure>\n\n\n\n<p class=\"wp-block-paragraph\">&#8220;Digo que acho, porque ontem \u00e0 noite eu mandei mensagem perguntando a ele sobre hoje, e ele contou que ia viajar de Bogot\u00e1 para c\u00e1. Ficou preso no M\u00e9xico e n\u00e3o sei, quando falei com ele, se ele j\u00e1 estava em Dallas [se n\u00e3o estava, iria em breve] e, ent\u00e3o, viria para c\u00e1 via Col\u00f4mbia&#8221;, explicou.<\/p>\n\n\n\n<p class=\"wp-block-paragraph\">&#8220;N\u00e3o mandei mais mensagem, porque o que eu ia fazer? Ia perguntar &#8216;Kevin, como posso ajudar?&#8217; como, se n\u00e3o tenho avi\u00e3o. Mas a falta de not\u00edcias \u00e9 uma boa not\u00edcia. Se alguma coisa der errado, ele pode falar comigo. &#8216;Guenther, estou preso no M\u00e9xico&#8217;\u2026 O que eu vou fazer? N\u00e3o sou o agente de viagens&#8221;, brincou.<\/p>\n\n\n\n<p class=\"wp-block-paragraph\">A expectativa da Haas \u00e9 que Kevin participe normalmente das atividades de sexta-feira (3) em\u00a0<a href=\"https:\/\/www.grandepremio.com\/br\/circuito\/interlagos\/\" target=\"_blank\" rel=\"noreferrer noopener\">Interlagos<\/a>, ou seja, sem riscos de perder a defini\u00e7\u00e3o do grid, que acontece \u00e0s 15h. O piloto de testes da equipe \u00e9 o brasileiro\u00a0<strong><a href=\"https:\/\/www.grandepremio.com\/br\/piloto\/pietro-fittipaldi\/\" target=\"_blank\" rel=\"noreferrer noopener\">Pietro Fittipaldi<\/a><\/strong>, que foi acionado em 2020 quando<strong>\u00a0<a href=\"https:\/\/www.grandepremio.com\/br\/piloto\/romain-grosjean\/\" target=\"_blank\" rel=\"noreferrer noopener\">Romain Grosjean<\/a><\/strong>\u00a0se acidentou no Bahrein e n\u00e3o conseguiu disputar os GPs do\u00a0<a href=\"https:\/\/www.grandepremio.com\/br\/circuito\/sakhir\/\" target=\"_blank\" rel=\"noreferrer noopener\">Sakhir<\/a>\u00a0e de Abu Dhabi, mas que est\u00e1 justamente no Bahrein, para a disputa da etapa decisiva do <strong>WEC<\/strong>.<\/p>\n\n\n\n<p class=\"wp-block-paragraph\">O&nbsp;<strong>GRANDE PR\u00caMIO<\/strong>&nbsp;acompanha todas as atividades&nbsp;<a href=\"https:\/\/www.grandepremio.com\/br\/ao-vivo\/f1\/\" target=\"_blank\" rel=\"noreferrer noopener\"><strong>AO VIVO<\/strong>&nbsp;e&nbsp;<strong>EM TEMPO REAL<\/strong><\/a>&nbsp;e cobre o GP de S\u00e3o Paulo de&nbsp;<a href=\"https:\/\/www.grandepremio.com\/formula-1\/\" target=\"_blank\" rel=\"noreferrer noopener\">F\u00f3rmula 1<\/a>&nbsp;\u2018in loco\u2019 com Evelyn Guimar\u00e3es, Gabriel Carvalho, Gabriel Curty, Jo\u00e3o Pedro Nascimento, Luana Marino, Pedro Henrique Marum e Rodrigo Berton. Em&nbsp;<strong>SEGUNDA TELA<\/strong>, o&nbsp;<strong>GP&nbsp;<\/strong>acompanha a etapa com transmiss\u00f5es da classifica\u00e7\u00e3o, da sprint e da corrida. Na sexta-feira, no s\u00e1bado e no domingo, o&nbsp;<strong>BRIEFING&nbsp;<\/strong>repercute tudo que acontece na etapa brasileira.<\/p>\n\n\n\n<p class=\"wp-block-paragraph\"><strong>\u25b6\ufe0f&nbsp;Inscreva-se nos dois canais do GRANDE PR\u00caMIO no YouTube:&nbsp;<a href=\"https:\/\/www.youtube.com\/channel\/UC9OlHEgxoaY6QY6nWPoiqQg?sub_confirmation=1\" target=\"_blank\" rel=\"noreferrer noopener\">GP<\/a>&nbsp;|&nbsp;<a href=\"https:\/\/www.youtube.com\/channel\/UC9csiS6q_C3C0FYhyr1rnFA?sub_confirmation=1\" target=\"_blank\" rel=\"noreferrer noopener\">GP2<\/a><\/strong><br><strong>\u25b6\ufe0f&nbsp;<a href=\"https:\/\/www.twitch.tv\/grandepremio\" target=\"_blank\" rel=\"noreferrer noopener\">Conhe\u00e7a o canal do GRANDE PR\u00caMIO na Twitch clicando aqui!<\/a><\/strong><\/p>\n\n\n\n<figure class=\"wp-block-embed is-type-video is-provider-youtube wp-block-embed-youtube wp-embed-aspect-16-9 wp-has-aspect-ratio\"><div class=\"wp-block-embed__wrapper\">\n<iframe loading=\"lazy\" title=\"CHEGA DE ASS\u00c9DIO! O que a F1 pode fazer para EVITAR | WGP\" width=\"500\" height=\"281\" src=\"https:\/\/www.youtube.com\/embed\/Fclt9Pj0qhE?feature=oembed\" frameborder=\"0\" allow=\"accelerometer; autoplay; clipboard-write; encrypted-media; gyroscope; picture-in-picture; web-share\" referrerpolicy=\"strict-origin-when-cross-origin\" allowfullscreen><\/iframe>\n<\/div><figcaption class=\"wp-element-caption\">CHEGA DE ASS\u00c9DIO! O que a F1 pode fazer para EVITAR | WGP<\/figcaption><\/figure>\n","protected":false},"excerpt":{"rendered":"<p>Kevin Magnussen ainda n\u00e3o chegou a S\u00e3o Paulo. O atraso se deu em fun\u00e7\u00e3o a cancelamento do voo que faria entre Cidade do M\u00e9xico e a capital paulista. Mas Haas n\u00e3o se preocupa<\/p>\n","protected":false},"author":0,"featured_media":1000748778,"comment_status":"closed","ping_status":"closed","sticky":false,"template":"","format":"standard","meta":{"42wp_featured_image_caption":"","42wp_featured_image_credits":"","42wp_featured_video":"","42wp_featured_image_hidden":false,"42wp_authors_list":[],"footnotes":""},"categories":[2],"tags":[6533,642,30722,36991,36992,26680,502,1491,26123,30103,28285,1490,119,117,408],"42wp_author":[47117,47120],"class_list":["post-96368","post","type-post","status-publish","format-standard","has-post-thumbnail","hentry","category-f1","tag-f1-2023","tag-f1-ao-vivo","tag-formula-1-2023","tag-formula-1-sp","tag-gp-brasileiro","tag-gp-de-sao-paulo","tag-gp-do-brasil","tag-grande-premio","tag-grande-premio-ao-vivo","tag-grande-premio-f1","tag-grandepremio","tag-guenther-steiner","tag-haas","tag-kevin-magnussen","tag-pietro-fittipaldi","42wp_author-gabriel-curty","42wp_author-pedro-henrique-marum"],"_links":{"self":[{"href":"https:\/\/grandepremio.com\/br\/wp-json\/wp\/v2\/posts\/96368","targetHints":{"allow":["GET"]}}],"collection":[{"href":"https:\/\/grandepremio.com\/br\/wp-json\/wp\/v2\/posts"}],"about":[{"href":"https:\/\/grandepremio.com\/br\/wp-json\/wp\/v2\/types\/post"}],"replies":[{"embeddable":true,"href":"https:\/\/grandepremio.com\/br\/wp-json\/wp\/v2\/comments?post=96368"}],"version-history":[{"count":0,"href":"https:\/\/grandepremio.com\/br\/wp-json\/wp\/v2\/posts\/96368\/revisions"}],"wp:featuredmedia":[{"embeddable":true,"href":"https:\/\/grandepremio.com\/br\/wp-json\/wp\/v2\/media\/1000748778"}],"wp:attachment":[{"href":"https:\/\/grandepremio.com\/br\/wp-json\/wp\/v2\/media?parent=96368"}],"wp:term":[{"taxonomy":"category","embeddable":true,"href":"https:\/\/grandepremio.com\/br\/wp-json\/wp\/v2\/categories?post=96368"},{"taxonomy":"post_tag","embeddable":true,"href":"https:\/\/grandepremio.com\/br\/wp-json\/wp\/v2\/tags?post=96368"},{"taxonomy":"42wp_author","embeddable":true,"href":"https:\/\/grandepremio.com\/br\/wp-json\/wp\/v2\/42wp_author?post=96368"}],"curies":[{"name":"wp","href":"https:\/\/api.w.org\/{rel}","templated":true}]}}