{"id":96378,"date":"2023-11-02T14:47:04","date_gmt":"2023-11-02T17:47:04","guid":{"rendered":"https:\/\/grandepremio.com\/br\/noticias\/carlos-sainz-sugere-experimentos-sprint-sem-interferir-corrida-principal\/"},"modified":"2023-11-02T15:21:53","modified_gmt":"2023-11-02T18:21:53","slug":"carlos-sainz-sugere-experimentos-sprint-sem-interferir-corrida-principal","status":"publish","type":"post","link":"https:\/\/grandepremio.com\/br\/f1\/carlos-sainz-sugere-experimentos-sprint-sem-interferir-corrida-principal\/","title":{"rendered":"Sainz sugere \u201cexperimentos&#8221; com sprint, mas avisa: &#8220;Sem interferir na corrida principal&#8221;"},"content":{"rendered":"\n<p class=\"wp-block-paragraph\">Em meio aos <a href=\"https:\/\/www.grandepremio.com\/br\/f1\/noticias\/max-verstappen-repete-dose-critica-formato-sprint-f1-tira-magia-empolgacao\/\" class=\"ek-link\">recorrentes debates a respeito do formato <\/a><strong><a href=\"https:\/\/www.grandepremio.com\/br\/f1\/noticias\/max-verstappen-repete-dose-critica-formato-sprint-f1-tira-magia-empolgacao\/\" class=\"ek-link\">sprint<\/a> <\/strong>na <strong>F\u00f3rmula 1<\/strong>, <strong>Carlos Sainz<\/strong> saiu em defesa dos fins de semana com prova curta. De acordo com o titular da <strong>Ferrari<\/strong>, a categoria deve seguir fazendo diferentes experimentos com a corrida sprint at\u00e9 achar o ideal. No entanto, reiterou que em hip\u00f3tese alguma ela deve interferir no espet\u00e1culo principal no domingo.<\/p>\n\n\n\n<p class=\"wp-block-paragraph\">Hoje a corrida sprint n\u00e3o tem nenhuma rela\u00e7\u00e3o com a etapa que acontece no domingo. No entanto, quando foi introduzida em 2021, ela era a respons\u00e1vel por formar o grid de largada da prova principal. Para o #55 isso n\u00e3o pode voltar a acontecer.<\/p>\n\n\n\n<p class=\"wp-block-paragraph\">\u201cConcordo que seis corridas sprint, por enquanto, s\u00e3o o suficiente. Concordo que o s\u00e1bado n\u00e3o pode influenciar no que acontece no domingo, por que isso n\u00e3o ajuda para o show quando voc\u00ea vai assistir a prova na TV. A corrida no domingo \u00e9 a principal e tem de ser um espet\u00e1culo \u00e0 parte\u201d, afirmou Sainz em coletiva de imprensa acompanhada pelo <strong>GRANDE PR\u00caMIO.<\/strong><\/p>\n\n\n\n<p class=\"wp-block-paragraph\">Para sair da mesmice, o espanhol se mostrou aberto a testar diferentes formatos e chegou a propor o grid invertido.<\/p>\n\n\n\n<figure class=\"wp-block-image size-large\"><img decoding=\"async\" src=\"https:\/\/www.grandepremio.com\/br\/wp-content\/uploads\/2023\/10\/mexico-2023-f1-corrida-ferrari-carlos-sainz-04-1024x683.jpg\" alt=\"\" class=\"wp-image-747571\"\/><figcaption class=\"wp-element-caption\">Carlos Sainz afirmou que seis corridas sprint \u00e9 o suficiente para a F1 (Foto: Ferrari)<\/figcaption><\/figure>\n\n\n\n<p class=\"wp-block-paragraph\">\u201cEnt\u00e3o pode ser interessante tentar algo diferente no s\u00e1bado, quem sabe o grid invertido ou uma classifica\u00e7\u00e3o diferente. Seja l\u00e1 o que for, n\u00e3o sei exatamente. Mas se for para manter o formato sprint, \u00e9 preciso fazer alguns experimentos e ver qual \u00e9 o melhor para o que a F\u00f3rmula 1 quer agora\u201d, finalizou.<\/p>\n\n\n\n<p class=\"wp-block-paragraph\">O&nbsp;<strong>GRANDE PR\u00caMIO<\/strong>&nbsp;acompanha todas as atividades&nbsp;<a href=\"https:\/\/www.grandepremio.com\/br\/ao-vivo\/f1\/\" target=\"_blank\" rel=\"noreferrer noopener\"><strong>AO VIVO<\/strong>&nbsp;e&nbsp;<strong>EM TEMPO REAL<\/strong><\/a>&nbsp;e cobre o GP de S\u00e3o Paulo de&nbsp;<a href=\"https:\/\/www.grandepremio.com\/formula-1\/\" target=\"_blank\" rel=\"noreferrer noopener\">F\u00f3rmula 1<\/a>&nbsp;\u2018in loco\u2019 com Evelyn Guimar\u00e3es, Gabriel Carvalho, Gabriel Curty, Jo\u00e3o Pedro Nascimento, Luana Marino, Pedro Henrique Marum e Rodrigo Berton. Em&nbsp;<strong>SEGUNDA TELA<\/strong>, o&nbsp;<strong>GP&nbsp;<\/strong>acompanha a etapa com transmiss\u00f5es da classifica\u00e7\u00e3o, da sprint e da corrida. Na sexta-feira, no s\u00e1bado e no domingo, o&nbsp;<strong>BRIEFING&nbsp;<\/strong>repercute tudo que rola na etapa brasileira.<\/p>\n\n\n\n<p class=\"wp-block-paragraph\"><strong>\u25b6\ufe0f&nbsp;Inscreva-se nos dois canais do GRANDE PR\u00caMIO no YouTube:&nbsp;<a href=\"https:\/\/www.youtube.com\/channel\/UC9OlHEgxoaY6QY6nWPoiqQg?sub_confirmation=1\" target=\"_blank\" rel=\"noreferrer noopener\">GP<\/a>&nbsp;|&nbsp;<a href=\"https:\/\/www.youtube.com\/channel\/UC9csiS6q_C3C0FYhyr1rnFA?sub_confirmation=1\" target=\"_blank\" rel=\"noreferrer noopener\">GP2<\/a><\/strong><br><strong>\u25b6\ufe0f&nbsp;<a href=\"https:\/\/www.twitch.tv\/grandepremio\" target=\"_blank\" rel=\"noreferrer noopener\">Conhe\u00e7a o canal do GRANDE PR\u00caMIO na Twitch clicando aqui!<\/a><\/strong><\/p>\n\n\n\n<figure class=\"wp-block-embed is-type-video is-provider-youtube wp-block-embed-youtube wp-embed-aspect-16-9 wp-has-aspect-ratio\"><div class=\"wp-block-embed__wrapper\">\n<iframe loading=\"lazy\" title=\"CHEGA DE ASS\u00c9DIO! O que a F1 pode fazer para EVITAR | WGP\" width=\"500\" height=\"281\" src=\"https:\/\/www.youtube.com\/embed\/Fclt9Pj0qhE?feature=oembed\" frameborder=\"0\" allow=\"accelerometer; autoplay; clipboard-write; encrypted-media; gyroscope; picture-in-picture; web-share\" referrerpolicy=\"strict-origin-when-cross-origin\" allowfullscreen><\/iframe>\n<\/div><\/figure>\n","protected":false},"excerpt":{"rendered":"<p>Carlos Sainz entende que seis corridas sprint \u00e9 o limite para a F\u00f3rmula 1, e sugeriu algumas mudan\u00e7as para melhorar o fim de semana com prova curta<\/p>\n","protected":false},"author":0,"featured_media":1000748775,"comment_status":"closed","ping_status":"closed","sticky":false,"template":"","format":"standard","meta":{"42wp_featured_image_caption":"","42wp_featured_image_credits":"","42wp_featured_video":"","42wp_featured_image_hidden":false,"42wp_authors_list":[],"footnotes":""},"categories":[2],"tags":[546,5921,147,6533,2100,207,35910,26680,502,1491,28285,124,7672,36009],"42wp_author":[47149,47119,47142],"class_list":["post-96378","post","type-post","status-publish","format-standard","has-post-thumbnail","hentry","category-f1","tag-carlos-sainz","tag-corrida-sprint","tag-f1","tag-f1-2023","tag-f1-interlagos","tag-ferrari","tag-fim-de-semana-sprint","tag-gp-de-sao-paulo","tag-gp-do-brasil","tag-grande-premio","tag-grandepremio","tag-interlagos","tag-sainz","tag-sainz-ferrari","42wp_author-bernardo-castro","42wp_author-gabriel-carvalho","42wp_author-jp-nascimento"],"_links":{"self":[{"href":"https:\/\/grandepremio.com\/br\/wp-json\/wp\/v2\/posts\/96378","targetHints":{"allow":["GET"]}}],"collection":[{"href":"https:\/\/grandepremio.com\/br\/wp-json\/wp\/v2\/posts"}],"about":[{"href":"https:\/\/grandepremio.com\/br\/wp-json\/wp\/v2\/types\/post"}],"replies":[{"embeddable":true,"href":"https:\/\/grandepremio.com\/br\/wp-json\/wp\/v2\/comments?post=96378"}],"version-history":[{"count":0,"href":"https:\/\/grandepremio.com\/br\/wp-json\/wp\/v2\/posts\/96378\/revisions"}],"wp:featuredmedia":[{"embeddable":true,"href":"https:\/\/grandepremio.com\/br\/wp-json\/wp\/v2\/media\/1000748775"}],"wp:attachment":[{"href":"https:\/\/grandepremio.com\/br\/wp-json\/wp\/v2\/media?parent=96378"}],"wp:term":[{"taxonomy":"category","embeddable":true,"href":"https:\/\/grandepremio.com\/br\/wp-json\/wp\/v2\/categories?post=96378"},{"taxonomy":"post_tag","embeddable":true,"href":"https:\/\/grandepremio.com\/br\/wp-json\/wp\/v2\/tags?post=96378"},{"taxonomy":"42wp_author","embeddable":true,"href":"https:\/\/grandepremio.com\/br\/wp-json\/wp\/v2\/42wp_author?post=96378"}],"curies":[{"name":"wp","href":"https:\/\/api.w.org\/{rel}","templated":true}]}}