{"id":96410,"date":"2023-11-02T11:17:32","date_gmt":"2023-11-02T14:17:32","guid":{"rendered":"https:\/\/grandepremio.com\/br\/noticias\/juncos-confirma-chegada-romain-grosjean-lugar-callum-ilott-indy-2024\/"},"modified":"2023-11-02T14:11:28","modified_gmt":"2023-11-02T17:11:28","slug":"juncos-confirma-chegada-romain-grosjean-lugar-callum-ilott-indy-2024","status":"publish","type":"post","link":"https:\/\/grandepremio.com\/br\/indy\/juncos-confirma-chegada-romain-grosjean-lugar-callum-ilott-indy-2024\/","title":{"rendered":"Juncos confirma chegada de Grosjean no lugar de Ilott na Indy 2024"},"content":{"rendered":"\n<p class=\"wp-block-paragraph\">A <strong>Juncos Hollinger Racing<\/strong> anunciou, nesta quinta-feira (2), a chegada do franco-su\u00ed\u00e7o <strong>Romain Grosjean <\/strong>como piloto titular do time na equipe para a temporada 2024 da <strong><a href=\"https:\/\/www.grandepremio.com\/br\/indy\/\" class=\"ek-link\">Indy<\/a><\/strong>. Ele assume o posto que pertencia a <strong>Callum Ilott <\/strong>e estar\u00e1 no carro #77 do time.<\/p>\n\n\n\n<p class=\"wp-block-paragraph\">Dono de 179 largadas na F\u00f3rmula 1, Romain est\u00e1 na Indy desde 2021, quando iniciou a trajet\u00f3ria na categoria pela <strong>Dale Coyne<\/strong>. O piloto de 37 anos passou as \u00faltimas duas temporadas na <strong>Andretti,<\/strong> mas a equipe optou por n\u00e3o renovar o v\u00ednculo do franc\u00eas, que inclusive abriu processo contra o time. At\u00e9 aqui, Grosjean tem 47 corridas na Indy, com 6 p\u00f3dios anotados.<\/p>\n\n\n\n<p class=\"wp-block-paragraph\">Romain entra no lugar de Callum Ilott. Vice-campe\u00e3o da&nbsp;<a href=\"https:\/\/www.grandepremio.com\/br\/f2\/\" target=\"_blank\" rel=\"noreferrer noopener\">F\u00f3rmula 2<\/a>&nbsp;em 2020 e com participa\u00e7\u00f5es em treinos livres da&nbsp;<a href=\"https:\/\/www.grandepremio.com\/formula-1\/\" target=\"_blank\" rel=\"noreferrer noopener\">F1&nbsp;<\/a>por Haas e Alfa Romeo, Ilott chegou na Juncos no fim da temporada de 2021, disputando os GPs de&nbsp;<a href=\"https:\/\/www.grandepremio.com\/br\/circuito\/portland-2\/\" target=\"_blank\" rel=\"noreferrer noopener\">Portland<\/a>, Laguna Seca e&nbsp;<a href=\"https:\/\/www.grandepremio.com\/br\/circuito\/long-beach\/\" target=\"_blank\" rel=\"noreferrer noopener\">Long Beach<\/a>. Fez o primeiro campeonato completo em 2022, com dois top-10 e fechando na 20\u00aa coloca\u00e7\u00e3o na tabela. <a href=\"https:\/\/www.grandepremio.com\/br\/indy\/noticias\/juncos-anuncia-permanencia-agustin-canapino-indy-2024\/\" class=\"ek-link\">No \u00faltimo dia 26<\/a>, as partes anunciaram o fim do v\u00ednculo em comum acordo.<\/p>\n\n\n\n<p class=\"wp-block-paragraph\"><strong>\u25b6\ufe0f&nbsp;Inscreva-se nos dois canais do GRANDE PR\u00caMIO no YouTube:&nbsp;<a href=\"https:\/\/www.youtube.com\/channel\/UC9OlHEgxoaY6QY6nWPoiqQg?sub_confirmation=1\" target=\"_blank\" rel=\"noreferrer noopener\">GP<\/a>&nbsp;|&nbsp;<a href=\"https:\/\/www.youtube.com\/channel\/UC9csiS6q_C3C0FYhyr1rnFA?sub_confirmation=1\" target=\"_blank\" rel=\"noreferrer noopener\">GP2<\/a><\/strong><br><strong>\u25b6\ufe0f&nbsp;<a href=\"https:\/\/www.twitch.tv\/grandepremio\" target=\"_blank\" rel=\"noreferrer noopener\">Conhe\u00e7a o canal do GRANDE PR\u00caMIO na Twitch clicando aqui!<\/a><\/strong><\/p>\n\n\n\n<figure class=\"wp-block-image size-large\"><img decoding=\"async\" src=\"https:\/\/www.grandepremio.com\/br\/wp-content\/uploads\/2023\/09\/Firestone-Grand-Prix-of-Monterey-Friday_-September-8_-2023_Ref-Image-Without-Watermark_m93074-1024x683.jpg\" alt=\"\" class=\"wp-image-727735\"\/><figcaption class=\"wp-element-caption\">Romain Grosjean (Foto: IndyCar)<\/figcaption><\/figure>\n\n\n\n<p class=\"wp-block-paragraph\">Al\u00e9m de Grosjean, o time tamb\u00e9m ter\u00e1 o argentino <strong>Agust\u00edn Canapino <\/strong>como titular. Canapino estreou na&nbsp;<a href=\"https:\/\/www.grandepremio.com\/formula-indy\/\" target=\"_blank\" rel=\"noreferrer noopener\">Indy<\/a>&nbsp;em 2023 pela Juncos. Mesmo sem nenhuma experi\u00eancia nas pistas da categoria, entregou uma temporada de 180 pontos e o 21\u00ba primeiro lugar. Teve como melhores resultados o 12\u00ba lugar nos GPs de St. Pete, Texas e&nbsp;<a href=\"https:\/\/www.grandepremio.com\/br\/circuito\/toronto\/\" target=\"_blank\" rel=\"noreferrer noopener\">Toronto<\/a>.<\/p>\n\n\n\n<p class=\"wp-block-paragraph\">A temporada 2024 da&nbsp;<a href=\"https:\/\/www.grandepremio.com\/formula-indy\/\" target=\"_blank\" rel=\"noreferrer noopener\">Indy<\/a>&nbsp;tem in\u00edcio com o&nbsp;<strong>GP de&nbsp;<a href=\"https:\/\/www.grandepremio.com\/br\/circuito\/st-pete\/\" target=\"_blank\" rel=\"noreferrer noopener\">St. Pete<\/a><\/strong>, na Fl\u00f3rida, no dia 10 de mar\u00e7o. As 500 Milhas de Indian\u00e1polis est\u00e3o agendadas para acontecer no dia 26 de maio.<\/p>\n\n\n\n<figure class=\"wp-block-embed is-type-video is-provider-youtube wp-block-embed-youtube wp-embed-aspect-16-9 wp-has-aspect-ratio\"><div class=\"wp-block-embed__wrapper\">\n<iframe loading=\"lazy\" title=\"Por que GROSJEAN vai entrar no lugar de ILOTT na JUNCOS na INDY 2024? | GP \u00e0s 10\" width=\"500\" height=\"281\" src=\"https:\/\/www.youtube.com\/embed\/kQQBJvY9KD4?feature=oembed\" frameborder=\"0\" allow=\"accelerometer; autoplay; clipboard-write; encrypted-media; gyroscope; picture-in-picture; web-share\" referrerpolicy=\"strict-origin-when-cross-origin\" allowfullscreen><\/iframe>\n<\/div><figcaption class=\"wp-element-caption\">Por que GROSJEAN vai entrar no lugar de ILOTT na JUNCOS na INDY 2024? | GP \u00e0s 10<\/figcaption><\/figure>\n","protected":false},"excerpt":{"rendered":"<p>Ap\u00f3s passagem de duas temporadas pela Andretti, Romain Grosjean est\u00e1 de malas prontas para a Juncos em 2024. Piloto franc\u00eas assume o lugar de Callum Ilott no time<\/p>\n","protected":false},"author":0,"featured_media":1000687557,"comment_status":"closed","ping_status":"closed","sticky":false,"template":"","format":"standard","meta":{"42wp_featured_image_caption":"","42wp_featured_image_credits":"","42wp_featured_video":"","42wp_featured_image_hidden":false,"42wp_authors_list":[],"footnotes":""},"categories":[3],"tags":[1848,28285,93,25977,4157,120],"42wp_author":[47119],"class_list":["post-96410","post","type-post","status-publish","format-standard","has-post-thumbnail","hentry","category-indy","tag-callum-ilott","tag-grandepremio","tag-indy","tag-indy-2023","tag-juncos","tag-romain-grosjean","42wp_author-gabriel-carvalho"],"_links":{"self":[{"href":"https:\/\/grandepremio.com\/br\/wp-json\/wp\/v2\/posts\/96410","targetHints":{"allow":["GET"]}}],"collection":[{"href":"https:\/\/grandepremio.com\/br\/wp-json\/wp\/v2\/posts"}],"about":[{"href":"https:\/\/grandepremio.com\/br\/wp-json\/wp\/v2\/types\/post"}],"replies":[{"embeddable":true,"href":"https:\/\/grandepremio.com\/br\/wp-json\/wp\/v2\/comments?post=96410"}],"version-history":[{"count":0,"href":"https:\/\/grandepremio.com\/br\/wp-json\/wp\/v2\/posts\/96410\/revisions"}],"wp:featuredmedia":[{"embeddable":true,"href":"https:\/\/grandepremio.com\/br\/wp-json\/wp\/v2\/media\/1000687557"}],"wp:attachment":[{"href":"https:\/\/grandepremio.com\/br\/wp-json\/wp\/v2\/media?parent=96410"}],"wp:term":[{"taxonomy":"category","embeddable":true,"href":"https:\/\/grandepremio.com\/br\/wp-json\/wp\/v2\/categories?post=96410"},{"taxonomy":"post_tag","embeddable":true,"href":"https:\/\/grandepremio.com\/br\/wp-json\/wp\/v2\/tags?post=96410"},{"taxonomy":"42wp_author","embeddable":true,"href":"https:\/\/grandepremio.com\/br\/wp-json\/wp\/v2\/42wp_author?post=96410"}],"curies":[{"name":"wp","href":"https:\/\/api.w.org\/{rel}","templated":true}]}}