{"id":96428,"date":"2023-11-02T08:29:53","date_gmt":"2023-11-02T11:29:53","guid":{"rendered":"https:\/\/grandepremio.com\/br\/noticias\/mercedes-encoraja-atualizacoes-cruciais-ainda-temos-trabalho\/"},"modified":"2023-11-02T08:32:01","modified_gmt":"2023-11-02T11:32:01","slug":"mercedes-encoraja-atualizacoes-cruciais-ainda-temos-trabalho","status":"publish","type":"post","link":"https:\/\/grandepremio.com\/br\/f1\/mercedes-encoraja-atualizacoes-cruciais-ainda-temos-trabalho\/","title":{"rendered":"Mercedes se encoraja com atualiza\u00e7\u00f5es \u201ccruciais\u201d, mas diz: \u201cAinda temos trabalho\u201d"},"content":{"rendered":"\n<p class=\"wp-block-paragraph\">As atualiza\u00e7\u00f5es introduzidas no GP dos <strong>Estados Unidos<\/strong> encorajaram a <strong>Mercedes <\/strong>na <strong>F\u00f3rmula 1<\/strong>. A equipe de <strong>Brackley <\/strong>considera que os dados coletados desde a atualiza\u00e7\u00e3o de <strong>Austin <\/strong>indicam um \u201cpasso \u00e0 frente\u201d.<\/p>\n\n\n\n<p class=\"wp-block-paragraph\">A estrutura comandada por <strong>Toto Wolff <\/strong>introduziu um novo assoalho na etapa de Austin, que terminou com um segundo lugar de <strong>Lewis Hamilton<\/strong>. Ap\u00f3s a corrida, por\u00e9m, o <a href=\"https:\/\/www.grandepremio.com\/br\/f1\/noticias\/lewis-hamilton-charles-leclerc-desclassificados-gp-eua-infracao-tecnica-carlos-sainz-herda-3o\/\" class=\"ek-link\">brit\u00e2nico foi desclassificado pela <strong>FIA <\/strong>(Federa\u00e7\u00e3o Internacional de Automobilismo) por causa de uma irregularidade como carro<\/a>.<\/p>\n\n\n\n<p class=\"wp-block-paragraph\">No GP da <strong>Cidade do M\u00e9xico<\/strong>, Hamilton repetiu o segundo posto e, desta vez, o resultado foi mantido na <strong>F1<\/strong>.<\/p>\n\n\n\n<p class=\"wp-block-paragraph\">\u201cSe olharmos para a performance em Austin, olharmos para a performance aqui [no M\u00e9xico], podendo efetivamente correr com carros como McLaren e Ferrari, diria que os dados de pista sugerem que n\u00f3s demos um passo \u00e0 frente\u201d, disse Andrew Shovlin, chefe de desenvolvimento em pista da Mercedes. \u201cAgora, \u00e9 preciso ter em mente que todas as equipes atualizaram os carros nas \u00faltimas corridas. \u00c9 crucial acompanh\u00e1-los no desenvolvimento, at\u00e9 mesmo super\u00e1-los, para que possamos seguir lutando com eles na pista\u201d, seguiu.<\/p>\n\n\n\n<figure class=\"wp-block-image size-large\"><img decoding=\"async\" src=\"https:\/\/www.grandepremio.com\/br\/wp-content\/uploads\/2023\/10\/mexico-2023-f1-corrida-mercedes-lewis-hamilton-02-1024x683.jpg\" alt=\"\" class=\"wp-image-747511\"\/><figcaption class=\"wp-element-caption\">Mercedes se mostrou animada com o resultado das atualiza\u00e7\u00f5es (Foto: Mercedes)<\/figcaption><\/figure>\n\n\n\n<p class=\"wp-block-paragraph\"><strong>\u25b6\ufe0f\u00a0Inscreva-se nos dois canais do GRANDE PR\u00caMIO no YouTube:\u00a0<a href=\"https:\/\/www.youtube.com\/channel\/UC9OlHEgxoaY6QY6nWPoiqQg?sub_confirmation=1\" target=\"_blank\" rel=\"noreferrer noopener\">GP<\/a>\u00a0|\u00a0<a href=\"https:\/\/www.youtube.com\/channel\/UC9csiS6q_C3C0FYhyr1rnFA?sub_confirmation=1\" target=\"_blank\" rel=\"noreferrer noopener\">GP2<\/a><\/strong><br><strong>\u25b6\ufe0f\u00a0<a href=\"https:\/\/www.twitch.tv\/grandepremio\" target=\"_blank\" rel=\"noreferrer noopener\">Conhe\u00e7a o canal do GRANDE PR\u00caMIO na Twitch clicando aqui!<\/a><\/strong><\/p>\n\n\n\n<p class=\"wp-block-paragraph\">\u201cO outro ponto \u00e9 que coletamos muitos dados do carro, como a press\u00e3o do assoalho, press\u00e3o das asas, cargas no carro e todos os dados est\u00e3o correlacionando muito tem com o que vemos no t\u00fanel de vento\u201d, indicou.<\/p>\n\n\n\n<p class=\"wp-block-paragraph\">O dirigente explicou, ainda, que essas descobertas da Mercedes s\u00e3o \u201ccruciais para o pr\u00f3ximo ano\u201d.<\/p>\n\n\n\n<p class=\"wp-block-paragraph\">\u201cEsse assoalho \u00e9, na verdade, um passo em dire\u00e7\u00e3o a dire\u00e7\u00e3o de desenvolvimento que queremos seguir em 2024, ent\u00e3o temos sinais muito encorajadores, mas ainda muito trabalho pela frente\u201d, assumiu.<\/p>\n\n\n\n<p class=\"wp-block-paragraph\">O\u00a0<strong>GRANDE PR\u00caMIO<\/strong>\u00a0acompanha todas as atividades\u00a0<a href=\"https:\/\/www.grandepremio.com\/br\/ao-vivo\/f1\/\" target=\"_blank\" rel=\"noreferrer noopener\"><strong>AO VIVO<\/strong>\u00a0e\u00a0<strong>EM TEMPO REAL<\/strong><\/a>\u00a0e cobre o GP de S\u00e3o Paulo de\u00a0<a href=\"https:\/\/www.grandepremio.com\/formula-1\/\" target=\"_blank\" rel=\"noreferrer noopener\">F\u00f3rmula 1<\/a>\u00a0\u2018in loco\u2019 com Evelyn Guimar\u00e3es, Gabriel Carvalho, Gabriel Curty, Jo\u00e3o Pedro Nascimento, Luana Marino, Pedro Henrique Marum e Rodrigo Berton. Em\u00a0<strong>SEGUNDA TELA<\/strong>, o\u00a0<strong>GP\u00a0<\/strong>acompanha a etapa com transmiss\u00f5es da classifica\u00e7\u00e3o, da sprint e da corrida. Na sexta-feira, no s\u00e1bado e no domingo, o\u00a0<strong>BRIEFING\u00a0<\/strong>repercute tudo que rola na etapa brasileira.<\/p>\n\n\n\n<figure class=\"wp-block-embed is-type-video is-provider-youtube wp-block-embed-youtube wp-embed-aspect-16-9 wp-has-aspect-ratio\"><div class=\"wp-block-embed__wrapper\">\n<iframe loading=\"lazy\" title=\"ALONSO na RED BULL? P\u00c9REZ FORA? ASTON MARTIN VENDIDA? F1 EM CHAMAS! | Paddock GP #353\" width=\"500\" height=\"281\" src=\"https:\/\/www.youtube.com\/embed\/E-esfzytiuw?feature=oembed\" frameborder=\"0\" allow=\"accelerometer; autoplay; clipboard-write; encrypted-media; gyroscope; picture-in-picture; web-share\" referrerpolicy=\"strict-origin-when-cross-origin\" allowfullscreen><\/iframe>\n<\/div><\/figure>\n","protected":false},"excerpt":{"rendered":"<p>Chefe de desenvolvimento em pista da Mercedes, Andrew Shovlin avaliou que os dados coletados nas \u00faltimas corridas apontam para um passo \u00e0 frente da Mercedes. Ainda assim, dirigente reconheceu que resta muito trabalho a fazer<\/p>\n","protected":false},"author":0,"featured_media":1000747625,"comment_status":"closed","ping_status":"closed","sticky":false,"template":"","format":"standard","meta":{"42wp_featured_image_caption":"","42wp_featured_image_credits":"","42wp_featured_video":"","42wp_featured_image_hidden":false,"42wp_authors_list":[],"footnotes":""},"categories":[2],"tags":[783,147,6533,180,30722,33465,800,28285,124,87,82,33467,2380],"42wp_author":[47113],"class_list":["post-96428","post","type-post","status-publish","format-standard","has-post-thumbnail","hentry","category-f1","tag-brasil","tag-f1","tag-f1-2023","tag-formula-1","tag-formula-1-2023","tag-formula-1-classificacao-2023","tag-george-russell","tag-grandepremio","tag-interlagos","tag-lewis-hamilton","tag-mercedes","tag-onde-assistir-f1-2023","tag-sao-paulo","42wp_author-juliana-tesser"],"_links":{"self":[{"href":"https:\/\/grandepremio.com\/br\/wp-json\/wp\/v2\/posts\/96428","targetHints":{"allow":["GET"]}}],"collection":[{"href":"https:\/\/grandepremio.com\/br\/wp-json\/wp\/v2\/posts"}],"about":[{"href":"https:\/\/grandepremio.com\/br\/wp-json\/wp\/v2\/types\/post"}],"replies":[{"embeddable":true,"href":"https:\/\/grandepremio.com\/br\/wp-json\/wp\/v2\/comments?post=96428"}],"version-history":[{"count":0,"href":"https:\/\/grandepremio.com\/br\/wp-json\/wp\/v2\/posts\/96428\/revisions"}],"wp:featuredmedia":[{"embeddable":true,"href":"https:\/\/grandepremio.com\/br\/wp-json\/wp\/v2\/media\/1000747625"}],"wp:attachment":[{"href":"https:\/\/grandepremio.com\/br\/wp-json\/wp\/v2\/media?parent=96428"}],"wp:term":[{"taxonomy":"category","embeddable":true,"href":"https:\/\/grandepremio.com\/br\/wp-json\/wp\/v2\/categories?post=96428"},{"taxonomy":"post_tag","embeddable":true,"href":"https:\/\/grandepremio.com\/br\/wp-json\/wp\/v2\/tags?post=96428"},{"taxonomy":"42wp_author","embeddable":true,"href":"https:\/\/grandepremio.com\/br\/wp-json\/wp\/v2\/42wp_author?post=96428"}],"curies":[{"name":"wp","href":"https:\/\/api.w.org\/{rel}","templated":true}]}}