{"id":96500,"date":"2023-11-01T08:55:56","date_gmt":"2023-11-01T11:55:56","guid":{"rendered":"https:\/\/grandepremio.com\/br\/noticias\/advogado-da-explicacao-tecnica-justifica-falta-noticias-estado-michael-schumacher\/"},"modified":"2023-11-01T15:42:11","modified_gmt":"2023-11-01T18:42:11","slug":"advogado-da-explicacao-tecnica-justifica-falta-noticias-estado-michael-schumacher","status":"publish","type":"post","link":"https:\/\/grandepremio.com\/br\/f1\/advogado-da-explicacao-tecnica-justifica-falta-noticias-estado-michael-schumacher\/","title":{"rendered":"Advogado d\u00e1 explica\u00e7\u00e3o t\u00e9cnica e justifica falta de not\u00edcias sobre estado de Schumacher"},"content":{"rendered":"\n<p class=\"wp-block-paragraph\">Advogado de <strong>Michael Schumacher<\/strong>, <strong>Felix <\/strong>bexplicou o motivo de a fam\u00edlia nunca ter revelado a condi\u00e7\u00e3o cl\u00ednica do ex-piloto de <strong>F\u00f3rmula 1<\/strong> ap\u00f3s o grave acidente de esqui de <strong>2013<\/strong>. O jurista revelou que a possibilidade de divulgar um relat\u00f3rio foi cogitada, mas acabou abandonado por causa do temors de criar uma fragilidade para, depois, lidar com o constante ass\u00e9dio da imprensa.<\/p>\n\n\n\n<p class=\"wp-block-paragraph\">Em 29 de dezembro de 2013, Schumacher sofreu uma queda enquanto esquiava fora de pista na esta\u00e7\u00e3o de <strong>M\u00e9ribel<\/strong>, nos <strong>Alpes Franceses<\/strong>, e bateu com a cabe\u00e7a em uma pedra. Michael foi colocado em coma induzido, condi\u00e7\u00e3o em que permaneceu at\u00e9 junho do ano seguinte. A partir da\u00ed, o pai de <strong>Mick <\/strong>e <strong>Gina-Marie<\/strong> foi transferido do hospital em <strong>Grenoble <\/strong>para seguir com a reabilita\u00e7\u00e3o em <strong>Lausanne<\/strong>, na <strong>Su\u00ed\u00e7a<\/strong>.<\/p>\n\n\n\n<p class=\"wp-block-paragraph\">Quando Schumacher deixou o hospital na Su\u00ed\u00e7a e passou a receber tratamento em casa, as informa\u00e7\u00f5es ficaram ainda mais escassas, com poucas pessoas tendo autoriza\u00e7\u00e3o para visitar o heptacampe\u00e3o. <strong>Jean Todt<\/strong>, que foi chefe da <strong>Ferrari <\/strong>nos anos de gl\u00f3ria com o alem\u00e3o, \u00e9 um dos poucos com acesso a Michael.<\/p>\n\n\n\n<p class=\"wp-block-paragraph\">Agora, o advogado da fam\u00edlia justifica que a decis\u00e3o de manter privadas as informa\u00e7\u00f5es sobre a condi\u00e7\u00e3o foi uma maneira de preservar a fam\u00edlia do ass\u00e9dio constante da imprensa.<\/p>\n\n\n\n<figure class=\"wp-block-image size-large\"><img decoding=\"async\" src=\"https:\/\/www.grandepremio.com\/br\/wp-content\/uploads\/2020\/10\/GPF3-1024x576.jpg\" alt=\"\" class=\"wp-image-424155\"\/><figcaption class=\"wp-element-caption\">Jean Todt \u00e9 um dos poucos que ainda tem acesso a Schumacher (Foto: Reprodu\u00e7\u00e3o\/YouTube)<\/figcaption><\/figure>\n\n\n\n<p class=\"wp-block-paragraph\"><strong>\u25b6\ufe0f&nbsp;Inscreva-se nos dois canais do GRANDE PR\u00caMIO no YouTube:&nbsp;<a href=\"https:\/\/www.youtube.com\/channel\/UC9OlHEgxoaY6QY6nWPoiqQg?sub_confirmation=1\" target=\"_blank\" rel=\"noreferrer noopener\">GP<\/a>&nbsp;|&nbsp;<a href=\"https:\/\/www.youtube.com\/channel\/UC9csiS6q_C3C0FYhyr1rnFA?sub_confirmation=1\" target=\"_blank\" rel=\"noreferrer noopener\">GP2<\/a><\/strong><br><strong>\u25b6\ufe0f&nbsp;<a href=\"https:\/\/www.twitch.tv\/grandepremio\" target=\"_blank\" rel=\"noreferrer noopener\">Conhe\u00e7a o canal do GRANDE PR\u00caMIO na Twitch clicando aqui!<\/a><\/strong><\/p>\n\n\n\n<p class=\"wp-block-paragraph\">\u201cSempre foi uma quest\u00e3o de proteger coisas privadas\u201d, disse Damm ao ve\u00edculo alem\u00e3o <strong>LTO<\/strong>. \u201cConversamos muito sobre isso. Consideramos se seria o caminho certo fazer um relat\u00f3rio final sobre a sa\u00fade de Michael. Mas isso n\u00e3o seria tudo e teria de ter boletins constantemente atualizados\u201d, seguiu.<\/p>\n\n\n\n<p class=\"wp-block-paragraph\">\u201cEles [a imprensa] poderiam retomar essa hist\u00f3ria uma e outra vez e querer saber \u2018como est\u00e1 agora?\u2019 um, dois, tr\u00eas meses ou anos depois dessa mensagem. E se a\u00ed quis\u00e9ssemos agir contra essas reportagens, ter\u00edamos de lidar com o argumento da autoexposi\u00e7\u00e3o volunt\u00e1ria\u201d, justificou.<\/p>\n\n\n\n<p class=\"wp-block-paragraph\">O advogado alertou, ainda, que at\u00e9 mesmo pessoas pr\u00f3ximas \u00e0 fam\u00edlia podem responder na justi\u00e7a por divulgar informa\u00e7\u00f5es sobre a condi\u00e7\u00e3o de Schumacher.<\/p>\n\n\n\n<p class=\"wp-block-paragraph\">\u201cSe n\u00e3o \u00e9 o pr\u00f3prio interessado, mas amigos ou conhecidos quem divulga informa\u00e7\u00f5es privadas, n\u00e3o \u00e9 um caso de autoexposi\u00e7\u00e3o volunt\u00e1ria de privacidade\u201d, comentou. \u201cPortanto, o titular dos dados pode se defender da divulga\u00e7\u00e3o de circunst\u00e2ncias privadas, mesmo que a informa\u00e7\u00e3o venha de um conhecido\u201d, encerrou.<\/p>\n\n\n\n<p class=\"wp-block-paragraph\"><strong>A&nbsp;<a href=\"https:\/\/www.grandepremio.com\/br\/f1\/\"><\/a><a href=\"https:\/\/www.grandepremio.com\/formula-1\/\" target=\"_blank\" rel=\"noreferrer noopener\">F\u00f3rmula 1<\/a>&nbsp;retorna j\u00e1 no pr\u00f3ximo fim de semana,&nbsp;entre os dias&nbsp;3 e 5 de novembro, com o&nbsp;GP de&nbsp;<a href=\"https:\/\/www.grandepremio.com\/br\/circuito\/sao-paulo\/\" target=\"_blank\" rel=\"noreferrer noopener\">S\u00e3o Paulo<\/a>,&nbsp;em&nbsp;<a href=\"https:\/\/www.grandepremio.com\/br\/circuito\/interlagos\/\" target=\"_blank\" rel=\"noreferrer noopener\">Interlagos<\/a>.&nbsp;O&nbsp;GRANDE PR\u00caMIO&nbsp;cobre \u2018in loco\u2019 e com equipe cheia.<\/strong><\/p>\n\n\n\n<figure class=\"wp-block-embed is-type-video is-provider-youtube wp-block-embed-youtube wp-embed-aspect-16-9 wp-has-aspect-ratio\"><div class=\"wp-block-embed__wrapper\">\n<iframe loading=\"lazy\" title=\"ALONSO na RED BULL? P\u00c9REZ FORA? ASTON MARTIN VENDIDA? F1 EM CHAMAS! | Paddock GP #353\" width=\"500\" height=\"281\" src=\"https:\/\/www.youtube.com\/embed\/E-esfzytiuw?feature=oembed\" frameborder=\"0\" allow=\"accelerometer; autoplay; clipboard-write; encrypted-media; gyroscope; picture-in-picture; web-share\" referrerpolicy=\"strict-origin-when-cross-origin\" allowfullscreen><\/iframe>\n<\/div><\/figure>\n\n\n\n<p class=\"wp-block-paragraph\"><a href=\"https:\/\/cres.ws\/f1\"><\/a><\/p>\n","protected":false},"excerpt":{"rendered":"<p>Advogado de Michael Schumacher, Felix Damm revelou que a fam\u00edlia chegou a cogitar a divulga\u00e7\u00e3o de um relat\u00f3rio sobre o estado do ex-piloto ap\u00f3s o acidente de esqui de dezembro de 2013, mas avaliou que isso os deixaria em uma posi\u00e7\u00e3o fragilizada para, depois, lidar com o constante ass\u00e9dio da imprensa<\/p>\n","protected":false},"author":0,"featured_media":1000571901,"comment_status":"closed","ping_status":"closed","sticky":false,"template":"","format":"standard","meta":{"42wp_featured_image_caption":"","42wp_featured_image_credits":"","42wp_featured_video":"","42wp_featured_image_hidden":false,"42wp_authors_list":[],"footnotes":""},"categories":[2],"tags":[147,6533,180,30722,33465,28285,758,33467],"42wp_author":[47113],"class_list":["post-96500","post","type-post","status-publish","format-standard","has-post-thumbnail","hentry","category-f1","tag-f1","tag-f1-2023","tag-formula-1","tag-formula-1-2023","tag-formula-1-classificacao-2023","tag-grandepremio","tag-michael-schumacher","tag-onde-assistir-f1-2023","42wp_author-juliana-tesser"],"_links":{"self":[{"href":"https:\/\/grandepremio.com\/br\/wp-json\/wp\/v2\/posts\/96500","targetHints":{"allow":["GET"]}}],"collection":[{"href":"https:\/\/grandepremio.com\/br\/wp-json\/wp\/v2\/posts"}],"about":[{"href":"https:\/\/grandepremio.com\/br\/wp-json\/wp\/v2\/types\/post"}],"replies":[{"embeddable":true,"href":"https:\/\/grandepremio.com\/br\/wp-json\/wp\/v2\/comments?post=96500"}],"version-history":[{"count":0,"href":"https:\/\/grandepremio.com\/br\/wp-json\/wp\/v2\/posts\/96500\/revisions"}],"wp:featuredmedia":[{"embeddable":true,"href":"https:\/\/grandepremio.com\/br\/wp-json\/wp\/v2\/media\/1000571901"}],"wp:attachment":[{"href":"https:\/\/grandepremio.com\/br\/wp-json\/wp\/v2\/media?parent=96500"}],"wp:term":[{"taxonomy":"category","embeddable":true,"href":"https:\/\/grandepremio.com\/br\/wp-json\/wp\/v2\/categories?post=96500"},{"taxonomy":"post_tag","embeddable":true,"href":"https:\/\/grandepremio.com\/br\/wp-json\/wp\/v2\/tags?post=96500"},{"taxonomy":"42wp_author","embeddable":true,"href":"https:\/\/grandepremio.com\/br\/wp-json\/wp\/v2\/42wp_author?post=96500"}],"curies":[{"name":"wp","href":"https:\/\/api.w.org\/{rel}","templated":true}]}}