{"id":96546,"date":"2023-10-31T09:04:22","date_gmt":"2023-10-31T12:04:22","guid":{"rendered":"https:\/\/grandepremio.com\/br\/noticias\/red-bull-exalta-daniel-ricciardo-antigamente-mexico-por-isso-trouxemos-alphatauri\/"},"modified":"2023-10-31T09:20:54","modified_gmt":"2023-10-31T12:20:54","slug":"red-bull-exalta-daniel-ricciardo-antigamente-mexico-por-isso-trouxemos-alphatauri","status":"publish","type":"post","link":"https:\/\/grandepremio.com\/br\/f1\/red-bull-exalta-daniel-ricciardo-antigamente-mexico-por-isso-trouxemos-alphatauri\/","title":{"rendered":"Red Bull exalta &#8220;Ricciardo de antigamente&#8221; no M\u00e9xico: &#8220;Por isso o trouxemos \u00e0 AlphaTauri&#8221;"},"content":{"rendered":"\n<p class=\"wp-block-paragraph\">O <strong>Daniel Ricciardo <\/strong>de antigamente voltou no <strong>GP da Cidade do M\u00e9xico<\/strong>. Essas foram as palavras do chefe da <strong>Red Bull<\/strong>, <strong>Christian Horner<\/strong>, que celebrou bastante o fim de semana consistente do veterano australiano, respons\u00e1vel agora pelo melhor resultado da <strong>AlphaTauri <\/strong>na <strong>F\u00f3rmula 1<\/strong> desde o GP do Azerbaij\u00e3o do ano passado.<\/p>\n\n\n\n<p class=\"wp-block-paragraph\">J\u00e1 na classifica\u00e7\u00e3o, Ricciardo conseguiu o quarto melhor tempo, ficando atr\u00e1s apenas de <strong>Max Verstappen<\/strong>, <strong>Carlos Sainz<\/strong> e <strong>Charles Leclerc<\/strong>. Houve a ajuda providencial do companheiro <strong>Yuki Tsunoda<\/strong> no Q1 e no Q2 com o v\u00e1cuo, por\u00e9m Daniel tamb\u00e9m teve boa performance na corrida mexicana, cruzando a linha de chegada em s\u00e9timo.<\/p>\n\n\n\n<p class=\"wp-block-paragraph\">Horner vibrou com o resultado da &#8216;aposta&#8217; dos taurinos. &#8220;\u00c9 \u00f3timo ver Daniel tendo um desempenho t\u00e3o bom e endossa totalmente a raz\u00e3o pela qual o trouxemos de volta \u00e0 AlphaTauri&#8221;, afirmou o chefe de <strong>Milton Keynes<\/strong>, referindo-se ao retorno do #3 ao grid ap\u00f3s demiss\u00e3o repentina de <strong>Nyck de Vries<\/strong> antes do GP da Hungria.<\/p>\n\n\n\n<p class=\"wp-block-paragraph\">&#8220;Ele se destacou neste fim de semana lutando contra uma <strong>Mercedes <\/strong>em uma AlphaTauri. Se n\u00e3o fosse pela bandeira vermelha, provavelmente teria terminado em posi\u00e7\u00e3o melhor. Foi uma grande atua\u00e7\u00e3o, certamente parecia o Daniel de antigamente&#8221;, ressaltou.<\/p>\n\n\n\n<figure class=\"wp-block-image size-large\"><img decoding=\"async\" src=\"https:\/\/www.grandepremio.com\/br\/wp-content\/uploads\/2023\/07\/SI202307110144-1024x683.jpg\" alt=\"Christian Horner, Daniel Ricciardo, Red Bull, F1 2023, Formula 1 Testing At Silverstone\" class=\"wp-image-706934\"\/><figcaption class=\"wp-element-caption\">Christian Horner rasgou elogios a Daniel Ricciardo (Foto: Red Bull Content Pool)<\/figcaption><\/figure>\n\n\n\n<p class=\"wp-block-paragraph\">Os pontos j\u00e1 em sua segunda corrida ap\u00f3s o acidente sofrido na Holanda que o tirou de cinco GPs deixam a impress\u00e3o de que Ricciardo pode ir al\u00e9m se estiver em um carro melhor. Horner foi questionado sobre o assunto, mas explicou que a F\u00f3rmula 1 \u00e9 muito mais uma batalha mental.<\/p>\n\n\n\n<p class=\"wp-block-paragraph\">&#8220;Este esporte \u00e9 tanto na mente quanto em qualquer outro lugar, e acho que ele voltou ao que era&#8221;, disse o ingl\u00eas para justificar a m\u00e1 fase de Daniel na <strong>McLaren<\/strong>. &#8220;Vejam como ele est\u00e1 relaxado, confiante e chegou ao fim de semana totalmente motivado ap\u00f3s uma etapa complicada em Austin. Note o delta de Max tamb\u00e9m. Foi menos de 0s1 de Max. Um desempenho not\u00e1vel&#8221;, frisou.<\/p>\n\n\n\n<p class=\"wp-block-paragraph\">Coincidentemente, Ricciardo faz sua melhor corrida desde o retorno \u00e0 F1 no mesmo fim de semana em que deu tudo errado para Sergio P\u00e9rez. O mexicano, ali\u00e1s, classificou atr\u00e1s de Daniel, por\u00e9m Horner mais uma vez afastou que haja qualquer amea\u00e7a a Checo ap\u00f3s o bom resultado do australiano.<\/p>\n\n\n\n<p class=\"wp-block-paragraph\">&#8220;Checo tem acordo conosco para o pr\u00f3ximo ano e essa \u00e9 a nossa inten\u00e7\u00e3o, que ele esteja no carro em 2024. Daremos a ele todo o apoio necess\u00e1rio para garantir que termine em segundo [no Mundial de Pilotos], mas n\u00e3o h\u00e1 nenhum pr\u00e9-requisito que diga que ele ser\u00e1 dispensado se n\u00e3o for assim&#8221;, finalizou.<\/p>\n\n\n\n<p class=\"wp-block-paragraph\"><strong>A&nbsp;<a href=\"https:\/\/www.grandepremio.com\/br\/f1\/\"><\/a><a href=\"https:\/\/www.grandepremio.com\/formula-1\/\" target=\"_blank\" rel=\"noreferrer noopener\">F\u00f3rmula 1<\/a>&nbsp;retorna neste fim de semana, entre os dias 3 e 5 de novembro, com o GP de&nbsp;<a href=\"https:\/\/www.grandepremio.com\/br\/circuito\/sao-paulo\/\" target=\"_blank\" rel=\"noreferrer noopener\">S\u00e3o Paulo<\/a>, em&nbsp;<a href=\"https:\/\/www.grandepremio.com\/br\/circuito\/interlagos\/\" target=\"_blank\" rel=\"noreferrer noopener\">Interlagos<\/a>. O GRANDE PR\u00caMIO cobre \u2018in loco\u2019 e com equipe cheia.<\/strong><\/p>\n\n\n\n<p class=\"wp-block-paragraph\"><strong>\u25b6\ufe0f\u00a0Inscreva-se nos dois canais do GRANDE PR\u00caMIO no YouTube:\u00a0<a href=\"https:\/\/www.youtube.com\/channel\/UC9OlHEgxoaY6QY6nWPoiqQg?sub_confirmation=1\" target=\"_blank\" rel=\"noreferrer noopener\">GP<\/a>\u00a0|\u00a0<a href=\"https:\/\/www.youtube.com\/channel\/UC9csiS6q_C3C0FYhyr1rnFA?sub_confirmation=1\" target=\"_blank\" rel=\"noreferrer noopener\">GP2<\/a><\/strong><br><strong>\u25b6\ufe0f\u00a0<a href=\"https:\/\/www.twitch.tv\/grandepremio\" target=\"_blank\" rel=\"noreferrer noopener\">Conhe\u00e7a o canal do GRANDE PR\u00caMIO na Twitch clicando aqui!<\/a><\/strong><\/p>\n\n\n\n<figure class=\"wp-block-embed is-type-video is-provider-youtube wp-block-embed-youtube wp-embed-aspect-16-9 wp-has-aspect-ratio\"><div class=\"wp-block-embed__wrapper\">\n<iframe loading=\"lazy\" title=\"ALONSO na RED BULL? P\u00c9REZ FORA? ASTON MARTIN VENDIDA? F1 EM CHAMAS! | Paddock GP #353\" width=\"500\" height=\"281\" src=\"https:\/\/www.youtube.com\/embed\/E-esfzytiuw?feature=oembed\" frameborder=\"0\" allow=\"accelerometer; autoplay; clipboard-write; encrypted-media; gyroscope; picture-in-picture; web-share\" referrerpolicy=\"strict-origin-when-cross-origin\" allowfullscreen><\/iframe>\n<\/div><\/figure>\n","protected":false},"excerpt":{"rendered":"<p>Christian Horner, chefe da Red Bull, disse que a performance de Daniel Ricciardo no M\u00e9xico s\u00f3 refor\u00e7ou que traz\u00ea-lo de volta ao grid da F\u00f3rmula 1 foi uma escolha certa<\/p>\n","protected":false},"author":0,"featured_media":1000746190,"comment_status":"closed","ping_status":"closed","sticky":false,"template":"","format":"standard","meta":{"42wp_featured_image_caption":"","42wp_featured_image_credits":"","42wp_featured_video":"","42wp_featured_image_hidden":false,"42wp_authors_list":[],"footnotes":""},"categories":[2],"tags":[26271,655,2764,5273,211,147,6533,180,30722,29827,1491,28285,2829,36906,36905,30840,17551,36907,2949,35129,204,31447],"42wp_author":[47147],"class_list":["post-96546","post","type-post","status-publish","format-standard","has-post-thumbnail","hentry","category-f1","tag-calendario-f1","tag-christian-horner","tag-cidade-do-mexico","tag-classificacao-f1","tag-daniel-ricciardo","tag-f1","tag-f1-2023","tag-formula-1","tag-formula-1-2023","tag-gp-da-cidade-do-mexico","tag-grande-premio","tag-grandepremio","tag-hermanos-rodriguez","tag-hermanos-rodriguez-2023","tag-hermanos-rodriguez-f1","tag-horarios-f1","tag-mexico","tag-mexico-2023","tag-mexico-f1","tag-onde-assistir-f1","tag-red-bull","tag-temporada-2023-f1","42wp_author-luana-marino"],"_links":{"self":[{"href":"https:\/\/grandepremio.com\/br\/wp-json\/wp\/v2\/posts\/96546","targetHints":{"allow":["GET"]}}],"collection":[{"href":"https:\/\/grandepremio.com\/br\/wp-json\/wp\/v2\/posts"}],"about":[{"href":"https:\/\/grandepremio.com\/br\/wp-json\/wp\/v2\/types\/post"}],"replies":[{"embeddable":true,"href":"https:\/\/grandepremio.com\/br\/wp-json\/wp\/v2\/comments?post=96546"}],"version-history":[{"count":0,"href":"https:\/\/grandepremio.com\/br\/wp-json\/wp\/v2\/posts\/96546\/revisions"}],"wp:featuredmedia":[{"embeddable":true,"href":"https:\/\/grandepremio.com\/br\/wp-json\/wp\/v2\/media\/1000746190"}],"wp:attachment":[{"href":"https:\/\/grandepremio.com\/br\/wp-json\/wp\/v2\/media?parent=96546"}],"wp:term":[{"taxonomy":"category","embeddable":true,"href":"https:\/\/grandepremio.com\/br\/wp-json\/wp\/v2\/categories?post=96546"},{"taxonomy":"post_tag","embeddable":true,"href":"https:\/\/grandepremio.com\/br\/wp-json\/wp\/v2\/tags?post=96546"},{"taxonomy":"42wp_author","embeddable":true,"href":"https:\/\/grandepremio.com\/br\/wp-json\/wp\/v2\/42wp_author?post=96546"}],"curies":[{"name":"wp","href":"https:\/\/api.w.org\/{rel}","templated":true}]}}