{"id":9661,"date":"2026-04-27T10:56:18","date_gmt":"2026-04-27T13:56:18","guid":{"rendered":"https:\/\/grandepremio.com\/br\/noticias\/aprilia-usa-sensor-fluxo-de-ar-diferentao-durante-testes-motogp-jerez\/"},"modified":"2026-04-27T10:59:11","modified_gmt":"2026-04-27T13:59:11","slug":"aprilia-usa-sensor-fluxo-de-ar-diferentao-durante-testes-motogp-jerez","status":"publish","type":"post","link":"https:\/\/grandepremio.com\/br\/motogp\/aprilia-usa-sensor-fluxo-de-ar-diferentao-durante-testes-motogp-jerez\/","title":{"rendered":"Aprilia usa sensor de fluxo de ar &#8216;diferent\u00e3o&#8217; durante testes da MotoGP em Jerez"},"content":{"rendered":"\n<p class=\"wp-block-paragraph\">A <strong>Aprilia<\/strong> chamou a aten\u00e7\u00e3o durante os testes da <strong>MotoGP<\/strong> em <strong>Jerez<\/strong> nesta segunda-feira (27) ao instalar um equipamento incomum na moto de <strong>Lorenzo Savadori<\/strong>, piloto de testes da fabricante italiana.<\/p>\n\n\n\n<p class=\"wp-block-paragraph\">A pe\u00e7a foi utilizada para mapear o fluxo de ar que passa pela asa traseira da moto e auxiliar no desenvolvimento do componente aerodin\u00e2mico.<\/p>\n\n\n\n\n\n\n\n<p class=\"wp-block-paragraph\">\u25b6\ufe0f<strong>Inscreva-se nos dois canais do GRANDE PR\u00caMIO no YouTube:\u00a0<a href=\"https:\/\/www.youtube.com\/channel\/UC9OlHEgxoaY6QY6nWPoiqQg?sub_confirmation=1\">GP<\/a>\u00a0|\u00a0<a href=\"https:\/\/www.youtube.com\/channel\/UC9csiS6q_C3C0FYhyr1rnFA?sub_confirmation=1\">GPTV<\/a><\/strong><\/p>\n\n\n\n<p class=\"wp-block-paragraph\">Seguindo as regras das concess\u00f5es estabelecidas pelo campeonato, as equipes aproveitaram o teste para experimentar novas carenagens, componentes e outros equipamentos em busca de ganhos de desempenho durante a perna europeia da MotoGP.<\/p>\n\n\n\n<p class=\"wp-block-paragraph\">O teste desta segunda-feira era tratado como crucial, j\u00e1 que as equipes reduziram a janela de desenvolvimento do prot\u00f3tipo de 2026 por conta da divis\u00e3o de esfor\u00e7os com a moto de 2027, que ser\u00e1 completamente diferente \u2014 inclusive com a redu\u00e7\u00e3o da cilindrada de <strong>1000cc<\/strong> para <strong>850cc<\/strong>.<\/p>\n\n\n\n<p class=\"wp-block-paragraph\">A\u00a0<strong>MotoGP<\/strong>\u00a0retorna entre os dias 8 e 10 de maio, para o\u00a0<strong>GP da Fran\u00e7a<\/strong>, direto de\u00a0<strong>Le Mans<\/strong>, na quinta etapa da temporada 2026. O\u00a0<strong>GRANDE PR\u00caMIO<\/strong>\u00a0faz a cobertura completa do evento, assim como das demais classes do\u00a0<strong>Mundial de Motovelocidade<\/strong>.<\/p>\n\n\n\n<h2 class=\"wp-block-heading\" id=\"h-motogp-hoje-saiba-aqui-as-noticias-mais-importantes-da-motogp\"><strong>MotoGP hoje: saiba aqui as not\u00edcias mais importantes da MotoGP<\/strong><\/h2>\n\n\n\n<p class=\"wp-block-paragraph\">A reda\u00e7\u00e3o do&nbsp;<strong>GRANDE PR\u00caMIO&nbsp;<\/strong>selecionou as not\u00edcias mais importantes das \u00faltimas horas para voc\u00ea ficar por dentro de tudo que acontece na MotoGP.<\/p>\n\n\n\n<p class=\"wp-block-paragraph\">\u25b6\ufe0f<strong><a href=\"https:\/\/www.grandepremio.com\/br\/motogp\/noticias\/diogo-moreira-culpa-desgaste-pneus-por-17-lugar-jerez-mas-avalia-nao-foi-ruim\/\" type=\"link\" id=\"https:\/\/www.grandepremio.com\/br\/motogp\/noticias\/diogo-moreira-culpa-desgaste-pneus-por-17-lugar-jerez-mas-avalia-nao-foi-ruim\/\">Moreira culpa desgaste de pneus por 17\u00ba lugar em Jerez, mas avalia: \u201cN\u00e3o foi ruim\u201d<\/a><\/strong><br>\u25b6\ufe0f<strong><a href=\"https:\/\/www.grandepremio.com\/br\/motogp\/noticias\/alex-marquez-sobra-vence-gp-espanha-motogp-diogo-moreira-17o\/\">\u00c1lex M\u00e1rquez sobra de ponta a ponta e vence GP da Espanha na MotoGP. Moreira \u00e9 17\u00ba<\/a><\/strong><br>\u25b6\ufe0f<strong><a href=\"https:\/\/www.grandepremio.com\/br\/motogp\/noticias\/alex-marquez-ve-vitoria-jerez-como-ponto-de-virada-motogp-2026-tinha-de-ser-aqui\/\" type=\"link\" id=\"https:\/\/www.grandepremio.com\/br\/motogp\/noticias\/alex-marquez-ve-vitoria-jerez-como-ponto-de-virada-motogp-2026-tinha-de-ser-aqui\/\">\u00c1lex M\u00e1rquez v\u00ea vit\u00f3ria em Jerez como ponto de virada na MotoGP 2026: \u201cTinha de ser aqui\u201d<\/a><\/strong><br>\u25b6\ufe0f<strong><a href=\"https:\/\/www.grandepremio.com\/br\/motogp\/noticias\/marco-bezzecchi-reconhece-forca-alex-marquez-jerez-minimiza-derrota-esta-tudo-bem\/\" type=\"link\" id=\"https:\/\/www.grandepremio.com\/br\/motogp\/noticias\/marco-bezzecchi-reconhece-forca-alex-marquez-jerez-minimiza-derrota-esta-tudo-bem\/\">Bezzecchi reconhece for\u00e7a de \u00c1lex M\u00e1rquez em Jerez e minimiza derrota: \u201cEst\u00e1 tudo bem\u201d<\/a><\/strong><br>\u25b6\ufe0f<strong><a href=\"https:\/\/www.grandepremio.com\/br\/motogp\/noticias\/fabio-di-giannantonio-melhora-comunicacao-celebra-trabalho-vr46\/\">Di Giannantonio cita melhora em comunica\u00e7\u00e3o e celebra trabalho com VR46<\/a><\/strong><br>\u25b6\ufe0f<strong><a href=\"https:\/\/www.grandepremio.com\/br\/motogp\/noticias\/marco-bezzecchi-amplia-vantagem-motogp-podio-jerez-confira-classificacao\/\">Bezzecchi amplia vantagem na MotoGP com p\u00f3dio em Jerez. Confira classifica\u00e7\u00e3o<\/a><\/strong><\/p>\n","protected":false},"excerpt":{"rendered":"<p>Equipamento chamou a aten\u00e7\u00e3o da imprensa e da pr\u00f3pria MotoGP, que fez uma publica\u00e7\u00e3o destacando a inova\u00e7\u00e3o nas redes sociais<\/p>\n","protected":false},"author":0,"featured_media":1001080350,"comment_status":"closed","ping_status":"closed","sticky":false,"template":"","format":"standard","meta":{"42wp_featured_image_caption":"","42wp_featured_image_credits":"","42wp_featured_video":"","42wp_featured_image_hidden":false,"42wp_authors_list":[],"footnotes":""},"categories":[8],"tags":[133,24853,5214,996,1491,28285,5455,1690,24704,10898,2287,78,27236,25819,847,34187,368,44250],"42wp_author":[47161],"class_list":["post-9661","post","type-post","status-publish","format-standard","has-post-thumbnail","hentry","category-motogp","tag-aprilia","tag-calendario-motogp","tag-classificacao-motogp","tag-gp-da-espanha","tag-grande-premio","tag-grandepremio","tag-horarios-motogp","tag-jerez","tag-jorge-martin","tag-lorenzo-savadori","tag-marco-bezzecchi","tag-motogp","tag-motogp-2026","tag-motogp-hoje","tag-mundial-de-motovelocidade","tag-onde-assistir-motogp","tag-rs-gp","tag-temporada-2026-da-motogp","42wp_author-kaio-esteves"],"_links":{"self":[{"href":"https:\/\/grandepremio.com\/br\/wp-json\/wp\/v2\/posts\/9661","targetHints":{"allow":["GET"]}}],"collection":[{"href":"https:\/\/grandepremio.com\/br\/wp-json\/wp\/v2\/posts"}],"about":[{"href":"https:\/\/grandepremio.com\/br\/wp-json\/wp\/v2\/types\/post"}],"replies":[{"embeddable":true,"href":"https:\/\/grandepremio.com\/br\/wp-json\/wp\/v2\/comments?post=9661"}],"version-history":[{"count":0,"href":"https:\/\/grandepremio.com\/br\/wp-json\/wp\/v2\/posts\/9661\/revisions"}],"wp:featuredmedia":[{"embeddable":true,"href":"https:\/\/grandepremio.com\/br\/wp-json\/wp\/v2\/media\/1001080350"}],"wp:attachment":[{"href":"https:\/\/grandepremio.com\/br\/wp-json\/wp\/v2\/media?parent=9661"}],"wp:term":[{"taxonomy":"category","embeddable":true,"href":"https:\/\/grandepremio.com\/br\/wp-json\/wp\/v2\/categories?post=9661"},{"taxonomy":"post_tag","embeddable":true,"href":"https:\/\/grandepremio.com\/br\/wp-json\/wp\/v2\/tags?post=9661"},{"taxonomy":"42wp_author","embeddable":true,"href":"https:\/\/grandepremio.com\/br\/wp-json\/wp\/v2\/42wp_author?post=9661"}],"curies":[{"name":"wp","href":"https:\/\/api.w.org\/{rel}","templated":true}]}}