{"id":96665,"date":"2023-10-29T22:31:42","date_gmt":"2023-10-30T01:31:42","guid":{"rendered":"https:\/\/grandepremio.com\/br\/noticias\/kevin-magnussen-revela-dores-maos-acidente-mexico-suspensao-simplesmente-cedeu\/"},"modified":"2023-10-29T22:31:59","modified_gmt":"2023-10-30T01:31:59","slug":"kevin-magnussen-revela-dores-maos-acidente-mexico-suspensao-simplesmente-cedeu","status":"publish","type":"post","link":"https:\/\/grandepremio.com\/br\/f1\/kevin-magnussen-revela-dores-maos-acidente-mexico-suspensao-simplesmente-cedeu\/","title":{"rendered":"Magnussen revela dores nas m\u00e3os ap\u00f3s batida no M\u00e9xico: \u201cSuspens\u00e3o simplesmente cedeu\u201d"},"content":{"rendered":"\n<p class=\"wp-block-paragraph\">Protagonista de um acidente bem forte no <strong>GP da Cidade do M\u00e9xico<\/strong>, <a href=\"https:\/\/www.grandepremio.com\/br\/f1\/noticias\/max-verstappen-conta-ajuda-patacoada-caseira-sergio-perez-vence-gp-da-cidade-do-mexico-formula-1\/\" class=\"ek-link\">realizado neste domingo (29)<\/a>, <strong>Kevin Magnussen<\/strong> foi liberado pelos m\u00e9dicos da F1 no Hermanos Rodriguez a voltar para os boxes da <strong>Haas<\/strong>, apesar de ainda sentir dores nas m\u00e3os devido a um tranco do volante. O dinamarqu\u00eas ainda n\u00e3o tem certeza das causas da batida.<\/p>\n\n\n\n<p class=\"wp-block-paragraph\">O #20 <a href=\"https:\/\/www.grandepremio.com\/br\/f1\/noticias\/kevin-magnussen-bate-forte-sai-zonzo-carro-interrompe-gp-cidade-mexico-formula-1\/\" class=\"ek-link\">colidiu nas barreiras de prote\u00e7\u00e3o da curva 9<\/a> ap\u00f3s passar por cima da zebra na parte interna da pista. A equipe americana suspeita que uma falha na suspens\u00e3o traseira esquerda causou o acidente.&nbsp;<\/p>\n\n\n\n<p class=\"wp-block-paragraph\">\u201cBati depois de sofrer uma falha na suspens\u00e3o traseira esquerda. Isso aconteceu em um lugar ruim e eu bati no muro, ent\u00e3o levei um tranco nas m\u00e3os e elas doem um pouco, mas est\u00e3o bem. Precisamos investigar um pouco mais o que exatamente aconteceu, j\u00e1 que a suspens\u00e3o simplesmente cedeu\u201d, explicou Magnussen.<\/p>\n\n\n\n<p class=\"wp-block-paragraph\">O #20 ainda afirmou que fazia uma boa prova antes da batida, apesar de ter ficado muito tempo preso atr\u00e1s de carros mais lentos.<\/p>\n\n\n\n<figure class=\"wp-block-video\"><video class=\"video-js vjs-big-play-centered\" data-gp-vjs=\"1\" controls poster=\"https:\/\/www.grandepremio.com\/br\/wp-content\/uploads\/2023\/10\/ElReyGuiri_avc1_1718733006448312672-1-poster.jpeg\" src=\"https:\/\/www.grandepremio.com\/br\/wp-content\/uploads\/2023\/10\/ElReyGuiri_avc1_1718733006448312672-1.mp4\"><\/video><figcaption class=\"wp-element-caption\">Kevin Magnussen sofre quebra da suspens\u00e3o traseira e bate forte no M\u00e9xico (V\u00eddeo: F1)<\/figcaption><\/figure>\n\n\n\n<p class=\"wp-block-paragraph\">\u201cPrecisamos investigar um pouco mais o que exatamente aconteceu. Antes disso as coisas at\u00e9 que iam bem, apesar de ficar muito tempo preso no tr\u00e2nsito e meus pneus ficarem superaquecidos, mas n\u00e3o sei se essa foi a causa da falha\u201d, disse o dinamarqu\u00eas.<\/p>\n\n\n\n<p class=\"wp-block-paragraph\">Questionado sobre o acidente e a repentina falha na suspens\u00e3o do VF-23, o chefe da equipe, <strong>Guenther Steiner<\/strong>, indicou que o problema pode estar relacionado \u00e0 alta temperatura da pista mexicana.&nbsp;<\/p>\n\n\n\n<p class=\"wp-block-paragraph\">\u201cPrecisamos entender o motivo disso acontecer. Mas parece estar relacionado com o calor e ainda precisamos verificar tudo\u201d, declarou o dirigente italiano.<\/p>\n\n\n\n<p class=\"wp-block-paragraph\">O acidente de Magnussen for\u00e7ou a dire\u00e7\u00e3o da corrida a acionar uma bandeira vermelha para permitir que os fiscais reparassem as barreiras danificadas antes de poder reiniciar a prova <a href=\"https:\/\/www.grandepremio.com\/br\/f1\/noticias\/max-verstappen-questiona-bandeira-vermelha-acidente-kevin-magnussen-isso-uma-piada\/\" class=\"ek-link\">vencida por <strong>Max Verstappen<\/strong><\/a>.<\/p>\n\n\n\n<p class=\"wp-block-paragraph\"><strong>A&nbsp;<a href=\"https:\/\/www.grandepremio.com\/br\/f1\/\"><\/a><a href=\"https:\/\/www.grandepremio.com\/formula-1\/\" target=\"_blank\" rel=\"noreferrer noopener\">F\u00f3rmula 1<\/a>&nbsp;<\/strong>retorna j\u00e1 no pr\u00f3ximo fim de semana,<strong>&nbsp;<\/strong>entre os dias<strong>&nbsp;3 e 5 de novembro<\/strong>, com o<strong>&nbsp;GP de&nbsp;<a href=\"https:\/\/www.grandepremio.com\/br\/circuito\/sao-paulo\/\" target=\"_blank\" rel=\"noreferrer noopener\">S\u00e3o Paulo<\/a>,&nbsp;<\/strong>em&nbsp;<strong><a href=\"https:\/\/www.grandepremio.com\/br\/circuito\/interlagos\/\" target=\"_blank\" rel=\"noreferrer noopener\">Interlagos<\/a>.&nbsp;<\/strong>O<strong>&nbsp;GRANDE PR\u00caMIO&nbsp;<\/strong>cobre \u2018in loco\u2019 e com equipe cheia.<\/p>\n\n\n\n<p class=\"wp-block-paragraph\"><strong>\u25b6\ufe0f&nbsp;Inscreva-se nos dois canais do GRANDE PR\u00caMIO no YouTube:&nbsp;<a href=\"https:\/\/www.youtube.com\/channel\/UC9OlHEgxoaY6QY6nWPoiqQg?sub_confirmation=1\" target=\"_blank\" rel=\"noreferrer noopener\">GP<\/a>&nbsp;|&nbsp;<a href=\"https:\/\/www.youtube.com\/channel\/UC9csiS6q_C3C0FYhyr1rnFA?sub_confirmation=1\" target=\"_blank\" rel=\"noreferrer noopener\">GP2<\/a><\/strong><br><strong>\u25b6\ufe0f&nbsp;<a href=\"https:\/\/www.twitch.tv\/grandepremio\" target=\"_blank\" rel=\"noreferrer noopener\">Conhe\u00e7a o canal do GRANDE PR\u00caMIO na Twitch clicando aqui!<\/a><\/strong><\/p>\n\n\n\n<figure class=\"wp-block-embed is-type-video is-provider-youtube wp-block-embed-youtube wp-embed-aspect-16-9 wp-has-aspect-ratio\"><div class=\"wp-block-embed__wrapper\">\n<iframe loading=\"lazy\" title=\"VERSTAPPEN VENCE, HAMILTON 2\u00ba, P\u00c9REZ BATE NA 1\u00aa CURVA: tudo sobre o GP do M\u00e9xico | Briefing\" width=\"500\" height=\"281\" src=\"https:\/\/www.youtube.com\/embed\/01bBBOBhJsM?feature=oembed\" frameborder=\"0\" allow=\"accelerometer; autoplay; clipboard-write; encrypted-media; gyroscope; picture-in-picture; web-share\" referrerpolicy=\"strict-origin-when-cross-origin\" allowfullscreen><\/iframe>\n<\/div><\/figure>\n","protected":false},"excerpt":{"rendered":"<p>Kevin Magnussen teve de passar no centro m\u00e9dico do aut\u00f3dromo Hermanos Rodriguez depois do acidente que destruiu a Haas<\/p>\n","protected":false},"author":0,"featured_media":1000747559,"comment_status":"closed","ping_status":"closed","sticky":false,"template":"","format":"standard","meta":{"42wp_featured_image_caption":"","42wp_featured_image_credits":"","42wp_featured_video":"","42wp_featured_image_hidden":false,"42wp_authors_list":[],"footnotes":""},"categories":[2],"tags":[26271,2764,5273,969,147,6533,642,180,30722,29827,1491,26123,30103,28285,1490,119,2829,36906,36905,30840,117,17551,36907,2949,35129,31447],"42wp_author":[47157],"class_list":["post-96665","post","type-post","status-publish","format-standard","has-post-thumbnail","hentry","category-f1","tag-calendario-f1","tag-cidade-do-mexico","tag-classificacao-f1","tag-corrida","tag-f1","tag-f1-2023","tag-f1-ao-vivo","tag-formula-1","tag-formula-1-2023","tag-gp-da-cidade-do-mexico","tag-grande-premio","tag-grande-premio-ao-vivo","tag-grande-premio-f1","tag-grandepremio","tag-guenther-steiner","tag-haas","tag-hermanos-rodriguez","tag-hermanos-rodriguez-2023","tag-hermanos-rodriguez-f1","tag-horarios-f1","tag-kevin-magnussen","tag-mexico","tag-mexico-2023","tag-mexico-f1","tag-onde-assistir-f1","tag-temporada-2023-f1","42wp_author-jonas-souza"],"_links":{"self":[{"href":"https:\/\/grandepremio.com\/br\/wp-json\/wp\/v2\/posts\/96665","targetHints":{"allow":["GET"]}}],"collection":[{"href":"https:\/\/grandepremio.com\/br\/wp-json\/wp\/v2\/posts"}],"about":[{"href":"https:\/\/grandepremio.com\/br\/wp-json\/wp\/v2\/types\/post"}],"replies":[{"embeddable":true,"href":"https:\/\/grandepremio.com\/br\/wp-json\/wp\/v2\/comments?post=96665"}],"version-history":[{"count":0,"href":"https:\/\/grandepremio.com\/br\/wp-json\/wp\/v2\/posts\/96665\/revisions"}],"wp:featuredmedia":[{"embeddable":true,"href":"https:\/\/grandepremio.com\/br\/wp-json\/wp\/v2\/media\/1000747559"}],"wp:attachment":[{"href":"https:\/\/grandepremio.com\/br\/wp-json\/wp\/v2\/media?parent=96665"}],"wp:term":[{"taxonomy":"category","embeddable":true,"href":"https:\/\/grandepremio.com\/br\/wp-json\/wp\/v2\/categories?post=96665"},{"taxonomy":"post_tag","embeddable":true,"href":"https:\/\/grandepremio.com\/br\/wp-json\/wp\/v2\/tags?post=96665"},{"taxonomy":"42wp_author","embeddable":true,"href":"https:\/\/grandepremio.com\/br\/wp-json\/wp\/v2\/42wp_author?post=96665"}],"curies":[{"name":"wp","href":"https:\/\/api.w.org\/{rel}","templated":true}]}}