{"id":96730,"date":"2023-10-29T18:32:34","date_gmt":"2023-10-29T21:32:34","guid":{"rendered":"https:\/\/grandepremio.com\/br\/noticias\/max-verstappen-questiona-bandeira-vermelha-acidente-kevin-magnussen-isso-uma-piada\/"},"modified":"2023-10-29T18:42:06","modified_gmt":"2023-10-29T21:42:06","slug":"max-verstappen-questiona-bandeira-vermelha-acidente-kevin-magnussen-isso-uma-piada","status":"publish","type":"post","link":"https:\/\/grandepremio.com\/br\/f1\/max-verstappen-questiona-bandeira-vermelha-acidente-kevin-magnussen-isso-uma-piada\/","title":{"rendered":"Verstappen questiona bandeira vermelha ap\u00f3s acidente de Magnussen: &#8220;Isso \u00e9 uma piada&#8221;"},"content":{"rendered":"\n<p class=\"wp-block-paragraph\">A<a href=\"https:\/\/www.grandepremio.com\/br\/f1\/noticias\/kevin-magnussen-bate-forte-sai-zonzo-carro-interrompe-gp-cidade-mexico-formula-1\/\" class=\"ek-link\"> bandeira vermelha causada pelo forte acidente<\/a> de <strong>Kevin Magnussen<\/strong>, no <strong>GP da Cidade do M\u00e9xico<\/strong>, realizado neste domingo (29), n\u00e3o foi bem aceita por todos os pilotos do grid. <strong>Max Verstappen<\/strong>, que liderava a prova no momento da batida, foi ao r\u00e1dio para mostrar o descontentamento com a medida tomada pelos comiss\u00e1rios da corrida.<\/p>\n\n\n\n<p class=\"wp-block-paragraph\">&#8220;Isso \u00e9 uma piada. Bandeira vermelha por qu\u00ea? Vi que o carro estava com poucas chamas, mas j\u00e1 est\u00e1 tudo resolvido&#8221;, indagou o tricampe\u00e3o.<\/p>\n\n\n\n<p class=\"wp-block-paragraph\">O engenheiro, <strong>Gianpiero Lambiase<\/strong>, j\u00e1 tinha a resposta na ponta da l\u00edngua e culpou as outras equipes pela parada na prova. &#8220;Muita gente falando no r\u00e1dio, como voc\u00ea pode imaginar&#8221;, falou.<\/p>\n\n\n\n<figure class=\"wp-block-image size-large\"><img decoding=\"async\" src=\"https:\/\/www.grandepremio.com\/br\/wp-content\/uploads\/2023\/10\/mexico-2023-f1-treinos-livres-red-bull-max-verstappen-02-2-1024x683.jpg\" alt=\"\" class=\"wp-image-746691\"\/><figcaption class=\"wp-element-caption\">Verstappen liderava a corrida no M\u00e9xico no momento do acidente (Foto: Red Bull Content Pool)<\/figcaption><\/figure>\n\n\n\n<p class=\"wp-block-paragraph\">O acidente de Magnussen aconteceu na volta 35 das 71 programadas para a corrida no Aut\u00f3dromo Hermanos Rodriguez. Atr\u00e1s de Verstappen, a corrida segue com <strong>Charles Leclerc<\/strong>, <strong>Lewis Hamilton<\/strong>, <strong>Carlos Sainz<\/strong> e <strong>Daniel Ricciardo<\/strong>.<\/p>\n\n\n\n<p class=\"wp-block-paragraph\"><strong>\u25b6\ufe0f&nbsp;Inscreva-se nos dois canais do GRANDE PR\u00caMIO no YouTube:&nbsp;<a href=\"https:\/\/www.youtube.com\/channel\/UC9OlHEgxoaY6QY6nWPoiqQg?sub_confirmation=1\" target=\"_blank\" rel=\"noreferrer noopener\">GP<\/a>&nbsp;|&nbsp;<a href=\"https:\/\/www.youtube.com\/channel\/UC9csiS6q_C3C0FYhyr1rnFA?sub_confirmation=1\" target=\"_blank\" rel=\"noreferrer noopener\">GP2<\/a><\/strong><br><strong>\u25b6\ufe0f&nbsp;<a href=\"https:\/\/www.twitch.tv\/grandepremio\" target=\"_blank\" rel=\"noreferrer noopener\">Conhe\u00e7a o canal do GRANDE PR\u00caMIO na Twitch clicando aqui!<\/a><\/strong><\/p>\n\n\n\n<figure class=\"wp-block-embed is-type-video is-provider-youtube wp-block-embed-youtube wp-embed-aspect-4-3 wp-has-aspect-ratio\"><div class=\"wp-block-embed__wrapper\">\n<iframe loading=\"lazy\" title=\"F1 2023  no M\u00c9XICO: acompanhe a CORRIDA no GRANDE PR\u00caMIO\" width=\"500\" height=\"281\" src=\"https:\/\/www.youtube.com\/embed\/dLduZhXxHY4?feature=oembed\" frameborder=\"0\" allow=\"accelerometer; autoplay; clipboard-write; encrypted-media; gyroscope; picture-in-picture; web-share\" referrerpolicy=\"strict-origin-when-cross-origin\" allowfullscreen><\/iframe>\n<\/div><\/figure>\n","protected":false},"excerpt":{"rendered":"<p>Max Verstappen ficou irritado pela prova ter sido paralisada devido ao acidente de Kevin Magnussen e externou sua insatisfa\u00e7\u00e3o pelo r\u00e1dio de sua Red Bull<\/p>\n","protected":false},"author":0,"featured_media":1000746870,"comment_status":"closed","ping_status":"closed","sticky":false,"template":"","format":"standard","meta":{"42wp_featured_image_caption":"","42wp_featured_image_credits":"","42wp_featured_video":"","42wp_featured_image_hidden":false,"42wp_authors_list":[],"footnotes":""},"categories":[2],"tags":[26271,2764,5273,969,147,6533,642,180,30722,29827,1491,26123,30103,28285,2829,36906,36905,30840,203,17551,36907,2949,35129,204,31447],"42wp_author":[47157],"class_list":["post-96730","post","type-post","status-publish","format-standard","has-post-thumbnail","hentry","category-f1","tag-calendario-f1","tag-cidade-do-mexico","tag-classificacao-f1","tag-corrida","tag-f1","tag-f1-2023","tag-f1-ao-vivo","tag-formula-1","tag-formula-1-2023","tag-gp-da-cidade-do-mexico","tag-grande-premio","tag-grande-premio-ao-vivo","tag-grande-premio-f1","tag-grandepremio","tag-hermanos-rodriguez","tag-hermanos-rodriguez-2023","tag-hermanos-rodriguez-f1","tag-horarios-f1","tag-max-verstappen","tag-mexico","tag-mexico-2023","tag-mexico-f1","tag-onde-assistir-f1","tag-red-bull","tag-temporada-2023-f1","42wp_author-jonas-souza"],"_links":{"self":[{"href":"https:\/\/grandepremio.com\/br\/wp-json\/wp\/v2\/posts\/96730","targetHints":{"allow":["GET"]}}],"collection":[{"href":"https:\/\/grandepremio.com\/br\/wp-json\/wp\/v2\/posts"}],"about":[{"href":"https:\/\/grandepremio.com\/br\/wp-json\/wp\/v2\/types\/post"}],"replies":[{"embeddable":true,"href":"https:\/\/grandepremio.com\/br\/wp-json\/wp\/v2\/comments?post=96730"}],"version-history":[{"count":0,"href":"https:\/\/grandepremio.com\/br\/wp-json\/wp\/v2\/posts\/96730\/revisions"}],"wp:featuredmedia":[{"embeddable":true,"href":"https:\/\/grandepremio.com\/br\/wp-json\/wp\/v2\/media\/1000746870"}],"wp:attachment":[{"href":"https:\/\/grandepremio.com\/br\/wp-json\/wp\/v2\/media?parent=96730"}],"wp:term":[{"taxonomy":"category","embeddable":true,"href":"https:\/\/grandepremio.com\/br\/wp-json\/wp\/v2\/categories?post=96730"},{"taxonomy":"post_tag","embeddable":true,"href":"https:\/\/grandepremio.com\/br\/wp-json\/wp\/v2\/tags?post=96730"},{"taxonomy":"42wp_author","embeddable":true,"href":"https:\/\/grandepremio.com\/br\/wp-json\/wp\/v2\/42wp_author?post=96730"}],"curies":[{"name":"wp","href":"https:\/\/api.w.org\/{rel}","templated":true}]}}