{"id":96823,"date":"2023-10-28T22:52:39","date_gmt":"2023-10-29T01:52:39","guid":{"rendered":"https:\/\/grandepremio.com\/br\/noticias\/mclaren-admite-classificacao-complicada-mantem-objetivo-igual-mexico\/"},"modified":"2023-10-28T22:52:52","modified_gmt":"2023-10-29T01:52:52","slug":"mclaren-admite-classificacao-complicada-mantem-objetivo-igual-mexico","status":"publish","type":"post","link":"https:\/\/grandepremio.com\/br\/f1\/mclaren-admite-classificacao-complicada-mantem-objetivo-igual-mexico\/","title":{"rendered":"McLaren admite &#8220;classifica\u00e7\u00e3o complicada&#8221;, mas mant\u00e9m &#8220;objetivo igual&#8221; no M\u00e9xico"},"content":{"rendered":"\n<p class=\"wp-block-paragraph\">Em uma classifica\u00e7\u00e3o repleta de surpresas no <strong>GP da Cidade do M\u00e9xico<\/strong> <a href=\"https:\/\/www.grandepremio.com\/br\/f1\/noticias\/charles-leclerc-causa-choque-sismico-bate-max-verstappen-conquista-pole-formula-1-mexico\/\">neste s\u00e1bado (28)<\/a>, a <strong>McLaren <\/strong>teve um dia de contrastes. Enquanto <strong>Oscar Piastri<\/strong> teve uma boa performance e garantiu a s\u00e9tima posi\u00e7\u00e3o no grid, <strong>Lando Norris<\/strong>, enfrentou problemas e ter\u00e1 de largada apenas na 19\u00ba lugar. Ainda assim, o chefe <strong>Andrea Stella<\/strong> afirmou que os objetivos do time para o domingo n\u00e3o mudam.<\/p>\n\n\n\n<p class=\"wp-block-paragraph\">A McLaren teve diversos problemas ainda no Q1, com Norris n\u00e3o tendo a oportunidade de dar uma volta competitiva nesta parte da sess\u00e3o, j\u00e1 que abortou seu primeiro giro com os pneus m\u00e9dios.<\/p>\n\n\n\n<p class=\"wp-block-paragraph\">&#8220;Foi uma classifica\u00e7\u00e3o complicada com resultados mistos. Do lado do Lando, tivemos um problema na primeira tentativa, que estamos revisando. Isso significou que n\u00e3o conseguimos estabelecer um tempo refer\u00eancia com o pneu m\u00e9dio. A partir da\u00ed, a sess\u00e3o foi comprometida por uma volta imperfeita com os pneus macios e depois pela bandeira amarela em um momento inoportuno. Esta sequ\u00eancia de eventos nos impediu de avan\u00e7ar para o Q2&#8221;, explicou o dirigente italiano.<\/p>\n\n\n\n<p class=\"wp-block-paragraph\">J\u00e1 com Piastri, que conseguiu chegar ao Q3, a equipe v\u00ea potencial de marcar muitos pontos, apesar do ritmo do MCL60 n\u00e3o ser o esperado.<\/p>\n\n\n\n<figure class=\"wp-block-image size-large\"><img decoding=\"async\" src=\"https:\/\/www.grandepremio.com\/br\/wp-content\/uploads\/2023\/10\/mexico-2023-f1-classificacao-mclaren-oscar-piastri-05-1024x683.jpg\" alt=\"\" class=\"wp-image-746913\"\/><figcaption class=\"wp-element-caption\">Oscar Piastri vai largar em s\u00e9timo no M\u00e9xico (Foto: McLaren)<\/figcaption><\/figure>\n\n\n\n<p class=\"wp-block-paragraph\">&#8220;Oscar fez uma forte classifica\u00e7\u00e3o, evoluindo ao longo do Q1 e Q2. Pens\u00e1vamos que t\u00ednhamos um ritmo decente para o Q3, mas n\u00e3o vimos o avan\u00e7o que gostar\u00edamos. No entanto, ele come\u00e7a em uma forte posi\u00e7\u00e3o para marcar pontos amanh\u00e3&#8221;, disse o dirigente.<\/p>\n\n\n\n<p class=\"wp-block-paragraph\">Mesmo com o resultado longe do ideal, devido a grande melhora da equipe a partir das f\u00e9rias da metade do ano, Stella acredita que a McLaren tem metas claras para a corrida.<\/p>\n\n\n\n<p class=\"wp-block-paragraph\">&#8220;Nosso objetivo para amanh\u00e3 permanece o mesmo, marcar bons pontos. Oscar come\u00e7a em uma boa posi\u00e7\u00e3o, e sabemos que o ritmo no carro merece mais do que o 19\u00ba lugar no grid para o Lando, ent\u00e3o ele vai tentar avan\u00e7ar e entrar na zona de pontua\u00e7\u00e3o. Esta noite, analisaremos os dados e prepararemos nosso plano para uma corrida emocionante&#8221;, finalizou o italiano.<\/p>\n\n\n\n<p class=\"wp-block-paragraph\"><strong>\u25b6\ufe0f&nbsp;Inscreva-se nos dois canais do GRANDE PR\u00caMIO no YouTube:&nbsp;<a href=\"https:\/\/www.youtube.com\/channel\/UC9OlHEgxoaY6QY6nWPoiqQg?sub_confirmation=1\" target=\"_blank\" rel=\"noreferrer noopener\">GP<\/a>&nbsp;|&nbsp;<a href=\"https:\/\/www.youtube.com\/channel\/UC9csiS6q_C3C0FYhyr1rnFA?sub_confirmation=1\" target=\"_blank\" rel=\"noreferrer noopener\">GP2<\/a><\/strong><br><strong>\u25b6\ufe0f&nbsp;<a href=\"https:\/\/www.twitch.tv\/grandepremio\" target=\"_blank\" rel=\"noreferrer noopener\">Conhe\u00e7a o canal do GRANDE PR\u00caMIO na Twitch clicando aqui!<\/a><\/strong><\/p>\n\n\n\n<p class=\"wp-block-paragraph\">O&nbsp;<strong>GRANDE PR\u00caMIO<\/strong>&nbsp;acompanha&nbsp;<a href=\"https:\/\/www.grandepremio.com\/br\/ao-vivo\/f1\"><strong>AO VIVO<\/strong>&nbsp;<strong>e EM&nbsp;<\/strong><\/a><strong><a href=\"https:\/\/www.grandepremio.com\/br\/ao-vivo\/\" target=\"_blank\" rel=\"noreferrer noopener\">TEMPO REAL<\/a><\/strong>&nbsp;todas as atividades do&nbsp;<strong>GP da Cidade do M\u00e9xico de&nbsp;<a href=\"https:\/\/www.grandepremio.com\/formula-1\/\" target=\"_blank\" rel=\"noreferrer noopener\">F\u00f3rmula 1<\/a><\/strong>. No domingo, a largada da corrida est\u00e1 marcada para as 17h (de Bras\u00edlia, GMT-3). O&nbsp;<strong>GRANDE PR\u00caMIO ainda exibe classifica\u00e7\u00e3o e a corrida em segunda tela, em parceria com a Voz do Esporte<\/strong>,&nbsp;<strong><a href=\"https:\/\/www.youtube.com\/@GrandePremio1\/videos\">atrav\u00e9s da GPTV<\/a><\/strong>&nbsp;\u2014 o in\u00edcio das transmiss\u00f5es se d\u00e1 15 minutos antes das atividades.<\/p>\n\n\n\n<figure class=\"wp-block-embed is-type-video is-provider-youtube wp-block-embed-youtube wp-embed-aspect-16-9 wp-has-aspect-ratio\"><div class=\"wp-block-embed__wrapper\">\n<iframe loading=\"lazy\" title=\"F1 2023 na Cidade do M\u00e9xico: acompanhe a CLASSIFICA\u00c7\u00c3O no GRANDE PR\u00caMIO\" width=\"500\" height=\"281\" src=\"https:\/\/www.youtube.com\/embed\/_XNfTvsa7ss?feature=oembed\" frameborder=\"0\" allow=\"accelerometer; autoplay; clipboard-write; encrypted-media; gyroscope; picture-in-picture; web-share\" referrerpolicy=\"strict-origin-when-cross-origin\" allowfullscreen><\/iframe>\n<\/div><\/figure>\n","protected":false},"excerpt":{"rendered":"<p>Andrea Stella afirmou que carros da McLaren tem ritmo para marcar bons pontos e, por isso, mant\u00e9m as metas que tinha antes do final de semana come\u00e7ar<\/p>\n","protected":false},"author":0,"featured_media":1000746652,"comment_status":"closed","ping_status":"closed","sticky":false,"template":"","format":"standard","meta":{"42wp_featured_image_caption":"","42wp_featured_image_credits":"","42wp_featured_video":"","42wp_featured_image_hidden":false,"42wp_authors_list":[],"footnotes":""},"categories":[2],"tags":[7094,26271,2764,5273,969,147,6533,642,180,30722,29827,1491,26123,30103,28285,2829,36906,36905,30840,547,90,17551,36907,2949,35129,2916,31447],"42wp_author":[47157],"class_list":["post-96823","post","type-post","status-publish","format-standard","has-post-thumbnail","hentry","category-f1","tag-andrea-stella","tag-calendario-f1","tag-cidade-do-mexico","tag-classificacao-f1","tag-corrida","tag-f1","tag-f1-2023","tag-f1-ao-vivo","tag-formula-1","tag-formula-1-2023","tag-gp-da-cidade-do-mexico","tag-grande-premio","tag-grande-premio-ao-vivo","tag-grande-premio-f1","tag-grandepremio","tag-hermanos-rodriguez","tag-hermanos-rodriguez-2023","tag-hermanos-rodriguez-f1","tag-horarios-f1","tag-lando-norris","tag-mclaren","tag-mexico","tag-mexico-2023","tag-mexico-f1","tag-onde-assistir-f1","tag-oscar-piastri","tag-temporada-2023-f1","42wp_author-jonas-souza"],"_links":{"self":[{"href":"https:\/\/grandepremio.com\/br\/wp-json\/wp\/v2\/posts\/96823","targetHints":{"allow":["GET"]}}],"collection":[{"href":"https:\/\/grandepremio.com\/br\/wp-json\/wp\/v2\/posts"}],"about":[{"href":"https:\/\/grandepremio.com\/br\/wp-json\/wp\/v2\/types\/post"}],"replies":[{"embeddable":true,"href":"https:\/\/grandepremio.com\/br\/wp-json\/wp\/v2\/comments?post=96823"}],"version-history":[{"count":0,"href":"https:\/\/grandepremio.com\/br\/wp-json\/wp\/v2\/posts\/96823\/revisions"}],"wp:featuredmedia":[{"embeddable":true,"href":"https:\/\/grandepremio.com\/br\/wp-json\/wp\/v2\/media\/1000746652"}],"wp:attachment":[{"href":"https:\/\/grandepremio.com\/br\/wp-json\/wp\/v2\/media?parent=96823"}],"wp:term":[{"taxonomy":"category","embeddable":true,"href":"https:\/\/grandepremio.com\/br\/wp-json\/wp\/v2\/categories?post=96823"},{"taxonomy":"post_tag","embeddable":true,"href":"https:\/\/grandepremio.com\/br\/wp-json\/wp\/v2\/tags?post=96823"},{"taxonomy":"42wp_author","embeddable":true,"href":"https:\/\/grandepremio.com\/br\/wp-json\/wp\/v2\/42wp_author?post=96823"}],"curies":[{"name":"wp","href":"https:\/\/api.w.org\/{rel}","templated":true}]}}