{"id":96840,"date":"2023-10-28T21:20:17","date_gmt":"2023-10-29T00:20:17","guid":{"rendered":"https:\/\/grandepremio.com\/br\/noticias\/red-bull-bom-carro-cutuca-ferrari-pole-mexico-ate-eles-ficaram-surpresos\/"},"modified":"2023-10-28T21:20:31","modified_gmt":"2023-10-29T00:20:31","slug":"red-bull-bom-carro-cutuca-ferrari-pole-mexico-ate-eles-ficaram-surpresos","status":"publish","type":"post","link":"https:\/\/grandepremio.com\/br\/f1\/red-bull-bom-carro-cutuca-ferrari-pole-mexico-ate-eles-ficaram-surpresos\/","title":{"rendered":"Red Bull v\u00ea &#8220;bom carro&#8221; e cutuca Ferrari por pole no M\u00e9xico: &#8220;At\u00e9 eles ficaram surpresos&#8221;"},"content":{"rendered":"\n<p class=\"wp-block-paragraph\">Depois de ter <strong>Max Verstappen<\/strong> dominando as tr\u00eas sess\u00f5es de treinos livres, e ainda ver <strong>Sergio P\u00e9rez<\/strong> ficar com a terceira posi\u00e7\u00e3o no TL1 e no TL3, a <strong>Red Bull<\/strong> n\u00e3o esperava uma <a href=\"https:\/\/www.grandepremio.com\/br\/f1\/noticias\/charles-leclerc-causa-choque-sismico-bate-max-verstappen-conquista-pole-formula-1-mexico\/\" class=\"ek-link\">dobradinha da <strong>Ferrari<\/strong> na classifica\u00e7\u00e3o<\/a> do <strong>GP da Cidade do M\u00e9xico<\/strong>, que aconteceu na tarde deste s\u00e1bado (28). Contudo,<strong> Christian Horner<\/strong>, chefe da equipe austr\u00edaca, minimizou o feito dos italianos dizendo que \u201cat\u00e9 eles ficaram surpresos\u201d com o ocorrido, e garantiu que os taurinos s\u00e3o favoritos \u00e0 vit\u00f3ria no domingo.<\/p>\n\n\n\n<p class=\"wp-block-paragraph\">Discreta durante os treinos livres e passando perto de ter os dois carros eliminados no Q2, a Ferrari encontrou uma boa volta com<strong> Charles Leclerc<\/strong> e <strong>Carlos Sainz<\/strong> na primeira tentativa no Q3 e assegurou a pole para o GP da Cidade do M\u00e9xico.<\/p>\n\n\n\n<p class=\"wp-block-paragraph\">Depois de alfinetar os rivais, afirmando que nem eles esperavam um resultado como esse, o chefe da Red Bull elogiou a performance de Verstappen, P\u00e9rez e <strong>Daniel Ricciardo<\/strong>. Por isso, espera que eles tenham uma boa corrida no domingo.<\/p>\n\n\n\n<p class=\"wp-block-paragraph\">\u201cSim, acho que at\u00e9 eles ficaram surpresos. No Q2 e no Q1 pareceu uma luta para eles, e ent\u00e3o, naquela primeira volta no Q3, os dois carros fizeram um tempo muito forte. Ent\u00e3o, parab\u00e9ns a eles. Eles foram muito r\u00e1pidos em uma sess\u00e3o muito confusa, mas tamb\u00e9m \u00e9 bom ver Daniel em quarto e \u2018Checo\u2019 em quinto\u201d, disse Horner.<\/p>\n\n\n\n<figure class=\"wp-block-image size-large\"><img decoding=\"async\" src=\"https:\/\/www.grandepremio.com\/br\/wp-content\/uploads\/2023\/10\/mexico-2023-f1-treinos-livres-red-bull-sergio-perez-06-1024x683.jpg\" alt=\"\" class=\"wp-image-746697\"\/><figcaption class=\"wp-element-caption\">Sergio P\u00e9rez foi quinto colocado na classifica\u00e7\u00e3o (Foto: Red Bull Content Pool)<\/figcaption><\/figure>\n\n\n\n<p class=\"wp-block-paragraph\">\u201cIsso \u00e9 bom para ele [P\u00e9rez], e acho que temos um bom carro de corrida, ent\u00e3o desde que eles fiquem longe de problemas na primeira volta [\u00e9 poss\u00edvel ter um bom resultado]\u201d, seguiu o dirigente.<\/p>\n\n\n\n<p class=\"wp-block-paragraph\">Horner ainda minimizou o fato de n\u00e3o ter conseguido a posi\u00e7\u00e3o de honra. Afinal, a longa reta at\u00e9 a primeira curva costuma ser uma dor de cabe\u00e7a para o piloto que parte da pole no <strong>Aut\u00f3dromo Hermanos Rodr\u00edguez.<\/strong><\/p>\n\n\n\n<p class=\"wp-block-paragraph\">\u201cA [pole] n\u00e3o \u00e9 indiscutivelmente uma posi\u00e7\u00e3o que voc\u00ea realmente quer estar aqui naquela enorme reta para a curva um, mas ser\u00e1 interessante ver se h\u00e1 alguma forma\u00e7\u00e3o de pilotagem da Ferrari. Vi isso h\u00e1 alguns anos, ent\u00e3o ser\u00e1 uma corrida realmente emocionante\u201d, finalizou o chefe da Red Bull.<\/p>\n\n\n\n<p class=\"wp-block-paragraph\">O&nbsp;<strong>GRANDE PR\u00caMIO<\/strong>&nbsp;acompanha&nbsp;<a href=\"https:\/\/www.grandepremio.com\/br\/ao-vivo\/f1\"><strong>AO VIVO<\/strong>&nbsp;<strong>e EM&nbsp;<\/strong><\/a><strong><a href=\"https:\/\/www.grandepremio.com\/br\/ao-vivo\/\" target=\"_blank\" rel=\"noreferrer noopener\">TEMPO REAL<\/a><\/strong>&nbsp;todas as atividades do&nbsp;<strong>GP da Cidade do M\u00e9xico de&nbsp;<a href=\"https:\/\/www.grandepremio.com\/formula-1\/\" target=\"_blank\" rel=\"noreferrer noopener\">F\u00f3rmula 1<\/a><\/strong>. No domingo, a largada da corrida est\u00e1 marcada para as 17h (de Bras\u00edlia, GMT-3). O&nbsp;<strong>GRANDE PR\u00caMIO ainda exibe classifica\u00e7\u00e3o e a corrida em segunda tela, em parceria com a Voz do Esporte<\/strong>,&nbsp;<strong><a href=\"https:\/\/www.youtube.com\/@GrandePremio1\/videos\">atrav\u00e9s da GPTV<\/a><\/strong>&nbsp;\u2014 o in\u00edcio das transmiss\u00f5es se d\u00e1 15 minutos antes das atividades.<\/p>\n\n\n\n<p class=\"wp-block-paragraph\"><strong>\u25b6\ufe0f&nbsp;Inscreva-se nos dois canais do GRANDE PR\u00caMIO no YouTube:&nbsp;<a href=\"https:\/\/www.youtube.com\/channel\/UC9OlHEgxoaY6QY6nWPoiqQg?sub_confirmation=1\" target=\"_blank\" rel=\"noreferrer noopener\">GP<\/a>&nbsp;|&nbsp;<a href=\"https:\/\/www.youtube.com\/channel\/UC9csiS6q_C3C0FYhyr1rnFA?sub_confirmation=1\" target=\"_blank\" rel=\"noreferrer noopener\">GP2<\/a><\/strong><br><strong>\u25b6\ufe0f&nbsp;<a href=\"https:\/\/www.twitch.tv\/grandepremio\" target=\"_blank\" rel=\"noreferrer noopener\">Conhe\u00e7a o canal do GRANDE PR\u00caMIO na Twitch clicando aqui!<\/a><\/strong><\/p>\n\n\n\n<figure class=\"wp-block-embed is-type-video is-provider-youtube wp-block-embed-youtube wp-embed-aspect-16-9 wp-has-aspect-ratio\"><div class=\"wp-block-embed__wrapper\">\n<iframe loading=\"lazy\" title=\"F1 2023 no M\u00c9XICO: LECLERC ESPANTADO COM POLE, VERSTAPPEN 3\u00ba: tudo sobre a CLASSIFICA\u00c7\u00c3O | Briefing\" width=\"500\" height=\"281\" src=\"https:\/\/www.youtube.com\/embed\/MsnzQQMcqWs?feature=oembed\" frameborder=\"0\" allow=\"accelerometer; autoplay; clipboard-write; encrypted-media; gyroscope; picture-in-picture; web-share\" referrerpolicy=\"strict-origin-when-cross-origin\" allowfullscreen><\/iframe>\n<\/div><\/figure>\n","protected":false},"excerpt":{"rendered":"<p>Christian Horner, chefe da Red Bull, minimizou a perda da pole-position e acredita que Sergio P\u00e9rez, Max Verstappen e Daniel Ricciardo podem superar a dupla da Ferrari no domingo<\/p>\n","protected":false},"author":0,"featured_media":1000746719,"comment_status":"closed","ping_status":"closed","sticky":false,"template":"","format":"standard","meta":{"42wp_featured_image_caption":"","42wp_featured_image_credits":"","42wp_featured_video":"","42wp_featured_image_hidden":false,"42wp_authors_list":[],"footnotes":""},"categories":[2],"tags":[655,29827,1491,28285,258,2829,13887,27382,33169,204,3132,9685],"42wp_author":[47149],"class_list":["post-96840","post","type-post","status-publish","format-standard","has-post-thumbnail","hentry","category-f1","tag-christian-horner","tag-gp-da-cidade-do-mexico","tag-grande-premio","tag-grandepremio","tag-helmut-marko","tag-hermanos-rodriguez","tag-horner","tag-perez","tag-rb19","tag-red-bull","tag-sergio-perez","tag-verstappen","42wp_author-bernardo-castro"],"_links":{"self":[{"href":"https:\/\/grandepremio.com\/br\/wp-json\/wp\/v2\/posts\/96840","targetHints":{"allow":["GET"]}}],"collection":[{"href":"https:\/\/grandepremio.com\/br\/wp-json\/wp\/v2\/posts"}],"about":[{"href":"https:\/\/grandepremio.com\/br\/wp-json\/wp\/v2\/types\/post"}],"replies":[{"embeddable":true,"href":"https:\/\/grandepremio.com\/br\/wp-json\/wp\/v2\/comments?post=96840"}],"version-history":[{"count":0,"href":"https:\/\/grandepremio.com\/br\/wp-json\/wp\/v2\/posts\/96840\/revisions"}],"wp:featuredmedia":[{"embeddable":true,"href":"https:\/\/grandepremio.com\/br\/wp-json\/wp\/v2\/media\/1000746719"}],"wp:attachment":[{"href":"https:\/\/grandepremio.com\/br\/wp-json\/wp\/v2\/media?parent=96840"}],"wp:term":[{"taxonomy":"category","embeddable":true,"href":"https:\/\/grandepremio.com\/br\/wp-json\/wp\/v2\/categories?post=96840"},{"taxonomy":"post_tag","embeddable":true,"href":"https:\/\/grandepremio.com\/br\/wp-json\/wp\/v2\/tags?post=96840"},{"taxonomy":"42wp_author","embeddable":true,"href":"https:\/\/grandepremio.com\/br\/wp-json\/wp\/v2\/42wp_author?post=96840"}],"curies":[{"name":"wp","href":"https:\/\/api.w.org\/{rel}","templated":true}]}}