{"id":96948,"date":"2023-10-28T04:30:00","date_gmt":"2023-10-28T07:30:00","guid":{"rendered":"https:\/\/grandepremio.com\/br\/noticias\/jack-doohan-confirma-saida-formula-2-teria-muito-perder-pouco-ganhar-2024\/"},"modified":"2023-10-27T23:47:00","modified_gmt":"2023-10-28T02:47:00","slug":"jack-doohan-confirma-saida-formula-2-teria-muito-perder-pouco-ganhar-2024","status":"publish","type":"post","link":"https:\/\/grandepremio.com\/br\/f2\/jack-doohan-confirma-saida-formula-2-teria-muito-perder-pouco-ganhar-2024\/","title":{"rendered":"Doohan confirma sa\u00edda da F2 e diz que &#8220;teria muito a perder e pouco a ganhar&#8221; em 2024"},"content":{"rendered":"\n<p class=\"wp-block-paragraph\">A trajet\u00f3ria de <strong>Jack Doohan<\/strong> na <strong><a href=\"https:\/\/www.grandepremio.com\/br\/f2\/\" class=\"ek-link\">F\u00f3rmula 2<\/a><\/strong> vai chegar ao fim na etapa derradeira da temporada 2023, em <strong>Abu Dhabi<\/strong>. O piloto afiliado da <strong>Alpine<\/strong> anunciou, ap\u00f3s disputar o <strong><a href=\"https:\/\/www.grandepremio.com\/br\/f1\/noticias\/max-verstappen-frustra-publico-pro-sergio-perez-abre-gp-da-cidade-do-mexico-lider-tl1\/\" class=\"ek-link\">primeiro treino livre do GP da Cidade do M\u00e9xico<\/a><\/strong> de <strong><a href=\"https:\/\/www.grandepremio.com\/br\/f1\/\" class=\"ek-link\">F\u00f3rmula 1<\/a><\/strong> no carro de <strong>Pierre Gasly<\/strong>, que n\u00e3o far\u00e1 parte de uma terceira temporada no grid da principal categoria-sat\u00e9lite do Mundial.<\/p>\n\n\n\n<p class=\"wp-block-paragraph\">Doohan estreou na F2 ainda na temporada 2021, quando correu as \u00faltimas etapas pela <strong>MP<\/strong>. Tornou-se titular na <strong>Virtuosi<\/strong>, em 2022, para o primeiro ano completo e impressionou ao longo do ano, com direito a tr\u00eas p\u00f3dios e tr\u00eas vit\u00f3rias, al\u00e9m do sexto lugar. A expectativa era brigar pelo t\u00edtulo neste 2023, algo que n\u00e3o se concretizou: Jack vai para a final do campeonato em quarto lugar, mas fora da briga.<\/p>\n\n\n\n<p class=\"wp-block-paragraph\">Segundo o australiano, que tem apenas 20 anos de idade, o que realmente importa \u00e9 que tirou o m\u00e1ximo dentro do que poderia fazer enquanto piloto. E acredita ter convencido a Alpine do valor que tem para um futuro na F1.<\/p>\n\n\n\n<p class=\"wp-block-paragraph\">&#8220;N\u00e3o vou competir na F\u00f3rmula 2 no ano que vem&#8221;, revelou. O piloto disse que uma terceira temporada na categoria &#8220;n\u00e3o parece algo realista&#8221;.<\/p>\n\n\n\n<figure class=\"wp-block-image size-large\"><img decoding=\"async\" src=\"https:\/\/www.grandepremio.com\/br\/wp-content\/uploads\/2023\/10\/mexico-2023-f1-treinos-livres-alpine-jack-doohan-03-1024x683.jpg\" alt=\"\" class=\"wp-image-746057\"\/><figcaption class=\"wp-element-caption\">Jack Doohan nos treinos livres da F1 no M\u00e9xico (Foto: Alpine)<\/figcaption><\/figure>\n\n\n\n<p class=\"wp-block-paragraph\">&#8220;Com tudo que tem acontecido, acho que tirei o m\u00e1ximo. Fizemos um \u00f3timo trabalho com o que esteve sob meu controle, ent\u00e3o fazer outra temporada n\u00e3o me daria grande ganho&#8221;, opinou.<\/p>\n\n\n\n<p class=\"wp-block-paragraph\">&#8220;Meus dois anos na F2 n\u00e3o caminharam exatamente conforme o planejado: tenho certeza de que todo mundo pode dizer que isso sempre funciona assim. Mas acho que, entre bons e maus momentos, tive alguns bastante bons e toquei bem o que tinha sob controle. Creio que me sa\u00ed bem e mostrei minha capacidade&#8221;, seguiu.<\/p>\n\n\n\n<p class=\"wp-block-paragraph\">&#8220;Fazer outra temporada da F2, seria assim: se eu ganhasse, seria o esperado; mas se perdesse\u2026 Haveria muita coisa a perder e pouco a ganhar, ent\u00e3o acho que estou fazendo a coisa certa&#8221;, refor\u00e7ou.<\/p>\n\n\n\n<p class=\"wp-block-paragraph\">Nos meandres do paddock da F1, o que se espera \u00e9 que Doohan siga como reserva da Alpine por mais uma temporada e que tem ao menos uma chance de competir com a equipe francesa no WEC antes de voltar ao mundo da F1 em 2025.<\/p>\n\n\n\n<p class=\"wp-block-paragraph\">&#8220;N\u00e3o estou saindo da F2 direcionado para o WEC, n\u00e3o existe nada confirmado. E n\u00e3o \u00e9 uma quest\u00e3o de &#8216;puxa, quando eu vou saber&#8217;. \u00c9 uma quest\u00e3o do que n\u00f3s queremos: mesmo que eu v\u00e1 ao WEC, o plano \u00e9 voltar para a F1 em 2025. A equipe est\u00e1 contente com nosso trabalho e trajet\u00f3ria, ent\u00e3o, se aparecer uma possibilidade de ir nessa dire\u00e7\u00e3o [WEC] para aumentar minha estrutura e expandir meu conhecimento em diferentes \u00e1reas, ficarei ansioso para tanto&#8221;, garantiu.<\/p>\n\n\n\n<p class=\"wp-block-paragraph\">&#8220;Mas a meta seguir\u00e1 sendo a F\u00f3rmula 1, e a equipe trabalha neste sentido, comigo ficando por aqui e ainda na briga por essa vaga. \u00c9 a minha rota e tenho certeza que chegarei l\u00e1&#8221;, finalizou.<\/p>\n\n\n\n<p class=\"wp-block-paragraph\">A temporada da F\u00f3rmula 2 termina com a etapa de <strong>Abu Dhabi<\/strong>, entre os dias 25 e 26 de novembro.<\/p>\n\n\n\n<p class=\"wp-block-paragraph\"><strong>\u25b6\ufe0f\u00a0Inscreva-se nos dois canais do GRANDE PR\u00caMIO no YouTube:\u00a0<a href=\"https:\/\/www.youtube.com\/channel\/UC9OlHEgxoaY6QY6nWPoiqQg?sub_confirmation=1\" target=\"_blank\" rel=\"noreferrer noopener\">GP<\/a>\u00a0|\u00a0<a href=\"https:\/\/www.youtube.com\/channel\/UC9csiS6q_C3C0FYhyr1rnFA?sub_confirmation=1\" target=\"_blank\" rel=\"noreferrer noopener\">GP2<\/a><\/strong><br><strong>\u25b6\ufe0f\u00a0<a href=\"https:\/\/www.twitch.tv\/grandepremio\" target=\"_blank\" rel=\"noreferrer noopener\">Conhe\u00e7a o canal do GRANDE PR\u00caMIO na Twitch clicando aqui!<\/a><\/strong><\/p>\n\n\n\n<figure class=\"wp-block-embed is-type-video is-provider-youtube wp-block-embed-youtube wp-embed-aspect-16-9 wp-has-aspect-ratio\"><div class=\"wp-block-embed__wrapper\">\n<iframe loading=\"lazy\" title=\"F1 2023 no M\u00c9XICO: VERSTAPPEN LIDERA, 16 NO MESMO SEGUNDO: tudo sobre os treinos livres | Briefing\" width=\"500\" height=\"281\" src=\"https:\/\/www.youtube.com\/embed\/b7XAlumRwyo?feature=oembed\" frameborder=\"0\" allow=\"accelerometer; autoplay; clipboard-write; encrypted-media; gyroscope; picture-in-picture; web-share\" referrerpolicy=\"strict-origin-when-cross-origin\" allowfullscreen><\/iframe>\n<\/div><figcaption class=\"wp-element-caption\">\ud83d\udd34AO VIVO! F1 2023 na Cidade do M\u00e9xico: tudo sobre os treinos livres | Briefing<\/figcaption><\/figure>\n","protected":false},"excerpt":{"rendered":"<p>Jack Doohan confirmou a not\u00edcia que circulou nas \u00faltimas semanas pelo mundo da F2: a de que deixa a categoria ap\u00f3s o desfecho da temporada 2023<\/p>\n","protected":false},"author":0,"featured_media":1000710313,"comment_status":"closed","ping_status":"closed","sticky":false,"template":"","format":"standard","meta":{"42wp_featured_image_caption":"","42wp_featured_image_credits":"","42wp_featured_video":"","42wp_featured_image_hidden":false,"42wp_authors_list":[],"footnotes":""},"categories":[9],"tags":[20491,32048,30245,32407,35969,1491,26123,28285],"42wp_author":[47120],"class_list":["post-96948","post","type-post","status-publish","format-standard","has-post-thumbnail","hentry","category-f2","tag-alpine","tag-f2-2023","tag-f2-ao-vivo","tag-formula-2-2023","tag-formula-2-2024","tag-grande-premio","tag-grande-premio-ao-vivo","tag-grandepremio","42wp_author-pedro-henrique-marum"],"_links":{"self":[{"href":"https:\/\/grandepremio.com\/br\/wp-json\/wp\/v2\/posts\/96948","targetHints":{"allow":["GET"]}}],"collection":[{"href":"https:\/\/grandepremio.com\/br\/wp-json\/wp\/v2\/posts"}],"about":[{"href":"https:\/\/grandepremio.com\/br\/wp-json\/wp\/v2\/types\/post"}],"replies":[{"embeddable":true,"href":"https:\/\/grandepremio.com\/br\/wp-json\/wp\/v2\/comments?post=96948"}],"version-history":[{"count":0,"href":"https:\/\/grandepremio.com\/br\/wp-json\/wp\/v2\/posts\/96948\/revisions"}],"wp:featuredmedia":[{"embeddable":true,"href":"https:\/\/grandepremio.com\/br\/wp-json\/wp\/v2\/media\/1000710313"}],"wp:attachment":[{"href":"https:\/\/grandepremio.com\/br\/wp-json\/wp\/v2\/media?parent=96948"}],"wp:term":[{"taxonomy":"category","embeddable":true,"href":"https:\/\/grandepremio.com\/br\/wp-json\/wp\/v2\/categories?post=96948"},{"taxonomy":"post_tag","embeddable":true,"href":"https:\/\/grandepremio.com\/br\/wp-json\/wp\/v2\/tags?post=96948"},{"taxonomy":"42wp_author","embeddable":true,"href":"https:\/\/grandepremio.com\/br\/wp-json\/wp\/v2\/42wp_author?post=96948"}],"curies":[{"name":"wp","href":"https:\/\/api.w.org\/{rel}","templated":true}]}}