{"id":96993,"date":"2023-10-27T22:19:05","date_gmt":"2023-10-28T01:19:05","guid":{"rendered":"https:\/\/grandepremio.com\/br\/noticias\/daniel-ricciardo-celebra-dia-muito-bom-mexico-ve-alphatauri-carro-top-10\/"},"modified":"2023-10-28T21:21:59","modified_gmt":"2023-10-29T00:21:59","slug":"daniel-ricciardo-celebra-dia-muito-bom-mexico-ve-alphatauri-carro-top-10","status":"publish","type":"post","link":"https:\/\/grandepremio.com\/br\/f1\/daniel-ricciardo-celebra-dia-muito-bom-mexico-ve-alphatauri-carro-top-10\/","title":{"rendered":"Ricciardo celebra dia &#8220;muito bom&#8221; no M\u00e9xico e v\u00ea AlphaTauri com &#8220;carro para top-10&#8221;"},"content":{"rendered":"\n<p class=\"wp-block-paragraph\"><strong>Daniel Ricciardo<\/strong> parece ter se encontrado com a <strong>AT04<\/strong> depois de a <strong>AlphaTauri<\/strong> testar uma nova configura\u00e7\u00e3o no carro <a href=\"https:\/\/www.grandepremio.com\/br\/f1\/noticias\/max-verstappen-passeia-lidera-tl2-gp-da-cidade-do-mexico-ritmo-coletivo-apronto\/\" class=\"ek-link\">durante os treinos livres<\/a> do <strong>GP da Cidade do M\u00e9xico<\/strong>, que aconteceram na tarde desta sexta-feira (27). O australiano, que n\u00e3o conseguiu esconder a felicidade ap\u00f3s o dia \u201cmuito bom\u201d, disse estar confiante no equipamento e espera brigar pelo top-10 na classifica\u00e7\u00e3o e na corrida.<\/p>\n\n\n\n<p class=\"wp-block-paragraph\">De acordo com Ricciardo, a AlphaTauri compreendeu melhor o comportamento da AT04 ap\u00f3s o <strong>GP dos Estados Unidos<\/strong>. Assim, com a nova descoberta, Daniel fechou o dia em sexto, a 0s3 de dist\u00e2ncia do l\u00edder Max Verstappen, e viu o companheiro Yuki Tsunoda completar em 12\u00ba. O resultado animou o #3.<\/p>\n\n\n\n<p class=\"wp-block-paragraph\"><strong>\u25b6\ufe0f&nbsp;Inscreva-se nos dois canais do GRANDE PR\u00caMIO no YouTube:&nbsp;<a href=\"https:\/\/www.youtube.com\/channel\/UC9OlHEgxoaY6QY6nWPoiqQg?sub_confirmation=1\" target=\"_blank\" rel=\"noreferrer noopener\">GP<\/a>&nbsp;|&nbsp;<a href=\"https:\/\/www.youtube.com\/channel\/UC9csiS6q_C3C0FYhyr1rnFA?sub_confirmation=1\" target=\"_blank\" rel=\"noreferrer noopener\">GP2<\/a><\/strong><br><strong>\u25b6\ufe0f&nbsp;<a href=\"https:\/\/www.twitch.tv\/grandepremio\" target=\"_blank\" rel=\"noreferrer noopener\">Conhe\u00e7a o canal do GRANDE PR\u00caMIO na Twitch clicando aqui!<\/a><\/strong><\/p>\n\n\n\n<figure class=\"wp-block-image size-large\"><img decoding=\"async\" src=\"https:\/\/www.grandepremio.com\/br\/wp-content\/uploads\/2023\/10\/mexico-2023-f1-treinos-livres-alphatauri-daniel-ricciardo-04-1-1024x683.jpg\" alt=\"\" class=\"wp-image-746224\"\/><figcaption class=\"wp-element-caption\">Daniel Ricciardo conseguiu entrar no top-10 com a AlphaTauri (Foto: Red Bull Content Pool)<\/figcaption><\/figure>\n\n\n\n<p class=\"wp-block-paragraph\">\u201cFoi um dia muito bom. Estou ansioso para seguir avan\u00e7ando depois de Austin. Acho que tem algumas coisas que descobrimos ap\u00f3s a corrida que aplicamos aqui na pista, melhoramos e encontramos algum ritmo. Ent\u00e3o hoje foi divertido, tamb\u00e9m gosto muito daqui, e acho que o carro foi s\u00f3lido. Fizemos um bom progresso, ainda temos algumas coisas para ajustar e estamos todos muito pr\u00f3ximos. Fomos sexto na tarde de hoje, o que \u00e9 bom, mas os carros da frente n\u00e3o tem uma dist\u00e2ncia muito grande, ent\u00e3o tivemos um bom dia\u201d, celebrou Ricciardo.<\/p>\n\n\n\n<p class=\"wp-block-paragraph\">\u201cDepois de Austin decidimos por um novo ajuste hoje. Se n\u00e3o fosse o fim de semana sprint ter\u00edamos tentado isso antes. Ent\u00e3o agora pudemos testar isso e eu me senti muito confort\u00e1vel. Mas n\u00e3o pod\u00edamos testar antes por causa do Parque Fechado na \u00faltima semana. Ent\u00e3o isso \u00e9 positivo e estou muito motivado, e isso \u00e9 bom\u201d, revelou o titular da AlphaTauri.<\/p>\n\n\n\n<p class=\"wp-block-paragraph\">Sabendo da evolu\u00e7\u00e3o da equipe, Ricciardo espera conseguir avan\u00e7ar ao Q3 durante a classifica\u00e7\u00e3o no s\u00e1bado para poder brigar por mais pontos no domingo.<\/p>\n\n\n\n<p class=\"wp-block-paragraph\">\u201cO que senti no carro hoje foi bom e acredito que teremos um carro para o top-10 amanh\u00e3, top-6 seria bom, vou tentar fazer isso de novo. Mas n\u00e3o estou sorrindo pensando no amanh\u00e3, e sim porque hoje foi um bom dia e que me deu muita confian\u00e7a\u201d, finalizou.<\/p>\n\n\n\n<p class=\"wp-block-paragraph\">O&nbsp;<strong>GRANDE PR\u00caMIO<\/strong>&nbsp;acompanha&nbsp;<a href=\"https:\/\/www.grandepremio.com\/br\/ao-vivo\/f1\"><strong>AO VIVO<\/strong>&nbsp;<strong>e EM&nbsp;<\/strong><\/a><strong><a href=\"https:\/\/www.grandepremio.com\/br\/ao-vivo\/\" target=\"_blank\" rel=\"noreferrer noopener\">TEMPO REAL<\/a><\/strong>&nbsp;todas as atividades do&nbsp;<strong>GP da Cidade do M\u00e9xico de&nbsp;<a href=\"https:\/\/www.grandepremio.com\/formula-1\/\" target=\"_blank\" rel=\"noreferrer noopener\">F\u00f3rmula 1<\/a><\/strong>. No s\u00e1bado, o terceiro treino livre est\u00e1 marcado para as 14h30 (de Bras\u00edlia, GMT-3), com a classifica\u00e7\u00e3o \u00e0s 18h. J\u00e1 no domingo, a corrida larga \u00e0s 17h. O&nbsp;<strong>GRANDE PR\u00caMIO ainda exibe classifica\u00e7\u00e3o e a corrida em segunda tela, em parceria com a Voz do Esporte<\/strong>,&nbsp;<strong><a href=\"https:\/\/www.youtube.com\/@GrandePremio1\/videos\">atrav\u00e9s da GPTV<\/a><\/strong>&nbsp;\u2014 o in\u00edcio das transmiss\u00f5es se d\u00e1 15 minutos antes das atividades.<\/p>\n\n\n\n<figure class=\"wp-block-embed is-type-video is-provider-youtube wp-block-embed-youtube wp-embed-aspect-16-9 wp-has-aspect-ratio\"><div class=\"wp-block-embed__wrapper\">\n<iframe loading=\"lazy\" title=\"F1 2023 no M\u00c9XICO: VERSTAPPEN LIDERA, 16 NO MESMO SEGUNDO: tudo sobre os treinos livres | Briefing\" width=\"500\" height=\"281\" src=\"https:\/\/www.youtube.com\/embed\/b7XAlumRwyo?feature=oembed\" frameborder=\"0\" allow=\"accelerometer; autoplay; clipboard-write; encrypted-media; gyroscope; picture-in-picture; web-share\" referrerpolicy=\"strict-origin-when-cross-origin\" allowfullscreen><\/iframe>\n<\/div><\/figure>\n","protected":false},"excerpt":{"rendered":"<p>Depois de colocar a AlphaTauri no sexto lugar no segundo treino livre, Daniel Ricciardo n\u00e3o conseguiu esconder a anima\u00e7\u00e3o e cravou que tem equipamento para brigar por pontos no GP da Cidade do M\u00e9xico<\/p>\n","protected":false},"author":0,"featured_media":1000746190,"comment_status":"closed","ping_status":"closed","sticky":false,"template":"","format":"standard","meta":{"42wp_featured_image_caption":"","42wp_featured_image_credits":"","42wp_featured_video":"","42wp_featured_image_hidden":false,"42wp_authors_list":[],"footnotes":""},"categories":[2],"tags":[524,33344,12603,6533,180,29827,29891,1491,28285,35129,3118],"42wp_author":[47149],"class_list":["post-96993","post","type-post","status-publish","format-standard","has-post-thumbnail","hentry","category-f1","tag-alphatauri","tag-at04","tag-autodromo-hermanos-rodriguez","tag-f1-2023","tag-formula-1","tag-gp-da-cidade-do-mexico","tag-gp-da-cidade-do-mexico-f1","tag-grande-premio","tag-grandepremio","tag-onde-assistir-f1","tag-ricciardo","42wp_author-bernardo-castro"],"_links":{"self":[{"href":"https:\/\/grandepremio.com\/br\/wp-json\/wp\/v2\/posts\/96993","targetHints":{"allow":["GET"]}}],"collection":[{"href":"https:\/\/grandepremio.com\/br\/wp-json\/wp\/v2\/posts"}],"about":[{"href":"https:\/\/grandepremio.com\/br\/wp-json\/wp\/v2\/types\/post"}],"replies":[{"embeddable":true,"href":"https:\/\/grandepremio.com\/br\/wp-json\/wp\/v2\/comments?post=96993"}],"version-history":[{"count":0,"href":"https:\/\/grandepremio.com\/br\/wp-json\/wp\/v2\/posts\/96993\/revisions"}],"wp:featuredmedia":[{"embeddable":true,"href":"https:\/\/grandepremio.com\/br\/wp-json\/wp\/v2\/media\/1000746190"}],"wp:attachment":[{"href":"https:\/\/grandepremio.com\/br\/wp-json\/wp\/v2\/media?parent=96993"}],"wp:term":[{"taxonomy":"category","embeddable":true,"href":"https:\/\/grandepremio.com\/br\/wp-json\/wp\/v2\/categories?post=96993"},{"taxonomy":"post_tag","embeddable":true,"href":"https:\/\/grandepremio.com\/br\/wp-json\/wp\/v2\/tags?post=96993"},{"taxonomy":"42wp_author","embeddable":true,"href":"https:\/\/grandepremio.com\/br\/wp-json\/wp\/v2\/42wp_author?post=96993"}],"curies":[{"name":"wp","href":"https:\/\/api.w.org\/{rel}","templated":true}]}}