{"id":97015,"date":"2023-10-27T21:24:41","date_gmt":"2023-10-28T00:24:41","guid":{"rendered":"https:\/\/grandepremio.com\/br\/noticias\/alexander-albon-minimiza-ritmo-tl2-mira-lutar-q3-classificacao-mexico\/"},"modified":"2023-10-28T21:22:07","modified_gmt":"2023-10-29T00:22:07","slug":"alexander-albon-minimiza-ritmo-tl2-mira-lutar-q3-classificacao-mexico","status":"publish","type":"post","link":"https:\/\/grandepremio.com\/br\/f1\/alexander-albon-minimiza-ritmo-tl2-mira-lutar-q3-classificacao-mexico\/","title":{"rendered":"Albon minimiza ritmo no TL2 e mira \u201clutar pelo Q3\u201d na classifica\u00e7\u00e3o no M\u00e9xico"},"content":{"rendered":"\n<p class=\"wp-block-paragraph\"><strong>Alexander Albon<\/strong> n\u00e3o ficou desanimado com o desempenho da <strong>Williams<\/strong> depois de ser apenas o 14\u00ba <a href=\"https:\/\/www.grandepremio.com\/br\/f1\/noticias\/max-verstappen-passeia-lidera-tl2-gp-da-cidade-do-mexico-ritmo-coletivo-apronto\/\" class=\"ek-link\">durante o segundo treino livre<\/a> do<strong> GP da Cidade do M\u00e9xico<\/strong>, realizado nesta sexta-feira (27). O #23 entende que o resultado foi consideravelmente pior do que a <a href=\"https:\/\/www.grandepremio.com\/br\/f1\/noticias\/max-verstappen-frustra-publico-pro-sergio-perez-abre-gp-da-cidade-do-mexico-lider-tl1\/\" class=\"ek-link\">segunda posi\u00e7\u00e3o obtida na primeira sess\u00e3o<\/a>, mas ainda acredita que existe algum desempenho para extrair do <strong>FW45<\/strong>. Por isso, espera brigar no Q3 durante a classifica\u00e7\u00e3o no s\u00e1bado.<\/p>\n\n\n\n<p class=\"wp-block-paragraph\">Embora reconhe\u00e7a que o trabalho realizado no TL1 foi bom, Albon entende que a segunda posi\u00e7\u00e3o foi algo circunstancial. Afinal, a Williams otimizou suas atividades desde o primeiro momento que foi para a pista, enquanto as outras equipes demoraram para se adaptar.<\/p>\n\n\n\n<p class=\"wp-block-paragraph\"><strong>\u25b6\ufe0f&nbsp;Inscreva-se nos dois canais do GRANDE PR\u00caMIO no YouTube:&nbsp;<a href=\"https:\/\/www.youtube.com\/channel\/UC9OlHEgxoaY6QY6nWPoiqQg?sub_confirmation=1\" target=\"_blank\" rel=\"noreferrer noopener\">GP<\/a>&nbsp;|&nbsp;<a href=\"https:\/\/www.youtube.com\/channel\/UC9csiS6q_C3C0FYhyr1rnFA?sub_confirmation=1\" target=\"_blank\" rel=\"noreferrer noopener\">GP2<\/a><\/strong><br><strong>\u25b6\ufe0f&nbsp;<a href=\"https:\/\/www.twitch.tv\/grandepremio\" target=\"_blank\" rel=\"noreferrer noopener\">Conhe\u00e7a o canal do GRANDE PR\u00caMIO na Twitch clicando aqui!<\/a><\/strong><\/p>\n\n\n\n<figure class=\"wp-block-image size-large\"><img decoding=\"async\" src=\"https:\/\/www.grandepremio.com\/br\/wp-content\/uploads\/2023\/10\/mexico-2023-f1-treinos-livres-williams-alexander-albon-01-1-1024x683.jpg\" alt=\"\" class=\"wp-image-746162\"\/><figcaption class=\"wp-element-caption\">Alexander Albon visa brigar pelo Q3 na classifica\u00e7\u00e3o (Foto: Williams)<\/figcaption><\/figure>\n\n\n\n<p class=\"wp-block-paragraph\">\u201cN\u00e3o creio que tenhamos sido lentos no TL2, mas obviamente fomos mais r\u00e1pidos na primeira sess\u00e3o. Fomos melhores do que esper\u00e1vamos, mas acho que quando fomos para a pista otimizamos a janela desde a primeira volta, enquanto outras equipes demoraram um pouco mais para se atualizar. Fomos r\u00e1pidos com os pneus de teste, mas minha volta com os macios n\u00e3o foi muito boa\u201d, contou Albon.<\/p>\n\n\n\n<p class=\"wp-block-paragraph\">O anglo-tailand\u00eas ainda afirmou que as caracter\u00edsticas do <strong>Aut\u00f3dromo Hermanos Rodr\u00edguez<\/strong> n\u00e3o favorecem os pontos fortes do carro da Williams. Por isso, acredita que n\u00e3o vai ser f\u00e1cil brigar pelos pontos no M\u00e9xico.<\/p>\n\n\n\n<p class=\"wp-block-paragraph\">\u201cEste \u00e9 um circuito que n\u00e3o \u00e9 bom para quem tem baixo downforce, voc\u00ea sente que est\u00e1 deslizando muito. No entanto, comparando ano a ano, \u00e9 um grande passo, ent\u00e3o vamos ver como vamos amanh\u00e3. N\u00e3o acho que estejamos entre os cinco ou os dez primeiros, mas acho que estaremos em posi\u00e7\u00e3o de lutar pelo Q3 amanh\u00e3\u201d, finalizou.<\/p>\n\n\n\n<p class=\"wp-block-paragraph\">O&nbsp;<strong>GRANDE PR\u00caMIO<\/strong>&nbsp;acompanha&nbsp;<a href=\"https:\/\/www.grandepremio.com\/br\/ao-vivo\/f1\"><strong>AO VIVO<\/strong>&nbsp;<strong>e EM&nbsp;<\/strong><\/a><strong><a href=\"https:\/\/www.grandepremio.com\/br\/ao-vivo\/\" target=\"_blank\" rel=\"noreferrer noopener\">TEMPO REAL<\/a><\/strong>&nbsp;todas as atividades do&nbsp;<strong>GP da Cidade do M\u00e9xico de&nbsp;<a href=\"https:\/\/www.grandepremio.com\/formula-1\/\" target=\"_blank\" rel=\"noreferrer noopener\">F\u00f3rmula 1<\/a><\/strong>. No s\u00e1bado, o terceiro treino livre est\u00e1 marcado para as 14h30 (de Bras\u00edlia, GMT-3), com a classifica\u00e7\u00e3o \u00e0s 18h. J\u00e1 no domingo, a corrida larga \u00e0s 17h. O&nbsp;<strong>GRANDE PR\u00caMIO ainda exibe classifica\u00e7\u00e3o e a corrida em segunda tela, em parceria com a Voz do Esporte<\/strong>,&nbsp;<strong><a href=\"https:\/\/www.youtube.com\/@GrandePremio1\/videos\">atrav\u00e9s da GPTV<\/a><\/strong>&nbsp;\u2014 o in\u00edcio das transmiss\u00f5es se d\u00e1 15 minutos antes das atividades.<\/p>\n\n\n\n<figure class=\"wp-block-embed is-type-video is-provider-youtube wp-block-embed-youtube wp-embed-aspect-16-9 wp-has-aspect-ratio\"><div class=\"wp-block-embed__wrapper\">\n<iframe loading=\"lazy\" title=\"F1 2023 no M\u00c9XICO: VERSTAPPEN LIDERA, 16 NO MESMO SEGUNDO: tudo sobre os treinos livres | Briefing\" width=\"500\" height=\"281\" src=\"https:\/\/www.youtube.com\/embed\/b7XAlumRwyo?feature=oembed\" frameborder=\"0\" allow=\"accelerometer; autoplay; clipboard-write; encrypted-media; gyroscope; picture-in-picture; web-share\" referrerpolicy=\"strict-origin-when-cross-origin\" allowfullscreen><\/iframe>\n<\/div><\/figure>\n","protected":false},"excerpt":{"rendered":"<p>Alexander Albon valorizou o trabalho da Williams durante os treinos livres, mas admitiu que a equipe tem poucas chances de pontuar no GP da Cidade do M\u00e9xico<\/p>\n","protected":false},"author":0,"featured_media":1000746010,"comment_status":"closed","ping_status":"closed","sticky":false,"template":"","format":"standard","meta":{"42wp_featured_image_caption":"","42wp_featured_image_credits":"","42wp_featured_video":"","42wp_featured_image_hidden":false,"42wp_authors_list":[],"footnotes":""},"categories":[2],"tags":[654,26271,5273,30722,33731,29827,1491,28285,2829,30840,215],"42wp_author":[47149],"class_list":["post-97015","post","type-post","status-publish","format-standard","has-post-thumbnail","hentry","category-f1","tag-alexander-albon","tag-calendario-f1","tag-classificacao-f1","tag-formula-1-2023","tag-fw45","tag-gp-da-cidade-do-mexico","tag-grande-premio","tag-grandepremio","tag-hermanos-rodriguez","tag-horarios-f1","tag-williams","42wp_author-bernardo-castro"],"_links":{"self":[{"href":"https:\/\/grandepremio.com\/br\/wp-json\/wp\/v2\/posts\/97015","targetHints":{"allow":["GET"]}}],"collection":[{"href":"https:\/\/grandepremio.com\/br\/wp-json\/wp\/v2\/posts"}],"about":[{"href":"https:\/\/grandepremio.com\/br\/wp-json\/wp\/v2\/types\/post"}],"replies":[{"embeddable":true,"href":"https:\/\/grandepremio.com\/br\/wp-json\/wp\/v2\/comments?post=97015"}],"version-history":[{"count":0,"href":"https:\/\/grandepremio.com\/br\/wp-json\/wp\/v2\/posts\/97015\/revisions"}],"wp:featuredmedia":[{"embeddable":true,"href":"https:\/\/grandepremio.com\/br\/wp-json\/wp\/v2\/media\/1000746010"}],"wp:attachment":[{"href":"https:\/\/grandepremio.com\/br\/wp-json\/wp\/v2\/media?parent=97015"}],"wp:term":[{"taxonomy":"category","embeddable":true,"href":"https:\/\/grandepremio.com\/br\/wp-json\/wp\/v2\/categories?post=97015"},{"taxonomy":"post_tag","embeddable":true,"href":"https:\/\/grandepremio.com\/br\/wp-json\/wp\/v2\/tags?post=97015"},{"taxonomy":"42wp_author","embeddable":true,"href":"https:\/\/grandepremio.com\/br\/wp-json\/wp\/v2\/42wp_author?post=97015"}],"curies":[{"name":"wp","href":"https:\/\/api.w.org\/{rel}","templated":true}]}}