{"id":97039,"date":"2023-10-27T18:48:10","date_gmt":"2023-10-27T21:48:10","guid":{"rendered":"https:\/\/grandepremio.com\/br\/noticias\/kalle-rovanpera-brilha-na-chuva-e-assume-lideranca-no-rali-da-europa-central\/"},"modified":"2023-10-27T18:48:23","modified_gmt":"2023-10-27T21:48:23","slug":"kalle-rovanpera-brilha-na-chuva-e-assume-lideranca-no-rali-da-europa-central","status":"publish","type":"post","link":"https:\/\/grandepremio.com\/br\/rally\/kalle-rovanpera-brilha-na-chuva-e-assume-lideranca-no-rali-da-europa-central\/","title":{"rendered":"Rovanper\u00e4 brilha na chuva e assume lideran\u00e7a no Rali da Europa Central"},"content":{"rendered":"\n<p class=\"wp-block-paragraph\">Depois de <a href=\"https:\/\/www.grandepremio.com\/br\/rally\/noticias\/thierry-neuville-desbanca-ott-tanak-abre-rali-centro-europa-lideranca\/\" class=\"ek-link\">terminar o primeiro dia<\/a> do <strong>WRC <\/strong>no <strong>Centro da Europa<\/strong> na quarta posi\u00e7\u00e3o, <strong>Kalle Rovanper\u00e4<\/strong> deu a volta por cima, teve uma boa exibi\u00e7\u00e3o na chuva, e assumiu com folga a lideran\u00e7a. O piloto da <strong>Toyota <\/strong>foi o tempo mais r\u00e1pido em quatro das seis etapas desta sexta-feira (27), e abriu uma vantagem de 36s4 sobre <strong>Thierry Neuville<\/strong>.<\/p>\n\n\n\n<p class=\"wp-block-paragraph\">Quem tamb\u00e9m performou bem foi <strong>Elfyn Evans<\/strong>, que estava em oitavo e chegou a assumir a segunda posi\u00e7\u00e3o ao longo do dia. Contudo, acabou perdendo terreno na etapa final e foi superado por Neuville por 10s8. A diferen\u00e7a em rela\u00e7\u00e3o a Rovanper\u00e4 \u00e9 de 47s2.<\/p>\n\n\n\n<p class=\"wp-block-paragraph\"><strong>\u25b6\ufe0f&nbsp;Inscreva-se nos dois canais do GRANDE PR\u00caMIO no YouTube:&nbsp;<a href=\"https:\/\/www.youtube.com\/channel\/UC9OlHEgxoaY6QY6nWPoiqQg?sub_confirmation=1\" target=\"_blank\" rel=\"noreferrer noopener\">GP<\/a>&nbsp;|&nbsp;<a href=\"https:\/\/www.youtube.com\/channel\/UC9csiS6q_C3C0FYhyr1rnFA?sub_confirmation=1\" target=\"_blank\" rel=\"noreferrer noopener\">GP2<\/a><\/strong><br><strong>\u25b6\ufe0f&nbsp;<a href=\"https:\/\/www.twitch.tv\/grandepremio\" target=\"_blank\" rel=\"noreferrer noopener\">Conhe\u00e7a o canal do GRANDE PR\u00caMIO na Twitch clicando aqui!<\/a><\/strong><\/p>\n\n\n\n<figure class=\"wp-block-video\"><video class=\"video-js vjs-big-play-centered\" data-gp-vjs=\"1\" controls src=\"https:\/\/www.grandepremio.com\/br\/wp-content\/uploads\/2023\/10\/Lappi-bate-forte-durante-Rali-da-Europa-Central.mp4\"><\/video><figcaption class=\"wp-element-caption\">Esapekka Lapi bateu forte durante o Rali da Europa Central. Quem assistia \u00e0 especial escapou por pouco (V\u00eddeo: reprodu\u00e7\u00e3o)<\/figcaption><\/figure>\n\n\n\n<p class=\"wp-block-paragraph\"><strong>Ott T\u00e4nak<\/strong>, segundo colocado na quinta-feira, n\u00e3o repetiu o bom desempenho de ontem e foi apenas o quarto, a 1min30s do l\u00edder. <strong>Takamoto Katsuta<\/strong>, da Toyota, completou o top-5. <strong>S\u00e9bastien Ogier<\/strong> teve problemas com os pneus e perdeu quase 1 minuto na sess\u00e3o. Com isso n\u00e3o conseguiu nada melhor que o sexto lugar.<\/p>\n\n\n\n<p class=\"wp-block-paragraph\"><strong>Teemu Suninen<\/strong> e <strong>Gregoire Munster<\/strong> completaram o top-8. O dia ainda ficou marcado pelo forte acidente de <strong>Esapekka Lappi<\/strong> durante a quinta etapa. O finland\u00eas perdeu o controle do carro na curva, saiu de traseira e quase atingiu os espectadores que estavam nas proximidades. Apesar da gravidade das imagens, ningu\u00e9m se feriu.<\/p>\n\n\n\n<p class=\"wp-block-paragraph\">O Rali da Europa Central segue nesta sexta-feira com mais seis especiais, todas na Tch\u00e9quia. O Rali ainda passa por \u00c1ustria e Alemanha.<\/p>\n","protected":false},"excerpt":{"rendered":"<p>Kalle Rovanper\u00e4 dominou ao longo do segundo dia do Mundial de Rali na Europa Central, abriu grande vantagem para os rivais e deu mais um passo rumo ao t\u00edtulo<\/p>\n","protected":false},"author":0,"featured_media":1000746123,"comment_status":"closed","ping_status":"closed","sticky":false,"template":"","format":"standard","meta":{"42wp_featured_image_caption":"","42wp_featured_image_credits":"","42wp_featured_video":"","42wp_featured_image_hidden":false,"42wp_authors_list":[],"footnotes":""},"categories":[5],"tags":[1491,28285,288,33586,178,287],"42wp_author":[47149],"class_list":["post-97039","post","type-post","status-publish","format-standard","has-post-thumbnail","hentry","category-rally","tag-grande-premio","tag-grandepremio","tag-mundial-de-rali","tag-mundial-de-rali-2023","tag-toyota","tag-wrc","42wp_author-bernardo-castro"],"_links":{"self":[{"href":"https:\/\/grandepremio.com\/br\/wp-json\/wp\/v2\/posts\/97039","targetHints":{"allow":["GET"]}}],"collection":[{"href":"https:\/\/grandepremio.com\/br\/wp-json\/wp\/v2\/posts"}],"about":[{"href":"https:\/\/grandepremio.com\/br\/wp-json\/wp\/v2\/types\/post"}],"replies":[{"embeddable":true,"href":"https:\/\/grandepremio.com\/br\/wp-json\/wp\/v2\/comments?post=97039"}],"version-history":[{"count":0,"href":"https:\/\/grandepremio.com\/br\/wp-json\/wp\/v2\/posts\/97039\/revisions"}],"wp:featuredmedia":[{"embeddable":true,"href":"https:\/\/grandepremio.com\/br\/wp-json\/wp\/v2\/media\/1000746123"}],"wp:attachment":[{"href":"https:\/\/grandepremio.com\/br\/wp-json\/wp\/v2\/media?parent=97039"}],"wp:term":[{"taxonomy":"category","embeddable":true,"href":"https:\/\/grandepremio.com\/br\/wp-json\/wp\/v2\/categories?post=97039"},{"taxonomy":"post_tag","embeddable":true,"href":"https:\/\/grandepremio.com\/br\/wp-json\/wp\/v2\/tags?post=97039"},{"taxonomy":"42wp_author","embeddable":true,"href":"https:\/\/grandepremio.com\/br\/wp-json\/wp\/v2\/42wp_author?post=97039"}],"curies":[{"name":"wp","href":"https:\/\/api.w.org\/{rel}","templated":true}]}}