{"id":97065,"date":"2023-10-27T14:54:39","date_gmt":"2023-10-27T17:54:39","guid":{"rendered":"https:\/\/grandepremio.com\/br\/noticias\/formula-1-encara-clima-ameno-chance-chuva-sexta-feira-gp-da-cidade-do-mexico\/"},"modified":"2023-10-27T16:44:08","modified_gmt":"2023-10-27T19:44:08","slug":"formula-1-encara-clima-ameno-chance-chuva-sexta-feira-gp-da-cidade-do-mexico","status":"publish","type":"post","link":"https:\/\/grandepremio.com\/br\/f1\/formula-1-encara-clima-ameno-chance-chuva-sexta-feira-gp-da-cidade-do-mexico\/","title":{"rendered":"F\u00f3rmula 1 encara clima ameno e chance de chuva na sexta-feira da Cidade do M\u00e9xico"},"content":{"rendered":"\n<p class=\"wp-block-paragraph\">Ap\u00f3s uma sequ\u00eancia de fins de semana onde o calor se mostrou fator complicador real para pilotos e equipes, a <strong>F\u00f3rmula 1<\/strong> inicia o <strong>GP da Cidade do M\u00e9xico<\/strong> nesta sexta-feira (27) com situa\u00e7\u00e3o mais amistosa. Mas, como n\u00e3o d\u00e1 para ter tudo, tamb\u00e9m existe chance de chuva.<\/p>\n\n\n\n<p class=\"wp-block-paragraph\">As informa\u00e7\u00f5es s\u00e3o do servi\u00e7o de meteorologia Accuweather. Segundo o ve\u00edculo, a expectativa para o <strong>primeiro treino livre<\/strong>, marcado para as 12h30 locais (15h30 de Bras\u00edlia, GMT-3), \u00e9 de temperatura em 21\u00b0C e sensa\u00e7\u00e3o de 27\u00b0C. A disparidade vem muito em fun\u00e7\u00e3o da umidade relativa do ar, que chega a 55%.<\/p>\n\n\n\n<p class=\"wp-block-paragraph\">A possibilidade de chuva \u00e9 bem considerada para os 60 minutos da atividade: 36%, ainda que tamb\u00e9m seja essa a propor\u00e7\u00e3o de nebulosidade no c\u00e9u da regi\u00e3o de Magdalena Mixhuca, na capital mexicana. Os ventos ficam na m\u00e9dia de 7 km\/h, com rajadas de at\u00e9 13 km\/h.<\/p>\n\n\n\n<p class=\"wp-block-paragraph\">Depois, o <strong>segundo treino livre<\/strong> est\u00e1 marcado para as 16h locais (19h de Bras\u00edlia). Para essa atividade, a expectativa \u00e9 de temperatura em 24\u00b0C e sensa\u00e7\u00e3o t\u00e9rmica de 24\u00b0C, com a umidade caindo para 34% e o c\u00e9u ocupado por 35% de nebulosidade.<\/p>\n\n\n\n<figure class=\"wp-block-image size-large\"><img decoding=\"async\" src=\"https:\/\/www.grandepremio.com\/br\/wp-content\/uploads\/2021\/11\/FDhJITzVUAMWVse-1024x576.jpg\" alt=\"FORO SOL; HERMANOS RODR\u00cdGUEZ; GP DA CIDADE DO M\u00c9XICO;\" class=\"wp-image-522116\"\/><figcaption class=\"wp-element-caption\">Hora do retorno ao Foro Sol (Foto: M\u00e9xico GP)<\/figcaption><\/figure>\n\n\n\n<p class=\"wp-block-paragraph\">Al\u00e9m disso, as chances de pancada de chuva ainda existem, mas s\u00e3o menores: 20%. Os ventos ficam na m\u00e9dia de 11 km\/h e rajadas de at\u00e9 22 km\/h.<\/p>\n\n\n\n<p class=\"wp-block-paragraph\">O\u00a0<strong>GRANDE PR\u00caMIO<\/strong>\u00a0acompanha\u00a0<a href=\"https:\/\/www.grandepremio.com\/br\/ao-vivo\/f1\"><strong>AO VIVO<\/strong>\u00a0<strong>e EM\u00a0<\/strong><\/a><strong><a href=\"https:\/\/www.grandepremio.com\/br\/ao-vivo\/\" target=\"_blank\" rel=\"noreferrer noopener\">TEMPO REAL<\/a><\/strong>\u00a0todas as atividades do\u00a0<strong>GP da Cidade do M\u00e9xico de\u00a0<a href=\"https:\/\/www.grandepremio.com\/formula-1\/\" target=\"_blank\" rel=\"noreferrer noopener\">F\u00f3rmula 1<\/a><\/strong>. No s\u00e1bado, o terceiro treino livre est\u00e1 marcado para as 14h30 (de Bras\u00edlia, GMT-3), com a classifica\u00e7\u00e3o \u00e0s 18h. J\u00e1 no domingo, a corrida larga \u00e0s 17h. O\u00a0<strong>GRANDE PR\u00caMIO ainda exibe classifica\u00e7\u00e3o, corrida curta e a corrida em segunda tela, em parceria com a Voz do Esporte<\/strong>,\u00a0<strong><a href=\"https:\/\/www.youtube.com\/@GrandePremio1\/videos\">atrav\u00e9s da GPTV<\/a><\/strong>\u00a0\u2014 o in\u00edcio das transmiss\u00f5es se d\u00e1 15 minutos antes das atividades.<\/p>\n\n\n\n<p class=\"wp-block-paragraph\"><strong>\u25b6\ufe0f&nbsp;Inscreva-se nos dois canais do GRANDE PR\u00caMIO no YouTube:&nbsp;<a href=\"https:\/\/www.youtube.com\/channel\/UC9OlHEgxoaY6QY6nWPoiqQg?sub_confirmation=1\" target=\"_blank\" rel=\"noreferrer noopener\">GP<\/a>&nbsp;|&nbsp;<a href=\"https:\/\/www.youtube.com\/channel\/UC9csiS6q_C3C0FYhyr1rnFA?sub_confirmation=1\" target=\"_blank\" rel=\"noreferrer noopener\">GP2<\/a><\/strong><br><strong>\u25b6\ufe0f&nbsp;<a href=\"https:\/\/www.twitch.tv\/grandepremio\" target=\"_blank\" rel=\"noreferrer noopener\">Conhe\u00e7a o canal do GRANDE PR\u00caMIO na Twitch clicando aqui!<\/a><\/strong><\/p>\n\n\n\n<figure class=\"wp-block-embed is-type-video is-provider-youtube wp-block-embed-youtube wp-embed-aspect-16-9 wp-has-aspect-ratio\"><div class=\"wp-block-embed__wrapper\">\n<iframe loading=\"lazy\" title=\"Mercedes e Ferrari INCAPAZES! E GRID INVERTIDO vai SALVAR sprint na F1? | TT GP #119\" width=\"500\" height=\"281\" src=\"https:\/\/www.youtube.com\/embed\/iYJZ2LW1NfE?feature=oembed\" frameborder=\"0\" allow=\"accelerometer; autoplay; clipboard-write; encrypted-media; gyroscope; picture-in-picture; web-share\" referrerpolicy=\"strict-origin-when-cross-origin\" allowfullscreen><\/iframe>\n<\/div><figcaption class=\"wp-element-caption\">Mercedes e Ferrari INCAPAZES! E GRID INVERTIDO vai SALVAR sprint na F1? | TT GP&nbsp;<a href=\"https:\/\/www.youtube.com\/hashtag\/119\">#119<\/a><\/figcaption><\/figure>\n","protected":false},"excerpt":{"rendered":"<p>A temperatura que a F\u00f3rmula 1 vai pegar no primeiro dia de atividades do GP da Cidade do M\u00e9xico tem queda grande em rela\u00e7\u00e3o a Austin<\/p>\n","protected":false},"author":0,"featured_media":1000745955,"comment_status":"closed","ping_status":"closed","sticky":false,"template":"","format":"standard","meta":{"42wp_featured_image_caption":"","42wp_featured_image_credits":"","42wp_featured_video":"","42wp_featured_image_hidden":false,"42wp_authors_list":[],"footnotes":""},"categories":[2],"tags":[6533,642,30722,29827,1282,36923,1491,26123,30103,28285,2033],"42wp_author":[47120],"class_list":["post-97065","post","type-post","status-publish","format-standard","has-post-thumbnail","hentry","category-f1","tag-f1-2023","tag-f1-ao-vivo","tag-formula-1-2023","tag-gp-da-cidade-do-mexico","tag-gp-do-mexico","tag-gp-mexicano","tag-grande-premio","tag-grande-premio-ao-vivo","tag-grande-premio-f1","tag-grandepremio","tag-temperatura","42wp_author-pedro-henrique-marum"],"_links":{"self":[{"href":"https:\/\/grandepremio.com\/br\/wp-json\/wp\/v2\/posts\/97065","targetHints":{"allow":["GET"]}}],"collection":[{"href":"https:\/\/grandepremio.com\/br\/wp-json\/wp\/v2\/posts"}],"about":[{"href":"https:\/\/grandepremio.com\/br\/wp-json\/wp\/v2\/types\/post"}],"replies":[{"embeddable":true,"href":"https:\/\/grandepremio.com\/br\/wp-json\/wp\/v2\/comments?post=97065"}],"version-history":[{"count":0,"href":"https:\/\/grandepremio.com\/br\/wp-json\/wp\/v2\/posts\/97065\/revisions"}],"wp:featuredmedia":[{"embeddable":true,"href":"https:\/\/grandepremio.com\/br\/wp-json\/wp\/v2\/media\/1000745955"}],"wp:attachment":[{"href":"https:\/\/grandepremio.com\/br\/wp-json\/wp\/v2\/media?parent=97065"}],"wp:term":[{"taxonomy":"category","embeddable":true,"href":"https:\/\/grandepremio.com\/br\/wp-json\/wp\/v2\/categories?post=97065"},{"taxonomy":"post_tag","embeddable":true,"href":"https:\/\/grandepremio.com\/br\/wp-json\/wp\/v2\/tags?post=97065"},{"taxonomy":"42wp_author","embeddable":true,"href":"https:\/\/grandepremio.com\/br\/wp-json\/wp\/v2\/42wp_author?post=97065"}],"curies":[{"name":"wp","href":"https:\/\/api.w.org\/{rel}","templated":true}]}}