{"id":97108,"date":"2023-10-27T03:58:32","date_gmt":"2023-10-27T06:58:32","guid":{"rendered":"https:\/\/grandepremio.com\/br\/noticias\/jaume-masia-supera-forte-calor-lidera-primeiro-dia-moto3-tailandia\/"},"modified":"2023-10-27T04:17:54","modified_gmt":"2023-10-27T07:17:54","slug":"jaume-masia-supera-forte-calor-lidera-primeiro-dia-moto3-tailandia","status":"publish","type":"post","link":"https:\/\/grandepremio.com\/br\/motogp\/jaume-masia-supera-forte-calor-lidera-primeiro-dia-moto3-tailandia\/","title":{"rendered":"Masi\u00e0 supera forte calor e lidera primeiro dia da Moto3 na Tail\u00e2ndia. Moreira \u00e9 3\u00ba"},"content":{"rendered":"\n<p class=\"wp-block-paragraph\"><strong>Jaume Masi\u00e0<\/strong> chegou \u00e0 <strong>Tail\u00e2ndia <\/strong>disposto a se recuperar depois do final de semana apagado que teve em Phillip Island. E n\u00e3o decepcionou. Com o tempo de <strong>1min42s318<\/strong>, obtido ainda na primeira sess\u00e3o de treinos livres, o l\u00edder do campeonato fechou o dia como mais r\u00e1pido da <strong>Moto3 <\/strong>em <strong>Buriram<\/strong>.<\/p>\n\n\n\n<p class=\"wp-block-paragraph\">O forte calor na pista tailandesa atrapalhou muitos pilotos, mas <strong>David Alonso<\/strong> se recuperou no TL2 e ficou na segunda coloca\u00e7\u00e3o. <strong>Diogo Moreira<\/strong> foi o terceiro mais veloz, a 0s237 de Masi\u00e0. <strong>Collin Veijer<\/strong> e <strong>Ryusei Yamanaka<\/strong> fecharam o top-5.<\/p>\n\n\n\n<p class=\"wp-block-paragraph\"><strong>Deniz \u00d6nc\u00fc, Joel Kelso, Daniel Holgado, Ricardo Rossi e Ayumu Sasaki<\/strong> ainda completaram os dez melhores do dia na Tail\u00e2ndia.<\/p>\n\n\n\n<figure class=\"wp-block-image size-large\"><img decoding=\"async\" src=\"https:\/\/www.grandepremio.com\/br\/wp-content\/uploads\/2023\/10\/jaume-masia-indonesia-1024x652.jpg\" alt=\"\" class=\"wp-image-740252\"\/><figcaption class=\"wp-element-caption\">Jaume Masi\u00e0 foi o mais r\u00e1pido do dia (Foto: Leopard Racing)<\/figcaption><\/figure>\n\n\n\n<p class=\"wp-block-paragraph\"><strong>\u25b6\ufe0f&nbsp;Inscreva-se nos dois canais do GRANDE PR\u00caMIO no YouTube:&nbsp;<a href=\"https:\/\/www.youtube.com\/channel\/UC9OlHEgxoaY6QY6nWPoiqQg?sub_confirmation=1\" target=\"_blank\" rel=\"noreferrer noopener\">GP<\/a>&nbsp;|&nbsp;<a href=\"https:\/\/www.youtube.com\/channel\/UC9csiS6q_C3C0FYhyr1rnFA?sub_confirmation=1\" target=\"_blank\" rel=\"noreferrer noopener\">GP2<\/a><\/strong><br><strong>\u25b6\ufe0f&nbsp;<a href=\"https:\/\/www.twitch.tv\/grandepremio\" target=\"_blank\" rel=\"noreferrer noopener\">Conhe\u00e7a o canal do GRANDE PR\u00caMIO na Twitch clicando aqui!<\/a><\/strong><\/p>\n\n\n\n<p class=\"wp-block-paragraph\">A&nbsp;<strong><a href=\"https:\/\/grandepremio.com\/motovelocidade\/\" target=\"_blank\" rel=\"noreferrer noopener\"><\/a><a href=\"https:\/\/grandepremio.com\/motovelocidade\/\" target=\"_blank\" rel=\"noreferrer noopener\" class=\"ek-link\">Moto3<\/a>&nbsp;<\/strong>volta a acelerar ainda nesta sexta-feira (28), a partir de 2h50 (de Bras\u00edlia), com a classifica\u00e7\u00e3o para o GP da&nbsp;<strong>Tail\u00e2ndia<\/strong>, no circuito de&nbsp;<strong><a href=\"https:\/\/www.grandepremio.com\/br\/circuito\/chang\/\" target=\"_blank\" rel=\"noreferrer noopener\">Buriram<\/a><\/strong>. O&nbsp;<strong>GRANDE PR\u00caMIO&nbsp;<\/strong>faz a cobertura completa do evento, assim como das outras classes do&nbsp;<strong>Mundial de Motovelocidade<\/strong>.<\/p>\n\n\n\n<h2 class=\"wp-block-heading\" id=\"h-confira-como-foi-o-primeiro-dia-de-treinos-da-moto3-na-tailandia\"><strong>Confira como foi o primeiro dia de treinos da Moto3 na Tail\u00e2ndia:<\/strong><\/h2>\n\n\n\n<p class=\"wp-block-paragraph\">O primeiro treino livre da Moto3 abriu a pista de Buriram e teve Jaume Masi\u00e0, l\u00edder do campeonato, na frente. Com o tempo de 1min42s318, o espanhol da Leopard Racing foi para a ponta apenas nos \u00faltimos instantes, superando o brasileiro Diogo Moreira por 0s243. Ryusei Yamanaka, David Alonso e Ayumu Sasaki fecharam o top-5. Deniz \u00d6nc\u00fc foi sexto e Daniel Holgado ficou em d\u00e9cimo.<\/p>\n\n\n\n<p class=\"wp-block-paragraph\">A segunda sess\u00e3o em Buriram come\u00e7ou com tempo nublado e nuvens carregadas, mas temperatura de 33\u00baC no ar e 47\u00baC na pista, al\u00e9m de 58% de umidade relativa. Assim que a luz verde apareceu, o pelot\u00e3o saiu em disparada para acelerar.<\/p>\n\n\n\n<figure class=\"wp-block-video\"><video class=\"video-js vjs-big-play-centered\" data-gp-vjs=\"1\" controls src=\"https:\/\/www.grandepremio.com\/br\/wp-content\/uploads\/2023\/10\/Moto3-TL2-Tailandia-start.mp4\"><\/video><figcaption class=\"wp-element-caption\">O in\u00edcio do TL2 em Buriram (V\u00eddeo: MotoGP)<\/figcaption><\/figure>\n\n\n\n<p class=\"wp-block-paragraph\">Nas primeiras voltas, poucos pilotos conseguiam melhorar suas respectivas marcas em Buriram, especialmente pelo forte calor durante a sess\u00e3o, com apenas Xavi Artigas, Kaito Toba e Krittapat Keankum, todos nas \u00faltimas posi\u00e7\u00f5es, evoluindo em doses pequenas.<\/p>\n\n\n\n<p class=\"wp-block-paragraph\">Com 10 minutos, David Mu\u00f1oz perdeu o controle na curva 3, escorregou para fora da pista e foi a primeira v\u00edtima do dia na categoria. No momento da queda, o espanhol aparecia em primeiro no TL2, mas em nono no combinado de tempos do dia.<\/p>\n\n\n\n<p class=\"wp-block-paragraph\">Masi\u00e0 vinha em volta r\u00e1pida, mas errou sozinho na \u00faltima curva e escapou da pista. Mesmo assim, retornou e seguiu na sess\u00e3o.<\/p>\n\n\n\n<p class=\"wp-block-paragraph\">No meio da sess\u00e3o, boa parte do pelot\u00e3o retornou para os boxes em busca de novos acertos nas motos. \u00d6nc\u00fc e Rueda seguiram na pista, mas pouco evolu\u00edram na tabela, com tempos mais altos do que os obtidos anteriormente.<\/p>\n\n\n\n<figure class=\"wp-block-embed is-type-rich is-provider-twitter wp-block-embed-twitter\"><div class=\"wp-block-embed__wrapper\">\n<blockquote class=\"twitter-tweet\" data-width=\"500\" data-dnt=\"true\"><p lang=\"en\" dir=\"ltr\">The first rider in the top 20 to improve their lap time this afternoon! \ud83d\udc4f<a href=\"https:\/\/x.com\/joelkelso66?ref_src=twsrc%5Etfw\">@joelkelso66<\/a> is fastest in this standalone session by half a second \ud83d\ude80<a href=\"https:\/\/x.com\/hashtag\/ThaiGP?src=hash&amp;ref_src=twsrc%5Etfw\">#ThaiGP<\/a> \ud83c\uddf9\ud83c\udded <a href=\"https:\/\/t.co\/wjEW5DD3yv\">pic.twitter.com\/wjEW5DD3yv<\/a><\/p>&mdash; MotoGP\u2122\ud83c\udfc1 (@MotoGP) <a href=\"https:\/\/x.com\/MotoGP\/status\/1717793203561091259?ref_src=twsrc%5Etfw\">October 27, 2023<\/a><\/blockquote><script async src=\"https:\/\/platform.x.com\/widgets.js\" charset=\"utf-8\"><\/script>\n<\/div><\/figure>\n\n\n\n<p class=\"wp-block-paragraph\">Joel Kelso foi na contram\u00e3o da maior parte do grid e fez grande volta a 12 minutos para o fim. O austaliano cravou 1min42s946 e saltou para o quinto lugar na tabela combinada de tempos.<\/p>\n\n\n\n<p class=\"wp-block-paragraph\">Com poucos pilotos melhorando por conta do forte calor, a sess\u00e3o virou um grande teste dos pneus e de escassas emo\u00e7\u00f5es. Apesar disso, Collin Veijer fez 1min43s202 e saltou para o d\u00e9cimo lugar.<\/p>\n\n\n\n<p class=\"wp-block-paragraph\">Nos \u00faltimos 10 minutos de TL2, todo o grid saiu dos boxes em busca de novas tentativas, deixando a pista congestionada.<\/p>\n\n\n\n<p class=\"wp-block-paragraph\">Veijer seguiu evoluindo e pulou para a quarta coloca\u00e7\u00e3o, com 1min42s871, ainda a 0s553 de Masi\u00e0. Ao mesmo tempo, a volta r\u00e1pida de Mu\u00f1oz foi cancelada por exceder o limite de pista.<\/p>\n\n\n\n<p class=\"wp-block-paragraph\">Os tempos come\u00e7aram a cair no final. Alonso pulou para segundo, Adri\u00e1n Fern\u00e1ndez foi para d\u00e9cimo e Matteo Bertelle melhorou para 13\u00ba, todos em sequ\u00eancia. Enquanto isso, Holgado ca\u00eda para 15\u00ba e errava na volta r\u00e1pida.<\/p>\n\n\n\n<figure class=\"wp-block-video\"><video class=\"video-js vjs-big-play-centered\" data-gp-vjs=\"1\" controls src=\"https:\/\/www.grandepremio.com\/br\/wp-content\/uploads\/2023\/10\/MOTO3-TL2-TAILANDIA-FINAL.mp4\"><\/video><figcaption class=\"wp-element-caption\">Final do dia foi ca\u00f3tico e movimentado em Buriram (V\u00eddeo: MotoGP)<\/figcaption><\/figure>\n\n\n\n<p class=\"wp-block-paragraph\">Nos \u00faltimos minutos, um trem de pilotos se formou na pista de Buriram em busca das \u00faltimas tentativas, por conta do temor de chuva neste s\u00e1bado. O que se viu, por\u00e9m, foi um final ca\u00f3tico, cheio de pilotos quase se tocando.<\/p>\n\n\n\n<p class=\"wp-block-paragraph\">Holgado achou grande volta foi para oitavo, Mu\u00f1oz se recuperou dos problemas da sess\u00e3o e foi para 14\u00ba, se garantindo, at\u00e9 o momento, no Q2 no limite. Mesmo assim, ningu\u00e9m foi p\u00e1reo para Masi\u00e0 no primeiro dia.<\/p>\n\n\n\n<figure class=\"wp-block-table\"><table><tbody><tr><td>1<\/td><td>J MASI\u00c0<\/td><td>Leopard Honda<\/td><td>1:42.318<\/td><td>&nbsp;<\/td><\/tr><tr><td>2<\/td><td>D ALONSO<\/td><td>Aspar GasGas<\/td><td>1:42.430<\/td><td>+0.112<\/td><\/tr><tr><td>3<\/td><td>D MOREIRA<\/td><td>MSI KTM<\/td><td>1:42.555<\/td><td>+0.237<\/td><\/tr><tr><td>4<\/td><td>C VEIJER<\/td><td>IntactGP Husqvarna<\/td><td>1:42.628<\/td><td>+0.310<\/td><\/tr><tr><td>5<\/td><td>R YAMANAKA<\/td><td>Aspar GasGas<\/td><td>1:42.745<\/td><td>+0.427<\/td><\/tr><tr><td>6<\/td><td>D \u00d6NC\u00dc<\/td><td>Red Bull KTM Ajo<\/td><td>1:42.873<\/td><td>+0.555<\/td><\/tr><tr><td>7<\/td><td>J KELSO<\/td><td>Pr\u00fcstelGP CFMoto<\/td><td>1:42.891<\/td><td>+0.573<\/td><\/tr><tr><td>8<\/td><td>D HOLGADO<\/td><td>Red Bull KTM Tech3<\/td><td>1:42.920<\/td><td>+0.602<\/td><\/tr><tr><td>9<\/td><td>R ROSSI<\/td><td>Sic58 Honda<\/td><td>1:43.029<\/td><td>+0.711<\/td><\/tr><tr><td>10<\/td><td>A SASAKI<\/td><td>IntactGP Husqvarna<\/td><td>1:43.060<\/td><td>+0.742<\/td><\/tr><tr><td>11<\/td><td>S AZMAN<\/td><td>MSI KTM<\/td><td>1:43.106<\/td><td>+0.788<\/td><\/tr><tr><td>12<\/td><td>J RUEDA<\/td><td>Red Bull KTM Ajo<\/td><td>1:43.113<\/td><td>+0.795<\/td><\/tr><tr><td>13<\/td><td>A FERN\u00c1NDEZ<\/td><td>Leopard Honda<\/td><td>1:43.146<\/td><td>+0.828<\/td><\/tr><tr><td>14<\/td><td>D MU\u00d1OZ<\/td><td>BOE KTM<\/td><td>1:43.167<\/td><td>+0.849<\/td><\/tr><tr><td>15<\/td><td>M BERTELLE<\/td><td>Snipers Honda<\/td><td>1:43.270<\/td><td>+0.952<\/td><\/tr><tr><td>16<\/td><td>T FURUSATO<\/td><td>Team Asia Honda<\/td><td>1:43.288<\/td><td>+0.970<\/td><\/tr><tr><td>17<\/td><td>S OGDEN<\/td><td>VisionTrack Honda<\/td><td>1:43.327<\/td><td>+1.009<\/td><\/tr><tr><td>18<\/td><td>K TOBA<\/td><td>Sic58 Honda<\/td><td>1:43.540<\/td><td>+1.222<\/td><\/tr><tr><td>19<\/td><td>X ARTIGAS<\/td><td>Pr\u00fcstelGP CFMoto<\/td><td>1:43.555<\/td><td>+1.237<\/td><\/tr><tr><td>20<\/td><td>N CARRARO<\/td><td>Snipers Honda<\/td><td>1:43.571<\/td><td>+1.253<\/td><\/tr><tr><td>21<\/td><td>I ORTOL\u00c1<\/td><td>MTA KTM<\/td><td>1:43.619<\/td><td>+1.301<\/td><\/tr><tr><td>22<\/td><td>T BUASRI<\/td><td>Team Asia Honda<\/td><td>1:43.662<\/td><td>+1.344<\/td><\/tr><tr><td>23<\/td><td>S NEPA<\/td><td>MTA KTM<\/td><td>1:43.716<\/td><td>+1.398<\/td><\/tr><tr><td>24<\/td><td>V P\u00c9REZ<\/td><td>BOE KTM<\/td><td>1:43.785<\/td><td>+1.467<\/td><\/tr><tr><td>25<\/td><td>J WHATLEY<\/td><td>VisionTrack Honda<\/td><td>1:44.066<\/td><td>+1.748<\/td><\/tr><tr><td>26<\/td><td>M AJI<\/td><td>Team Asia Honda<\/td><td>1:44.145<\/td><td>+1.827<\/td><\/tr><tr><td>27<\/td><td>F FARIOLI<\/td><td>Red Bull KTM Tech3<\/td><td>1:44.273<\/td><td>+1.955<\/td><\/tr><tr><td>28<\/td><td>D SALVADOR<\/td><td>CIP KTM<\/td><td>1:44.295<\/td><td>+1.977<\/td><\/tr><tr><td>29<\/td><td>L FELLON<\/td><td>CIP KTM<\/td><td>1:44.717<\/td><td>+2.399<\/td><\/tr><tr><td>30<\/td><td>K KEANKUM<\/td><td>Yamaha Thailand Racing<\/td><td>1:45.241<\/td><td>+2.923<\/td><\/tr><\/tbody><\/table><\/figure>\n","protected":false},"excerpt":{"rendered":"<p>Jaume Masi\u00e0 precisou apenas do primeiro treino na Tail\u00e2ndia para comandar o dia inicial de treinos da Moto3, seguido por David Alonso e pelo brasileiro Diogo Moreira<\/p>\n","protected":false},"author":0,"featured_media":1000727872,"comment_status":"closed","ping_status":"closed","sticky":false,"template":"","format":"standard","meta":{"42wp_featured_image_caption":"","42wp_featured_image_credits":"","42wp_featured_video":"","42wp_featured_image_hidden":false,"42wp_authors_list":[],"footnotes":""},"categories":[8],"tags":[846,5214,26718,7855,28285,2273,79,1809,32905,78,27538,33202,33200,33201,25819,29345,28766,33203,26690,24949],"42wp_author":[47128,47135,47109],"class_list":["post-97108","post","type-post","status-publish","format-standard","has-post-thumbnail","hentry","category-motogp","tag-buriram","tag-classificacao-motogp","tag-diogo-moreira","tag-gp-da-tailandia","tag-grandepremio","tag-jaume-masia","tag-moto-gp","tag-moto3","tag-moto3-2023","tag-motogp","tag-motogp-2023","tag-motogp-2023-calendario","tag-motogp-calendario-2023","tag-motogp-classificacao-2023","tag-motogp-hoje","tag-motogp-horario","tag-motogp-standings","tag-onde-assistir-motogp-2023","tag-pilotos-motogp","tag-tailandia","42wp_author-guilherme-bloisi","42wp_author-pedro-luis-cuenca","42wp_author-redacao-gp"],"_links":{"self":[{"href":"https:\/\/grandepremio.com\/br\/wp-json\/wp\/v2\/posts\/97108","targetHints":{"allow":["GET"]}}],"collection":[{"href":"https:\/\/grandepremio.com\/br\/wp-json\/wp\/v2\/posts"}],"about":[{"href":"https:\/\/grandepremio.com\/br\/wp-json\/wp\/v2\/types\/post"}],"replies":[{"embeddable":true,"href":"https:\/\/grandepremio.com\/br\/wp-json\/wp\/v2\/comments?post=97108"}],"version-history":[{"count":0,"href":"https:\/\/grandepremio.com\/br\/wp-json\/wp\/v2\/posts\/97108\/revisions"}],"wp:featuredmedia":[{"embeddable":true,"href":"https:\/\/grandepremio.com\/br\/wp-json\/wp\/v2\/media\/1000727872"}],"wp:attachment":[{"href":"https:\/\/grandepremio.com\/br\/wp-json\/wp\/v2\/media?parent=97108"}],"wp:term":[{"taxonomy":"category","embeddable":true,"href":"https:\/\/grandepremio.com\/br\/wp-json\/wp\/v2\/categories?post=97108"},{"taxonomy":"post_tag","embeddable":true,"href":"https:\/\/grandepremio.com\/br\/wp-json\/wp\/v2\/tags?post=97108"},{"taxonomy":"42wp_author","embeddable":true,"href":"https:\/\/grandepremio.com\/br\/wp-json\/wp\/v2\/42wp_author?post=97108"}],"curies":[{"name":"wp","href":"https:\/\/api.w.org\/{rel}","templated":true}]}}