{"id":97141,"date":"2023-10-26T16:24:45","date_gmt":"2023-10-26T19:24:45","guid":{"rendered":"https:\/\/grandepremio.com\/br\/noticias\/juncos-surpreende-anuncia-saida-callum-ilott-comum-acordo-indy\/"},"modified":"2023-10-26T17:18:51","modified_gmt":"2023-10-26T20:18:51","slug":"juncos-surpreende-anuncia-saida-callum-ilott-comum-acordo-indy","status":"publish","type":"post","link":"https:\/\/grandepremio.com\/br\/indy\/juncos-surpreende-anuncia-saida-callum-ilott-comum-acordo-indy\/","title":{"rendered":"Juncos surpreende e anuncia sa\u00edda de Ilott em comum acordo na Indy"},"content":{"rendered":"\n<p class=\"wp-block-paragraph\">A <strong>Juncos Hollinger Racing<\/strong> surpreendeu e anunciou a ruptura com<strong> Callum Ilott. <\/strong>Em nota oficial publicada nesta quinta-feira (26), a equipe afirmou que a decis\u00e3o foi em comum acordo pelas duas partes, e que o futuro do carro #77 na <strong>Indy<\/strong> ainda \u00e9 indefinido.<\/p>\n\n\n\n<p class=\"wp-block-paragraph\">Vice-campe\u00e3o da F\u00f3rmula 2 em 2020 e com participa\u00e7\u00f5es em treinos livres da F1 por Haas e Alfa Romeo, Ilott chegou na Juncos no fim da temporada de 2021, disputando os GPs de Portland, Laguna Seca e Long Beach. Fez o primeiro campeonato completo em 2022, com dois top-10 e fechando na 20\u00aa coloca\u00e7\u00e3o na tabela.<\/p>\n\n\n\n<p class=\"wp-block-paragraph\">De contrato renovado, teve um salto de desempenho em 2023, registrando duas idas ao top-5. A primeira delas foi no GP de St. Pete, no in\u00edcio da temporada, e a segunda justamente no GP de Laguna Seca, a \u00faltima corrida pela equipe.<\/p>\n\n\n\n<p class=\"wp-block-paragraph\"><strong>\u25b6\ufe0f&nbsp;Inscreva-se nos dois canais do GRANDE PR\u00caMIO no YouTube:&nbsp;<a href=\"https:\/\/www.youtube.com\/channel\/UC9OlHEgxoaY6QY6nWPoiqQg?sub_confirmation=1\" target=\"_blank\" rel=\"noreferrer noopener\">GP<\/a>&nbsp;|&nbsp;<a href=\"https:\/\/www.youtube.com\/channel\/UC9csiS6q_C3C0FYhyr1rnFA?sub_confirmation=1\" target=\"_blank\" rel=\"noreferrer noopener\">GP2<\/a><\/strong><br><strong>\u25b6\ufe0f&nbsp;<a href=\"https:\/\/www.twitch.tv\/grandepremio\" target=\"_blank\" rel=\"noreferrer noopener\">Conhe\u00e7a o canal do GRANDE PR\u00caMIO na Twitch clicando aqui!<\/a><\/strong><\/p>\n\n\n\n<figure class=\"wp-block-image size-large\"><img decoding=\"async\" src=\"https:\/\/www.grandepremio.com\/br\/wp-content\/uploads\/2023\/09\/Callum-Ilott-BITNILE_COM-Grand-Prix-of-Portland-By_-Karl-Zemlin_Ref-Image-Without-Watermark_m92459-1024x683.jpg\" alt=\"\" class=\"wp-image-725839\"\/><figcaption class=\"wp-element-caption\">Callum Ilott (Foto: IndyCar)<\/figcaption><\/figure>\n\n\n\n<p class=\"wp-block-paragraph\">&#8220;Meu tempo na Juncos chegou ao fim. Gostaria de agradecer a todos os individuos pelo trabalho duro, esfor\u00e7o e apoio que tive desde que cheguei ao time para as corridas finais de 2021. Aprecio a oportunidade que tive de entrar no mundo da Indy e ser parte de algo desde o in\u00edcio. Desejo a eles o melhor para o futuro. Sobre meus passos, estou focado em 2024 e para a jornada que segue&#8221;, afirmou Callum.<\/p>\n\n\n\n<p class=\"wp-block-paragraph\">Para 2024, o \u00fanico carro confirmado da Juncos at\u00e9 aqui \u00e9 o #78,<a href=\"https:\/\/www.grandepremio.com\/br\/indy\/noticias\/juncos-anuncia-permanencia-agustin-canapino-indy-2024\/\" class=\"ek-link\"> com a manuten\u00e7\u00e3o do argentino <\/a><strong>Agust\u00edn Canapino<\/strong>., que foi novato durante a temporada 2023.<\/p>\n\n\n\n<p class=\"wp-block-paragraph\">A temporada 2024 da&nbsp;<a href=\"https:\/\/www.grandepremio.com\/formula-indy\/\" target=\"_blank\" rel=\"noreferrer noopener\">Indy<\/a>&nbsp;tem in\u00edcio com o&nbsp;<strong>GP de&nbsp;<a href=\"https:\/\/www.grandepremio.com\/br\/circuito\/st-pete\/\" target=\"_blank\" rel=\"noreferrer noopener\">St. Pete<\/a><\/strong>, na Fl\u00f3rida, no dia 10 de mar\u00e7o. As 500 Milhas de Indian\u00e1polis est\u00e3o agendadas para acontecer no dia 26 de maio.<\/p>\n","protected":false},"excerpt":{"rendered":"<p>Juncos surpreendeu e anunciou a sa\u00edda de Callum Ilott como titular do carro #77 da Indy. Piloto registrou dois top-5 na temporada 2023. Futuro do carro \u00e9 indefinido<\/p>\n","protected":false},"author":0,"featured_media":1000687647,"comment_status":"closed","ping_status":"closed","sticky":false,"template":"","format":"standard","meta":{"42wp_featured_image_caption":"","42wp_featured_image_credits":"","42wp_featured_video":"","42wp_featured_image_hidden":false,"42wp_authors_list":[],"footnotes":""},"categories":[3],"tags":[1848,619,33161,1491,28285,93,31011,94,4157],"42wp_author":[47119],"class_list":["post-97141","post","type-post","status-publish","format-standard","has-post-thumbnail","hentry","category-indy","tag-callum-ilott","tag-formula-indy","tag-formula-indy-2024","tag-grande-premio","tag-grandepremio","tag-indy","tag-indy-2024","tag-indycar","tag-juncos","42wp_author-gabriel-carvalho"],"_links":{"self":[{"href":"https:\/\/grandepremio.com\/br\/wp-json\/wp\/v2\/posts\/97141","targetHints":{"allow":["GET"]}}],"collection":[{"href":"https:\/\/grandepremio.com\/br\/wp-json\/wp\/v2\/posts"}],"about":[{"href":"https:\/\/grandepremio.com\/br\/wp-json\/wp\/v2\/types\/post"}],"replies":[{"embeddable":true,"href":"https:\/\/grandepremio.com\/br\/wp-json\/wp\/v2\/comments?post=97141"}],"version-history":[{"count":0,"href":"https:\/\/grandepremio.com\/br\/wp-json\/wp\/v2\/posts\/97141\/revisions"}],"wp:featuredmedia":[{"embeddable":true,"href":"https:\/\/grandepremio.com\/br\/wp-json\/wp\/v2\/media\/1000687647"}],"wp:attachment":[{"href":"https:\/\/grandepremio.com\/br\/wp-json\/wp\/v2\/media?parent=97141"}],"wp:term":[{"taxonomy":"category","embeddable":true,"href":"https:\/\/grandepremio.com\/br\/wp-json\/wp\/v2\/categories?post=97141"},{"taxonomy":"post_tag","embeddable":true,"href":"https:\/\/grandepremio.com\/br\/wp-json\/wp\/v2\/tags?post=97141"},{"taxonomy":"42wp_author","embeddable":true,"href":"https:\/\/grandepremio.com\/br\/wp-json\/wp\/v2\/42wp_author?post=97141"}],"curies":[{"name":"wp","href":"https:\/\/api.w.org\/{rel}","templated":true}]}}