{"id":97221,"date":"2023-10-26T03:58:26","date_gmt":"2023-10-26T06:58:26","guid":{"rendered":"https:\/\/grandepremio.com\/br\/noticias\/diogo-moreira-liberado-medicos-correr-gp-tailandia-apos-grave-acidente\/"},"modified":"2023-10-26T03:59:31","modified_gmt":"2023-10-26T06:59:31","slug":"diogo-moreira-liberado-medicos-correr-gp-tailandia-apos-grave-acidente","status":"publish","type":"post","link":"https:\/\/grandepremio.com\/br\/motogp\/diogo-moreira-liberado-medicos-correr-gp-tailandia-apos-grave-acidente\/","title":{"rendered":"Moreira \u00e9 liberado por m\u00e9dicos para correr GP da Tail\u00e2ndia uma semana ap\u00f3s grave acidente"},"content":{"rendered":"\n<p class=\"wp-block-paragraph\"><strong>Diogo Moreira<\/strong> foi liberado pelos m\u00e9dicos e vai disputar a prova da <strong>Moto3 <\/strong>na <strong>Tail\u00e2ndia <\/strong>neste final de semana, em <strong>Buriram<\/strong>. A informa\u00e7\u00e3o foi confirmada menos de uma semana depois da forte queda que sofreu antes da largada do GP da Austr\u00e1lia.<\/p>\n\n\n\n<p class=\"wp-block-paragraph\">A caminho do grid em Phillip Island, no \u00faltimo domingo (22), Moreira perdeu o controle da moto nas duras condi\u00e7\u00f5es clim\u00e1ticas da Austr\u00e1lia, que deixou a pista molhada e causou fortes ventos na regi\u00e3o do circuito. O brasileiro chegou a largar, mas abandonou e depois foi a um hospital.<\/p>\n\n\n\n<p class=\"wp-block-paragraph\">Horas depois, em comunicado, a equipe <strong>MSi <\/strong>revelou que Diogo <a href=\"https:\/\/www.grandepremio.com\/br\/motogp\/noticias\/diogo-moreira-perdeu-consciencia-queda-corrida-moto3-australia\/\" class=\"ek-link\">perdeu a consci\u00eancia na queda<\/a>. &#8220;Durante a volta do warm-up, eu ca\u00ed e bati minha cabe\u00e7a, o que me fez perder a consci\u00eancia, e tenho de agradecer a todos pela ajuda e pela preocupa\u00e7\u00e3o&#8221;, declarou o piloto.<\/p>\n\n\n\n<p class=\"wp-block-paragraph\">Procurado pelo\u00a0<strong>GRANDE PR\u00caMIO<\/strong>, o time afirmou que foi feita uma tomografia na cabe\u00e7a de Moreira, que nenhuma les\u00e3o foi encontrada e que n\u00e3o sabia que Diogo havia perdido a consci\u00eancia at\u00e9 abandonar a corrida e contar que se sentia tonto.<\/p>\n\n\n\n<figure class=\"wp-block-image size-full\"><img decoding=\"async\" src=\"https:\/\/www.grandepremio.com\/br\/wp-content\/uploads\/2023\/10\/Diogo-Moreira.jpg\" alt=\"\" class=\"wp-image-743967\"\/><figcaption class=\"wp-element-caption\">Diogo Moreira cai, bate a cabe\u00e7a e perde a consci\u00eancia durante corrida da Moto3 na Austr\u00e1lia (Foto: Reprodu\u00e7\u00e3o)<\/figcaption><\/figure>\n\n\n\n<p class=\"wp-block-paragraph\"><strong>\u25b6\ufe0f\u00a0Inscreva-se nos dois canais do GRANDE PR\u00caMIO no YouTube:\u00a0<a href=\"https:\/\/www.youtube.com\/channel\/UC9OlHEgxoaY6QY6nWPoiqQg?sub_confirmation=1\" target=\"_blank\" rel=\"noreferrer noopener\">GP<\/a>\u00a0|\u00a0<a href=\"https:\/\/www.youtube.com\/channel\/UC9csiS6q_C3C0FYhyr1rnFA?sub_confirmation=1\" target=\"_blank\" rel=\"noreferrer noopener\">GP2<\/a><\/strong><br><strong>\u25b6\ufe0f\u00a0<a href=\"https:\/\/www.twitch.tv\/grandepremio\" target=\"_blank\" rel=\"noreferrer noopener\">Conhe\u00e7a o canal do GRANDE PR\u00caMIO na Twitch clicando aqui!<\/a><\/strong><\/p>\n\n\n\n<p class=\"wp-block-paragraph\"><a href=\"https:\/\/www.grandepremio.com\/br\/grandepremium\/conteudo-especial\/motogp\/materias\/olha-a-cabeca\/\" class=\"ek-link\">A informa\u00e7\u00e3o causou pol\u00eamica por um piloto largar em uma corrida do Mundial de Motovelocidade apenas 15 minutos ap\u00f3s ir a nocaute<\/a>. Nesta quinta-feira (26), por\u00e9m, o piloto passou por avali\u00e7\u00e3o m\u00e9dica e foi liberado para correr em Buriram. A MSi n\u00e3o deu mais detalhes sobre a atual condi\u00e7\u00e3o f\u00edsica de Moreira.<\/p>\n\n\n\n<p class=\"wp-block-paragraph\">A\u00a0<strong><a href=\"https:\/\/grandepremio.com\/motovelocidade\/\" target=\"_blank\" rel=\"noreferrer noopener\"><\/a><a href=\"https:\/\/grandepremio.com\/motovelocidade\/\" target=\"_blank\" rel=\"noreferrer noopener\">MotoGP<\/a>\u00a0<\/strong>volta \u00e0s pistas na pr\u00f3xima semana, entre os dias 27 e 29 de novembro, para o GP da\u00a0<strong>Tail\u00e2ndia<\/strong>, no circuito de\u00a0<strong><a href=\"https:\/\/www.grandepremio.com\/br\/circuito\/chang\/\" target=\"_blank\" rel=\"noreferrer noopener\">Chang<\/a><\/strong>. O\u00a0<strong>GRANDE PR\u00caMIO\u00a0<\/strong>faz a cobertura completa do evento, assim como das outras classes do\u00a0<strong>Mundial de Motovelocidade<\/strong>.<\/p>\n\n\n\n<figure class=\"wp-block-embed is-type-video is-provider-youtube wp-block-embed-youtube wp-embed-aspect-16-9 wp-has-aspect-ratio\"><div class=\"wp-block-embed__wrapper\">\n<iframe loading=\"lazy\" title=\"Mart\u00edn PECA em momento CHAVE e abre BRECHA para Bagnaia ESCAPAR na MotoGP | GP \u00e0s 10\" width=\"500\" height=\"281\" src=\"https:\/\/www.youtube.com\/embed\/76imNcErU5M?feature=oembed\" frameborder=\"0\" allow=\"accelerometer; autoplay; clipboard-write; encrypted-media; gyroscope; picture-in-picture; web-share\" referrerpolicy=\"strict-origin-when-cross-origin\" allowfullscreen><\/iframe>\n<\/div><\/figure>\n","protected":false},"excerpt":{"rendered":"<p>Mesmo depois de ter perdido a consci\u00eancia em queda na \u00faltima etapa, Diogo Moreira passou por avalia\u00e7\u00e3o m\u00e9dica na Tail\u00e2ndia e estar\u00e1 no grid da Moto3 neste final de semana<\/p>\n","protected":false},"author":0,"featured_media":1000745445,"comment_status":"closed","ping_status":"closed","sticky":false,"template":"","format":"standard","meta":{"42wp_featured_image_caption":"","42wp_featured_image_credits":"","42wp_featured_video":"","42wp_featured_image_hidden":false,"42wp_authors_list":[],"footnotes":""},"categories":[8],"tags":[846,5214,26718,7855,28285,79,1809,32905,78,27538,33202,33200,33201,25819,29345,28766,33203,26690,24949],"42wp_author":[47135],"class_list":["post-97221","post","type-post","status-publish","format-standard","has-post-thumbnail","hentry","category-motogp","tag-buriram","tag-classificacao-motogp","tag-diogo-moreira","tag-gp-da-tailandia","tag-grandepremio","tag-moto-gp","tag-moto3","tag-moto3-2023","tag-motogp","tag-motogp-2023","tag-motogp-2023-calendario","tag-motogp-calendario-2023","tag-motogp-classificacao-2023","tag-motogp-hoje","tag-motogp-horario","tag-motogp-standings","tag-onde-assistir-motogp-2023","tag-pilotos-motogp","tag-tailandia","42wp_author-pedro-luis-cuenca"],"_links":{"self":[{"href":"https:\/\/grandepremio.com\/br\/wp-json\/wp\/v2\/posts\/97221","targetHints":{"allow":["GET"]}}],"collection":[{"href":"https:\/\/grandepremio.com\/br\/wp-json\/wp\/v2\/posts"}],"about":[{"href":"https:\/\/grandepremio.com\/br\/wp-json\/wp\/v2\/types\/post"}],"replies":[{"embeddable":true,"href":"https:\/\/grandepremio.com\/br\/wp-json\/wp\/v2\/comments?post=97221"}],"version-history":[{"count":0,"href":"https:\/\/grandepremio.com\/br\/wp-json\/wp\/v2\/posts\/97221\/revisions"}],"wp:featuredmedia":[{"embeddable":true,"href":"https:\/\/grandepremio.com\/br\/wp-json\/wp\/v2\/media\/1000745445"}],"wp:attachment":[{"href":"https:\/\/grandepremio.com\/br\/wp-json\/wp\/v2\/media?parent=97221"}],"wp:term":[{"taxonomy":"category","embeddable":true,"href":"https:\/\/grandepremio.com\/br\/wp-json\/wp\/v2\/categories?post=97221"},{"taxonomy":"post_tag","embeddable":true,"href":"https:\/\/grandepremio.com\/br\/wp-json\/wp\/v2\/tags?post=97221"},{"taxonomy":"42wp_author","embeddable":true,"href":"https:\/\/grandepremio.com\/br\/wp-json\/wp\/v2\/42wp_author?post=97221"}],"curies":[{"name":"wp","href":"https:\/\/api.w.org\/{rel}","templated":true}]}}