{"id":97356,"date":"2023-10-24T16:25:27","date_gmt":"2023-10-24T19:25:27","guid":{"rendered":"https:\/\/grandepremio.com\/br\/noticias\/formula-e-adia-2o-dia-pre-temporada-valencia-quinta-feira-incendio\/"},"modified":"2023-10-24T16:41:24","modified_gmt":"2023-10-24T19:41:24","slug":"formula-e-adia-2o-dia-pre-temporada-valencia-quinta-feira-incendio","status":"publish","type":"post","link":"https:\/\/grandepremio.com\/br\/formula-e\/formula-e-adia-2o-dia-pre-temporada-valencia-quinta-feira-incendio\/","title":{"rendered":"F\u00f3rmula E adia 2\u00ba dia de pr\u00e9-temporada em Val\u00eancia para quinta-feira ap\u00f3s inc\u00eandio"},"content":{"rendered":"\n<p class=\"wp-block-paragraph\">Depois de <a aria-label=\" (opens in a new tab)\" href=\"https:\/\/www.grandepremio.com\/br\/formula-e\/noticias\/mitch-evans-lidera-dia-marcado-fogo-testes-pre-temporada-formula-e-valencia\/\" target=\"_blank\" rel=\"noreferrer noopener\" class=\"ek-link\">sofrer com um inc\u00eandio na garagem<\/a> da <strong>Williams Advanced Engineering <\/strong>\u2014 que fabrica as baterias \u2014, a <strong>F\u00f3rmula E<\/strong> decidiu adiar o segundo dia de pr\u00e9-temporada, que est\u00e1 sendo realizada em Val\u00eancia, para quinta-feira (26). A categoria, no entanto, destacou que ainda trar\u00e1 uma confirma\u00e7\u00e3o oficial sobre a data da retomada.<\/p>\n\n\n\n<p class=\"wp-block-paragraph\">O fogo teria sido motivado pela igni\u00e7\u00e3o da bateria do carro de <strong>Robert Shwartzman<\/strong>, que chegou a parar na pista com a <strong>DS<\/strong> <strong>Penske <\/strong>e precisou ser removido. Nesses casos, a pe\u00e7a \u00e9 retirada do carro e levada para checagens na garagem da fabricante, onde o fogo se originou.<\/p>\n\n\n\n<p class=\"wp-block-paragraph\">Um membro da Williams, inclusive, foi levado ao hospital para checagens posteriores, mas n\u00e3o foram registrados ferimentos graves. O fogo foi rapidamente controlado, mas n\u00e3o impediu que a F\u00f3rmula E precisasse encerrar o primeiro dia de testes. Agora, o per\u00edodo est\u00e1 adiado para recome\u00e7ar na quinta-feira.<\/p>\n\n\n\n<p class=\"wp-block-paragraph\">A programa\u00e7\u00e3o previa que a pr\u00e9-temporada se encerrasse na sexta-feira, o que ainda ser\u00e1 oficialmente alterado pela categoria. Ainda n\u00e3o se sabe, no entanto, quais mudan\u00e7as ser\u00e3o necess\u00e1rias.<\/p>\n\n\n\n<figure class=\"wp-block-image size-large\"><img decoding=\"async\" src=\"https:\/\/www.grandepremio.com\/br\/wp-content\/uploads\/2023\/10\/Maloney-1024x819.jpeg\" alt=\"\" class=\"wp-image-745053\"\/><figcaption class=\"wp-element-caption\">Zane Maloney foi um dos novatos na pista de Val\u00eancia nesta ter\u00e7a (Foto: LAT\/F\u00f3rmula E)<\/figcaption><\/figure>\n\n\n\n<h2 class=\"wp-block-heading\" id=\"h-entenda-a-situacao\">Entenda a situa\u00e7\u00e3o:<\/h2>\n\n\n\n<p class=\"wp-block-paragraph\">Ap\u00f3s o turno da manh\u00e3 do primeiro dia de testes, que contou com <strong>Mitch Evans <\/strong>na frente com a <strong>Jaguar<\/strong>, pilotos e equipes trabalhavam em carros e almo\u00e7avam enquanto se preparavam para a parte da tarde.<\/p>\n\n\n\n<p class=\"wp-block-paragraph\">Cerca de uma hora antes do retorno \u00e0 pista, por\u00e9m, o inc\u00eandio come\u00e7ou e ganhou intensidade. Nos v\u00eddeos divulgados do local, d\u00e1 para ver <strong>Norman Nato<\/strong>, que \u00e9 piloto da <strong>Andretti<\/strong>, saindo da pista com o bra\u00e7o no rosto, indicando forte cheiro de fuma\u00e7a.<\/p>\n\n\n\n<p class=\"wp-block-paragraph\">Na tabela de tempos, <strong>Mitch Evans <\/strong>liderou a atividade com <strong>1min24s474<\/strong>, seguido por <strong>Ant\u00f3nio F\u00e9lix da Costa<\/strong>, <strong>S\u00e9bastien Buemi<\/strong>, <strong>Edoardo<\/strong> <strong>Mortara<\/strong>, <strong>Pascal Wehrlein<\/strong>, <strong>Maximilian<\/strong> <strong>G\u00fcnther<\/strong>, <strong>Taylor Barnard<\/strong>, <strong>Nico M\u00fcller<\/strong>, <strong>S\u00e9rgio Sette C\u00e2mara<\/strong>, e <strong>Nick Cassidy<\/strong>. Atual campe\u00e3o, <strong>Jake Dennis <\/strong>n\u00e3o foi \u00e0 pista.<\/p>\n\n\n\n<p class=\"wp-block-paragraph\"><strong>\u25b6\ufe0f&nbsp;Inscreva-se nos dois canais do GRANDE PR\u00caMIO no YouTube:&nbsp;<a href=\"https:\/\/www.youtube.com\/channel\/UC9OlHEgxoaY6QY6nWPoiqQg?sub_confirmation=1\" target=\"_blank\" rel=\"noreferrer noopener\">GP<\/a>&nbsp;|&nbsp;<a href=\"https:\/\/www.youtube.com\/channel\/UC9csiS6q_C3C0FYhyr1rnFA?sub_confirmation=1\" target=\"_blank\" rel=\"noreferrer noopener\">GP2<\/a><\/strong><\/p>\n\n\n\n<p class=\"wp-block-paragraph\"><strong>\u25b6\ufe0f&nbsp;<a href=\"https:\/\/www.twitch.tv\/grandepremio\" target=\"_blank\" rel=\"noreferrer noopener\">Conhe\u00e7a o canal do GRANDE PR\u00caMIO na Twitch clicando aqui!<\/a><\/strong><\/p>\n\n\n\n<figure class=\"wp-block-embed is-type-video is-provider-youtube wp-block-embed-youtube wp-embed-aspect-16-9 wp-has-aspect-ratio\"><div class=\"wp-block-embed__wrapper\">\n<iframe loading=\"lazy\" title=\"Muitas mudan\u00e7as e NOVATOS na pista: O QUE ESPERAR da pr\u00e9-temporada da F\u00d3RMULA E? | GP \u00e0s 10\" width=\"500\" height=\"281\" src=\"https:\/\/www.youtube.com\/embed\/n-AtkTYUOlo?feature=oembed\" frameborder=\"0\" allow=\"accelerometer; autoplay; clipboard-write; encrypted-media; gyroscope; picture-in-picture; web-share\" referrerpolicy=\"strict-origin-when-cross-origin\" allowfullscreen><\/iframe>\n<\/div><\/figure>\n","protected":false},"excerpt":{"rendered":"<p>A F\u00f3rmula E decidiu n\u00e3o retomar as atividades de pr\u00e9-temporada nesta quarta-feira e adiou a pr\u00f3xima sess\u00e3o para quinta depois do inc\u00eandio que causou a evacua\u00e7\u00e3o do circuito<\/p>\n","protected":false},"author":0,"featured_media":1000745048,"comment_status":"closed","ping_status":"closed","sticky":false,"template":"","format":"standard","meta":{"42wp_featured_image_caption":"","42wp_featured_image_credits":"","42wp_featured_video":"","42wp_featured_image_hidden":false,"42wp_authors_list":[],"footnotes":""},"categories":[19],"tags":[28679,6853,19052,31184,379,30779,1267,840,31435,1601,1491,30103,28285,26783],"42wp_author":[47142],"class_list":["post-97356","post","type-post","status-publish","format-standard","has-post-thumbnail","hentry","category-formula-e","tag-calendario-formula-e","tag-classificacao-formula-e","tag-ep-de-londres","tag-excel-arena","tag-fe","tag-fe-2023","tag-fogo","tag-formula-e","tag-formula-e-2023","tag-gen3","tag-grande-premio","tag-grande-premio-f1","tag-grandepremio","tag-incendio","42wp_author-jp-nascimento"],"_links":{"self":[{"href":"https:\/\/grandepremio.com\/br\/wp-json\/wp\/v2\/posts\/97356","targetHints":{"allow":["GET"]}}],"collection":[{"href":"https:\/\/grandepremio.com\/br\/wp-json\/wp\/v2\/posts"}],"about":[{"href":"https:\/\/grandepremio.com\/br\/wp-json\/wp\/v2\/types\/post"}],"replies":[{"embeddable":true,"href":"https:\/\/grandepremio.com\/br\/wp-json\/wp\/v2\/comments?post=97356"}],"version-history":[{"count":0,"href":"https:\/\/grandepremio.com\/br\/wp-json\/wp\/v2\/posts\/97356\/revisions"}],"wp:featuredmedia":[{"embeddable":true,"href":"https:\/\/grandepremio.com\/br\/wp-json\/wp\/v2\/media\/1000745048"}],"wp:attachment":[{"href":"https:\/\/grandepremio.com\/br\/wp-json\/wp\/v2\/media?parent=97356"}],"wp:term":[{"taxonomy":"category","embeddable":true,"href":"https:\/\/grandepremio.com\/br\/wp-json\/wp\/v2\/categories?post=97356"},{"taxonomy":"post_tag","embeddable":true,"href":"https:\/\/grandepremio.com\/br\/wp-json\/wp\/v2\/tags?post=97356"},{"taxonomy":"42wp_author","embeddable":true,"href":"https:\/\/grandepremio.com\/br\/wp-json\/wp\/v2\/42wp_author?post=97356"}],"curies":[{"name":"wp","href":"https:\/\/api.w.org\/{rel}","templated":true}]}}