{"id":97413,"date":"2023-10-24T04:15:00","date_gmt":"2023-10-24T07:15:00","guid":{"rendered":"https:\/\/grandepremio.com\/br\/noticias\/george-russell-explica-corrida-apagada-no-gp-dos-estados-unidos-sempre-tive-dificuldade-aqui\/"},"modified":"2023-10-25T16:36:52","modified_gmt":"2023-10-25T19:36:52","slug":"george-russell-explica-corrida-apagada-no-gp-dos-estados-unidos-sempre-tive-dificuldade-aqui","status":"publish","type":"post","link":"https:\/\/grandepremio.com\/br\/f1\/george-russell-explica-corrida-apagada-no-gp-dos-estados-unidos-sempre-tive-dificuldade-aqui\/","title":{"rendered":"Russell explica corrida apagada no GP dos Estados Unidos: \u201cSempre tive dificuldade aqui\u201d"},"content":{"rendered":"\n<p class=\"wp-block-paragraph\">Depois de fazer uma boa corrida de recupera\u00e7\u00e3o no <strong>Catar <\/strong>e dar ind\u00edcios de que tinha recuperado a boa forma do ano passado, <strong>George Russell<\/strong> voltou a ter um fim de semana apagado na temporada 2023 da <strong>F\u00f3rmula 1<\/strong>. Durante o GP dos Estados Unidos,<a href=\"https:\/\/www.grandepremio.com\/br\/f1\/noticias\/max-verstappen-recupera-contem-lewis-hamilton-vence-gp-dos-estados-unidos-alta-tensao-formula-1\/\" class=\"ek-link\"> que aconteceu no \u00faltimo domingo (22)<\/a>, o piloto da <strong>Mercedes <\/strong>n\u00e3o foi al\u00e9m da s\u00e9tima posi\u00e7\u00e3o (que <a href=\"https:\/\/www.grandepremio.com\/br\/f1\/noticias\/lewis-hamilton-charles-leclerc-desclassificados-gp-eua-infracao-tecnica-carlos-sainz-herda-3o\/\" class=\"ek-link\">virou quinta ap\u00f3s da puni\u00e7\u00e3o aplicada a<\/a><strong> Charles Leclerc<\/strong> e <strong>Lewis Hamilton<\/strong>), enquanto seu companheiro de equipe teve ritmo para brigar pela vit\u00f3ria. O #63 explicou que a performance discreta se deve \u00e0s dificuldades que tem com o tra\u00e7ado.<\/p>\n\n\n\n<p class=\"wp-block-paragraph\">Russell reconhece que tinha carro para brigar por um p\u00f3dio em <strong>Austin<\/strong>. No entanto, come\u00e7ou a corrida muito mal e caiu de quinto para s\u00e9timo na largada. Depois, precisou administrar o ritmo para cuidar do consumo de combust\u00edvel. Para o brit\u00e2nico, a corrida dif\u00edcil foi um bom resumo do que tem acontecido em sua temporada.<\/p>\n\n\n\n<p class=\"wp-block-paragraph\"><strong>\u25b6\ufe0f&nbsp;Inscreva-se nos dois canais do GRANDE PR\u00caMIO no YouTube:&nbsp;<a href=\"https:\/\/www.youtube.com\/channel\/UC9OlHEgxoaY6QY6nWPoiqQg?sub_confirmation=1\" target=\"_blank\" rel=\"noreferrer noopener\">GP<\/a>&nbsp;|&nbsp;<a href=\"https:\/\/www.youtube.com\/channel\/UC9csiS6q_C3C0FYhyr1rnFA?sub_confirmation=1\" target=\"_blank\" rel=\"noreferrer noopener\">GP2<\/a><\/strong><br><strong>\u25b6\ufe0f&nbsp;<a href=\"https:\/\/www.twitch.tv\/grandepremio\" target=\"_blank\" rel=\"noreferrer noopener\">Conhe\u00e7a o canal do GRANDE PR\u00caMIO na Twitch clicando aqui!<\/a><\/strong><\/p>\n\n\n\n<figure class=\"wp-block-image size-large\"><img decoding=\"async\" src=\"https:\/\/www.grandepremio.com\/br\/wp-content\/uploads\/2023\/10\/estados-unidos-2023-f1-corrida-sprint-mercedes-george-russell-afp-01-1024x695.jpg\" alt=\"\" class=\"wp-image-743485\"\/><figcaption class=\"wp-element-caption\">Russell largou em 11\u00ba e chegou em oitavo na sprint de Austin (Foto: AFP)<\/figcaption><\/figure>\n\n\n\n<p class=\"wp-block-paragraph\">\u201c\u00c9 um bom resumo da temporada, ao que parece, de oportunidades perdidas. Com o p\u00e9 atr\u00e1s desde o in\u00edcio, come\u00e7ando mal. E ent\u00e3o colocamos um pneu duro e tivemos de administrar o combust\u00edvel, tivemos de administrar um pouco o motor. Est\u00e1vamos em segundo lugar no ritmo, colocamos o pneu m\u00e9dio de volta e fomos o carro mais r\u00e1pido na pista. Me aproximei de Max [Verstappen] por cerca de 10s e de Lewis por alguns segundos\u201d, admitiu Russell.<\/p>\n\n\n\n<p class=\"wp-block-paragraph\">O fim de semana em Austin contou com uma corrida sprint, o que consequentemente reduziu o tempo dos testes das equipes. George, no entanto, negou que a falta de performance tenha rela\u00e7\u00e3o com o formato do fim de semana, e admitiu que o problema est\u00e1 relacionado \u00e0s caracter\u00edsticas do <strong>Circuito das Am\u00e9ricas.<\/strong><\/p>\n\n\n\n<p class=\"wp-block-paragraph\">\u201cEnt\u00e3o, aqui, acho que foi definitivamente mais uma oportunidade perdida e foi frustrante n\u00e3o estarmos no p\u00f3dio. Tivemos isso [corrida sprint] no \u00faltimo fim de semana e foi um dos meus finais de semana mais fortes. Para ser justo, Austin sempre foi estranho para mim. Sempre tive um pouco de dificuldade aqui\u201d, finalizou.<\/p>\n\n\n\n<p class=\"wp-block-paragraph\">A\u00a0<strong><a href=\"https:\/\/www.grandepremio.com\/br\/f1\/\"><\/a><a href=\"https:\/\/www.grandepremio.com\/formula-1\/\" target=\"_blank\" rel=\"noreferrer noopener\">F\u00f3rmula 1<\/a><\/strong>\u00a0retorna j\u00e1 no pr\u00f3ximo fim de semana, com o\u00a0<strong>GP da Cidade do\u00a0<a href=\"https:\/\/es.grandepremio.com\/\" target=\"_blank\" rel=\"noreferrer noopener\">M\u00e9xico<\/a><\/strong>, no aut\u00f3dromo\u00a0<strong><a href=\"https:\/\/www.grandepremio.com\/br\/circuito\/hermanos-rodriguez\/\" target=\"_blank\" rel=\"noreferrer noopener\">Hermanos Rodr\u00edguez<\/a><\/strong>, para a 19\u00aa etapa da temporada 2023.<\/p>\n\n\n\n<figure class=\"wp-block-embed is-type-video is-provider-youtube wp-block-embed-youtube wp-embed-aspect-16-9 wp-has-aspect-ratio\"><div class=\"wp-block-embed__wrapper\">\n<iframe loading=\"lazy\" title=\"BOAS CORRIDAS? ALELUIA! F1 2023 vive melhor momento perto do fim | GP \u00e0s 10\" width=\"500\" height=\"281\" src=\"https:\/\/www.youtube.com\/embed\/lMnmbJIKG9M?feature=oembed\" frameborder=\"0\" allow=\"accelerometer; autoplay; clipboard-write; encrypted-media; gyroscope; picture-in-picture; web-share\" referrerpolicy=\"strict-origin-when-cross-origin\" allowfullscreen><\/iframe>\n<\/div><\/figure>\n","protected":false},"excerpt":{"rendered":"<p>Sabendo que tinha um carro com ritmo competitivo, George Russell reconheceu que n\u00e3o foi capaz de entregar um resultado satisfat\u00f3rio para a Mercedes durante o GP dos Estados Unidos<\/p>\n","protected":false},"author":0,"featured_media":1000743186,"comment_status":"closed","ping_status":"closed","sticky":false,"template":"","format":"standard","meta":{"42wp_featured_image_caption":"","42wp_featured_image_credits":"","42wp_featured_video":"","42wp_featured_image_hidden":false,"42wp_authors_list":[],"footnotes":""},"categories":[2],"tags":[1982,12757,5921,147,180,800,24977,1491,28285,82,30847,2018,32317],"42wp_author":[47149],"class_list":["post-97413","post","type-post","status-publish","format-standard","has-post-thumbnail","hentry","category-f1","tag-austin","tag-circuito-das-americas","tag-corrida-sprint","tag-f1","tag-formula-1","tag-george-russell","tag-gp-dos-estados-unidos","tag-grande-premio","tag-grandepremio","tag-mercedes","tag-russell","tag-sprint-race","tag-w14","42wp_author-bernardo-castro"],"_links":{"self":[{"href":"https:\/\/grandepremio.com\/br\/wp-json\/wp\/v2\/posts\/97413","targetHints":{"allow":["GET"]}}],"collection":[{"href":"https:\/\/grandepremio.com\/br\/wp-json\/wp\/v2\/posts"}],"about":[{"href":"https:\/\/grandepremio.com\/br\/wp-json\/wp\/v2\/types\/post"}],"replies":[{"embeddable":true,"href":"https:\/\/grandepremio.com\/br\/wp-json\/wp\/v2\/comments?post=97413"}],"version-history":[{"count":0,"href":"https:\/\/grandepremio.com\/br\/wp-json\/wp\/v2\/posts\/97413\/revisions"}],"wp:featuredmedia":[{"embeddable":true,"href":"https:\/\/grandepremio.com\/br\/wp-json\/wp\/v2\/media\/1000743186"}],"wp:attachment":[{"href":"https:\/\/grandepremio.com\/br\/wp-json\/wp\/v2\/media?parent=97413"}],"wp:term":[{"taxonomy":"category","embeddable":true,"href":"https:\/\/grandepremio.com\/br\/wp-json\/wp\/v2\/categories?post=97413"},{"taxonomy":"post_tag","embeddable":true,"href":"https:\/\/grandepremio.com\/br\/wp-json\/wp\/v2\/tags?post=97413"},{"taxonomy":"42wp_author","embeddable":true,"href":"https:\/\/grandepremio.com\/br\/wp-json\/wp\/v2\/42wp_author?post=97413"}],"curies":[{"name":"wp","href":"https:\/\/api.w.org\/{rel}","templated":true}]}}