{"id":97521,"date":"2023-10-22T21:09:41","date_gmt":"2023-10-23T00:09:41","guid":{"rendered":"https:\/\/grandepremio.com\/br\/noticias\/martinius-stenshorne-vice-freca-vitoria-corrida-2-hockenheim-rafael-camara-4o\/"},"modified":"2023-10-22T21:43:01","modified_gmt":"2023-10-23T00:43:01","slug":"martinius-stenshorne-vice-freca-vitoria-corrida-2-hockenheim-rafael-camara-4o","status":"publish","type":"post","link":"https:\/\/grandepremio.com\/br\/frec\/martinius-stenshorne-vice-freca-vitoria-corrida-2-hockenheim-rafael-camara-4o\/","title":{"rendered":"Stenshorne garante vice da FRECA com vit\u00f3ria na corrida 2 de Hockenheim. C\u00e2mara \u00e9 4\u00ba"},"content":{"rendered":"\n<p class=\"wp-block-paragraph\">A <strong>FRECA <\/strong>encerrou a disputa da temporada 2023 da categoria neste domingo (22), com t\u00edtulo j\u00e1 garantido por <strong>Andrea Kimi<\/strong> <strong>Antonelli<\/strong>, e <strong>Martinius Stenshorne <\/strong>assegurou a vit\u00f3ria na corrida 2 de <strong>Hockenheim <\/strong>para se coroar como o melhor novato da categoria este ano. <strong>Rafael<\/strong> <strong>C\u00e2mara<\/strong>, que chegou a estar na briga pela vit\u00f3ria, terminou em <strong>quarto<\/strong>.<\/p>\n\n\n\n<p class=\"wp-block-paragraph\"><strong>Tim Tramnitz<\/strong>, vencedor da corrida 1, largou na pole neste domingo, mas foi superado por Stenshorne ainda na primeira curva. Em complica\u00e7\u00f5es, o alem\u00e3o ainda perdeu o segundo posto para C\u00e2mara e empurrou Antonelli para fora da pista, completando um in\u00edcio dif\u00edcil.<\/p>\n\n\n\n<p class=\"wp-block-paragraph\">O safety-car foi acionado depois de v\u00e1rios incidentes em uma das chicanes do tra\u00e7ado, e Rafa aproveitou a relargada para atacar Stenshorne. No entanto, o dinamarqu\u00eas defendeu com sucesso a posi\u00e7\u00e3o antes de o carro de seguran\u00e7a ser chamado \u00e0 pista novamente.<\/p>\n\n\n\n<p class=\"wp-block-paragraph\">Mais uma vez, o brasileiro tentou atacar o l\u00edder na relargada, mas, desta vez, levou a pior. Al\u00e9m de perder a disputa para Stenshorne, C\u00e2mara ainda acabou ultrapassado por Tramnitz e <strong>Kas Haverkort<\/strong>, que aproveitaram a brecha. A partir da\u00ed, a ordem dos primeiros colocados permaneceu inalterada at\u00e9 o fim.<\/p>\n\n\n\n<figure class=\"wp-block-image size-large\"><img decoding=\"async\" src=\"https:\/\/www.grandepremio.com\/br\/wp-content\/uploads\/2023\/10\/430150_1083732_20231021_ds5_0597-1024x683.jpg\" alt=\"\" class=\"wp-image-744438\"\/><figcaption class=\"wp-element-caption\">Rafael C\u00e2mara fechou a FRECA 2023 com o quarto lugar em Hockenheim (Foto: Prema\/RF1)<\/figcaption><\/figure>\n\n\n\n<p class=\"wp-block-paragraph\"><strong>Stenshorne <\/strong>cruzou a linha de chegada com <strong>1s1 <\/strong>de vantagem para <strong>Tramnitz<\/strong>, enquanto <strong>Haverkort <\/strong>completou o p\u00f3dio. <strong>C\u00e2mara <\/strong>chegou em quarto, com <strong>Owen Tangavelou <\/strong>em quinto e <strong>Antonelli <\/strong>em sexto. Por fim, <strong>Nikhil Bohra<\/strong>, <strong>Victor<\/strong> <strong>Bernier<\/strong>, <strong>Lorenzo Flux\u00e1 <\/strong>e<strong> Maceo Capietto <\/strong>completaram o top-10. O brasileiro <strong>Emmo<\/strong> <strong>Fittipaldi <\/strong>terminou na <strong>22\u00aa <\/strong>coloca\u00e7\u00e3o.<\/p>\n\n\n\n<p class=\"wp-block-paragraph\">Com os resultados, Antonelli fechou a temporada com <strong>300 <\/strong>pontos conquistados, contra <strong>261 <\/strong>do vice Stenshorne. Tramnitz terminou com <strong>239<\/strong>, enquanto Haverkort [<strong>174<\/strong>] e C\u00e2mara [<strong>173<\/strong>] completaram o top-5.<\/p>\n\n\n\n<p class=\"wp-block-paragraph\"><strong>\u25b6\ufe0f&nbsp;Inscreva-se nos dois canais do GRANDE PR\u00caMIO no YouTube:&nbsp;<a href=\"https:\/\/www.youtube.com\/channel\/UC9OlHEgxoaY6QY6nWPoiqQg?sub_confirmation=1\" target=\"_blank\" rel=\"noreferrer noopener\">GP<\/a>&nbsp;|&nbsp;<a href=\"https:\/\/www.youtube.com\/channel\/UC9csiS6q_C3C0FYhyr1rnFA?sub_confirmation=1\" target=\"_blank\" rel=\"noreferrer noopener\">GP2<\/a><\/strong><\/p>\n\n\n\n<p class=\"wp-block-paragraph\"><strong>\u25b6\ufe0f\u00a0<a rel=\"noreferrer noopener\" href=\"https:\/\/www.twitch.tv\/grandepremio\" target=\"_blank\">Conhe\u00e7a o canal do GRANDE PR\u00caMIO na Twitch clicando aqui!<\/a><\/strong><\/p>\n\n\n\n<figure class=\"wp-block-embed is-type-video is-provider-youtube wp-block-embed-youtube wp-embed-aspect-16-9 wp-has-aspect-ratio\"><div class=\"wp-block-embed__wrapper\">\n<iframe loading=\"lazy\" title=\"VERSTAPPEN VENCE, HAMILTON CHEGA PERTO: tudo sobre o GP dos EUA de F1 | Briefing\" width=\"500\" height=\"281\" src=\"https:\/\/www.youtube.com\/embed\/Yj6BEUt159I?feature=oembed\" frameborder=\"0\" allow=\"accelerometer; autoplay; clipboard-write; encrypted-media; gyroscope; picture-in-picture; web-share\" referrerpolicy=\"strict-origin-when-cross-origin\" allowfullscreen><\/iframe>\n<\/div><\/figure>\n","protected":false},"excerpt":{"rendered":"<p>Martinius Stenshorne fez o suficiente para vencer a corrida 2 da etapa de Hockenheim da FRECA e, de quebra, assegurar o posto de melhor novato da temporada 2023<\/p>\n","protected":false},"author":0,"featured_media":1000744435,"comment_status":"closed","ping_status":"closed","sticky":false,"template":"","format":"standard","meta":{"42wp_featured_image_caption":"","42wp_featured_image_credits":"","42wp_featured_video":"","42wp_featured_image_hidden":false,"42wp_authors_list":[],"footnotes":""},"categories":[49],"tags":[27861,28105,34064,980,34491,27860],"42wp_author":[47142],"class_list":["post-97521","post","type-post","status-publish","format-standard","has-post-thumbnail","hentry","category-frec","tag-andrea-kimi-antonelli","tag-freca","tag-freca-2023","tag-hockenheim","tag-martinius-stenshorne","tag-rafael-camara","42wp_author-jp-nascimento"],"_links":{"self":[{"href":"https:\/\/grandepremio.com\/br\/wp-json\/wp\/v2\/posts\/97521","targetHints":{"allow":["GET"]}}],"collection":[{"href":"https:\/\/grandepremio.com\/br\/wp-json\/wp\/v2\/posts"}],"about":[{"href":"https:\/\/grandepremio.com\/br\/wp-json\/wp\/v2\/types\/post"}],"replies":[{"embeddable":true,"href":"https:\/\/grandepremio.com\/br\/wp-json\/wp\/v2\/comments?post=97521"}],"version-history":[{"count":0,"href":"https:\/\/grandepremio.com\/br\/wp-json\/wp\/v2\/posts\/97521\/revisions"}],"wp:featuredmedia":[{"embeddable":true,"href":"https:\/\/grandepremio.com\/br\/wp-json\/wp\/v2\/media\/1000744435"}],"wp:attachment":[{"href":"https:\/\/grandepremio.com\/br\/wp-json\/wp\/v2\/media?parent=97521"}],"wp:term":[{"taxonomy":"category","embeddable":true,"href":"https:\/\/grandepremio.com\/br\/wp-json\/wp\/v2\/categories?post=97521"},{"taxonomy":"post_tag","embeddable":true,"href":"https:\/\/grandepremio.com\/br\/wp-json\/wp\/v2\/tags?post=97521"},{"taxonomy":"42wp_author","embeddable":true,"href":"https:\/\/grandepremio.com\/br\/wp-json\/wp\/v2\/42wp_author?post=97521"}],"curies":[{"name":"wp","href":"https:\/\/api.w.org\/{rel}","templated":true}]}}