{"id":97552,"date":"2023-10-22T19:21:16","date_gmt":"2023-10-22T22:21:16","guid":{"rendered":"https:\/\/grandepremio.com\/br\/noticias\/mclaren-comemora-podio-pista-gp-do-estados-unidos-formula-1-achamos-carro-nao-encaixava\/"},"modified":"2023-10-22T22:04:27","modified_gmt":"2023-10-23T01:04:27","slug":"mclaren-comemora-podio-pista-gp-do-estados-unidos-formula-1-achamos-carro-nao-encaixava","status":"publish","type":"post","link":"https:\/\/grandepremio.com\/br\/f1\/mclaren-comemora-podio-pista-gp-do-estados-unidos-formula-1-achamos-carro-nao-encaixava\/","title":{"rendered":"McLaren comemora p\u00f3dio em pista dos EUA: &#8220;Achamos que carro n\u00e3o encaixava&#8221;"},"content":{"rendered":"\n<p class=\"wp-block-paragraph\"><strong>Lando Norris<\/strong> largou na segunda coloca\u00e7\u00e3o, rapidamente tomou a lideran\u00e7a e conseguiu terminar o <strong><a href=\"https:\/\/www.grandepremio.com\/br\/f1\/noticias\/max-verstappen-recupera-contem-lewis-hamilton-vence-gp-dos-estados-unidos-alta-tensao-formula-1\/\" class=\"ek-link\">GP dos Estados Unidos<\/a><\/strong> deste domingo (22) na terceira posi\u00e7\u00e3o. O resultado rendeu sorrisos e anima\u00e7\u00e3o na <strong>McLaren<\/strong>. Afinal, expectativa antes do fim de semana era bem diferente.<\/p>\n\n\n\n<p class=\"wp-block-paragraph\">De acordo com o chefe <strong>Andrea Stella<\/strong>, McLaren foi para os Estados Unidos convencida de que <strong>MCL60<\/strong> n\u00e3o andaria bem na pista. No fim, o que aconteceu foi bem diferente.<\/p>\n\n\n\n<p class=\"wp-block-paragraph\">&#8220;Estamos definitivamente felizes com outro p\u00f3dio numa pista que achamos que n\u00e3o se encaixava com nosso carro&#8221;, afirmou.<\/p>\n\n\n\n<p class=\"wp-block-paragraph\">Com rela\u00e7\u00e3o \u00e0s decis\u00f5es estrat\u00e9gicas, com duas paradas e o uso de pneus duros no segundo e terceiro stint, ambos relativamente curtos, explicou que foi uma tentativa de vencer. Mas mesmo que fizesse outra coisa, resultado n\u00e3o mudaria.<\/p>\n\n\n\n<figure class=\"wp-block-image size-large\"><img decoding=\"async\" src=\"https:\/\/www.grandepremio.com\/br\/wp-content\/uploads\/2023\/10\/estados-unidos-2023-f1-corrida-mclaren-lando-norris-afp-03-1024x690.jpg\" alt=\"\" class=\"wp-image-744196\"\/><figcaption class=\"wp-element-caption\">Lando Norris foi o terceiro colocado em Austin (Foto: AFP) <\/figcaption><\/figure>\n\n\n\n<p class=\"wp-block-paragraph\">&#8220;Quer\u00edamos vencer outra corrida e fizemos o poss\u00edvel para abrir vantagem, mas perdemos a vida \u00fatil dos pneus. Tentamos, mas o resultado teria sido o mesmo&#8221;, continuou.<\/p>\n\n\n\n<p class=\"wp-block-paragraph\">Ainda segundo o chefe da McLaren, o problema que causou abandono de <strong>Oscar Piastri<\/strong>, que largara em d\u00e9cimo e j\u00e1 estava em sexto, foi no radiador. &#8220;O contato [com <strong>Esteban Ocon<\/strong>, na largada] fez com que ele perdesse press\u00e3o da \u00e1gua&#8221;, finalizou.<\/p>\n\n\n\n<p class=\"wp-block-paragraph\">A\u00a0<strong><a href=\"https:\/\/www.grandepremio.com\/br\/f1\/\"><\/a><a href=\"https:\/\/www.grandepremio.com\/formula-1\/\" target=\"_blank\" rel=\"noreferrer noopener\">F\u00f3rmula 1<\/a><\/strong>\u00a0retorna j\u00e1 no pr\u00f3ximo fim de semana, com o\u00a0<strong>GP da Cidade do\u00a0<a href=\"https:\/\/es.grandepremio.com\/\" target=\"_blank\" rel=\"noreferrer noopener\">M\u00e9xico<\/a><\/strong>, no aut\u00f3dromo\u00a0<strong><a href=\"https:\/\/www.grandepremio.com\/br\/circuito\/hermanos-rodriguez\/\" target=\"_blank\" rel=\"noreferrer noopener\">Hermanos Rodr\u00edguez<\/a><\/strong>, para a 19\u00aa etapa da temporada 2023.<\/p>\n\n\n\n<p class=\"wp-block-paragraph\"><strong>ATUALIZA\u00c7\u00c3O: <\/strong>Ap\u00f3s o GP dos Estados Unidos, os carros de Charles Leclerc e Lewis Hamilton foram reprovados na inspe\u00e7\u00e3o t\u00e9cnica da FIA por irregularidades nas medidas da prancha do assoalho, sendo desclassificados por irregularidades. Com isso, <strong>Carlos Sainz<\/strong> herdou o p\u00f3dio, enquanto a dupla da <strong>Williams, Alexander Albon e Logan Sargeant,<\/strong> entrou na zona de pontos. Norris foi promovido para segundo.<\/p>\n\n\n\n<p class=\"wp-block-paragraph\"><strong>\u25b6\ufe0f&nbsp;Inscreva-se nos dois canais do GRANDE PR\u00caMIO no YouTube:&nbsp;<a href=\"https:\/\/www.youtube.com\/channel\/UC9OlHEgxoaY6QY6nWPoiqQg?sub_confirmation=1\" target=\"_blank\" rel=\"noreferrer noopener\">GP<\/a>&nbsp;|&nbsp;<a href=\"https:\/\/www.youtube.com\/channel\/UC9csiS6q_C3C0FYhyr1rnFA?sub_confirmation=1\" target=\"_blank\" rel=\"noreferrer noopener\">GP2<\/a><\/strong><br><strong>\u25b6\ufe0f&nbsp;<a href=\"https:\/\/www.twitch.tv\/grandepremio\" target=\"_blank\" rel=\"noreferrer noopener\">Conhe\u00e7a o canal do GRANDE PR\u00caMIO na Twitch clicando aqui!<\/a><\/strong><\/p>\n\n\n\n<figure class=\"wp-block-embed is-type-video is-provider-youtube wp-block-embed-youtube wp-embed-aspect-16-9 wp-has-aspect-ratio\"><div class=\"wp-block-embed__wrapper\">\n<iframe loading=\"lazy\" title=\"VERSTAPPEN VENCE, HAMILTON CHEGA PERTO: tudo sobre o GP dos EUA de F1 | Briefing\" width=\"500\" height=\"281\" src=\"https:\/\/www.youtube.com\/embed\/Yj6BEUt159I?feature=oembed\" frameborder=\"0\" allow=\"accelerometer; autoplay; clipboard-write; encrypted-media; gyroscope; picture-in-picture; web-share\" referrerpolicy=\"strict-origin-when-cross-origin\" allowfullscreen><\/iframe>\n<\/div><figcaption class=\"wp-element-caption\">\ud83d\udd34AO VIVO! F1 2023 nos Estados Unidos: tudo sobre a CORRIDA | Briefing<\/figcaption><\/figure>\n","protected":false},"excerpt":{"rendered":"<p>Andrea Stella, chefe da McLaren, terminou o GP dos Estados Unidos vibrando com a ida de Lando Norris ao p\u00f3dio. Segundo ele, a equipe achou que teria dificuldades em Austin<\/p>\n","protected":false},"author":0,"featured_media":1000744274,"comment_status":"closed","ping_status":"closed","sticky":false,"template":"","format":"standard","meta":{"42wp_featured_image_caption":"","42wp_featured_image_credits":"","42wp_featured_video":"","42wp_featured_image_hidden":false,"42wp_authors_list":[],"footnotes":""},"categories":[2],"tags":[7094,11690,6533,642,32766,36856,2613,31483,29116,36857,30722,5649,24977,2318,1491,26123,30103,28285,547,90,2916],"42wp_author":[47120],"class_list":["post-97552","post","type-post","status-publish","format-standard","has-post-thumbnail","hentry","category-f1","tag-andrea-stella","tag-chefe-da-mclaren","tag-f1-2023","tag-f1-ao-vivo","tag-f1-austin","tag-f1-circuito-das-americas","tag-f1-estados-unidos","tag-f1-eua","tag-f1-grande-premio","tag-f1-texas","tag-formula-1-2023","tag-gp-de-austin","tag-gp-dos-estados-unidos","tag-gp-dos-eua","tag-grande-premio","tag-grande-premio-ao-vivo","tag-grande-premio-f1","tag-grandepremio","tag-lando-norris","tag-mclaren","tag-oscar-piastri","42wp_author-pedro-henrique-marum"],"_links":{"self":[{"href":"https:\/\/grandepremio.com\/br\/wp-json\/wp\/v2\/posts\/97552","targetHints":{"allow":["GET"]}}],"collection":[{"href":"https:\/\/grandepremio.com\/br\/wp-json\/wp\/v2\/posts"}],"about":[{"href":"https:\/\/grandepremio.com\/br\/wp-json\/wp\/v2\/types\/post"}],"replies":[{"embeddable":true,"href":"https:\/\/grandepremio.com\/br\/wp-json\/wp\/v2\/comments?post=97552"}],"version-history":[{"count":0,"href":"https:\/\/grandepremio.com\/br\/wp-json\/wp\/v2\/posts\/97552\/revisions"}],"wp:featuredmedia":[{"embeddable":true,"href":"https:\/\/grandepremio.com\/br\/wp-json\/wp\/v2\/media\/1000744274"}],"wp:attachment":[{"href":"https:\/\/grandepremio.com\/br\/wp-json\/wp\/v2\/media?parent=97552"}],"wp:term":[{"taxonomy":"category","embeddable":true,"href":"https:\/\/grandepremio.com\/br\/wp-json\/wp\/v2\/categories?post=97552"},{"taxonomy":"post_tag","embeddable":true,"href":"https:\/\/grandepremio.com\/br\/wp-json\/wp\/v2\/tags?post=97552"},{"taxonomy":"42wp_author","embeddable":true,"href":"https:\/\/grandepremio.com\/br\/wp-json\/wp\/v2\/42wp_author?post=97552"}],"curies":[{"name":"wp","href":"https:\/\/api.w.org\/{rel}","templated":true}]}}