{"id":97610,"date":"2023-10-22T05:00:00","date_gmt":"2023-10-22T08:00:00","guid":{"rendered":"https:\/\/grandepremio.com\/br\/noticias\/charles-leclerc-minimiza-manobra-max-verstappen-largada-sprint-eua-faria-mesmo\/"},"modified":"2023-10-22T02:44:00","modified_gmt":"2023-10-22T05:44:00","slug":"charles-leclerc-minimiza-manobra-max-verstappen-largada-sprint-eua-faria-mesmo","status":"publish","type":"post","link":"https:\/\/grandepremio.com\/br\/f1\/charles-leclerc-minimiza-manobra-max-verstappen-largada-sprint-eua-faria-mesmo\/","title":{"rendered":"Leclerc minimiza manobra de Verstappen na largada da sprint dos EUA: &#8220;Faria o mesmo&#8221;"},"content":{"rendered":"\n<p class=\"wp-block-paragraph\">O monegasco<strong> Charles Leclerc<\/strong> terminou a corrida sprint do <strong>GP dos Estados Unidos<\/strong>, realizada neste s\u00e1bado (21), na terceira posi\u00e7\u00e3o, mas foi quem mais desafiou a vit\u00f3ria de<strong> Max Verstappen, da Red Bull.<\/strong> O piloto da <strong>Ferrari <\/strong>largou na primeira fila e tinha o lado de dentro contra Verstappen na entrada da primeira curva, com o neerland\u00eas se movendo para cobrir a linha interna, quase for\u00e7ando Leclerc para fora da pista.<\/p>\n\n\n\n<p class=\"wp-block-paragraph\">A defesa de Verstappen permitiu que ele mantivesse a lideran\u00e7a, enquanto o monegasco foi ultrapassado por <strong>Lewis Hamilton<\/strong>, da Mercedes, na sa\u00edda da mesma curva.\u00a0Apesar disso, Charles n\u00e3o criticou a postura do tricampe\u00e3o mundial, afirmando que faria o mesmo.<\/p>\n\n\n\n<p class=\"wp-block-paragraph\">&#8220;Para ser sincero, teria feito exatamente a mesma coisa se estivesse na posi\u00e7\u00e3o dele. Foi no limite, mas como sempre disse no passado, \u00e9 assim que gosto de lutar. Portanto, o que aconteceu hoje n\u00e3o foi a meu favor, mas tudo bem. Faz parte do automobilismo, e estou em paz com isso&#8221;, disse o dono do carro #16.<\/p>\n\n\n\n<p class=\"wp-block-paragraph\">Hamilton seguiu no segundo lugar at\u00e9 a bandeira quadriculada. Em terceiro, Charles n\u00e3o teve ritmo para acompanhar a Mercedes. Neste domingo, o monegasco largar\u00e1 da pole-position.<\/p>\n\n\n\n<p class=\"wp-block-paragraph\">&#8220;Havia uma oportunidade, um espa\u00e7o, e tentei. Mas, obviamente, foi apertado, e perdi a posi\u00e7\u00e3o para Lewis, mas a <strong>Mercedes <\/strong>estava mesmo um pouco mais forte em termos de ritmo de corrida. Esper\u00e1vamos isso, ent\u00e3o precisamos trabalhar para entender o que podemos fazer melhor para estar um passo \u00e0 frente amanh\u00e3\u201d, afirmou Leclerc.<\/p>\n\n\n\n<p class=\"wp-block-paragraph\"><strong>\u25b6\ufe0f&nbsp;Inscreva-se nos dois canais do GRANDE PR\u00caMIO no YouTube:&nbsp;<a rel=\"noreferrer noopener\" href=\"https:\/\/www.youtube.com\/channel\/UC9OlHEgxoaY6QY6nWPoiqQg?sub_confirmation=1\" target=\"_blank\">GP<\/a>&nbsp;|&nbsp;<a rel=\"noreferrer noopener\" href=\"https:\/\/www.youtube.com\/channel\/UC9csiS6q_C3C0FYhyr1rnFA?sub_confirmation=1\" target=\"_blank\">GP2<\/a><\/strong><br><strong>\u25b6\ufe0f&nbsp;<a rel=\"noreferrer noopener\" href=\"https:\/\/www.twitch.tv\/grandepremio\" target=\"_blank\">Conhe\u00e7a o canal do GRANDE PR\u00caMIO na Twitch clicando aqui!<\/a><\/strong><\/p>\n\n\n\n<figure class=\"wp-block-image size-large\"><img decoding=\"async\" src=\"https:\/\/www.grandepremio.com\/br\/wp-content\/uploads\/2023\/10\/estados-unidos-2023-f1-corrida-sprint-ferrari-charles-leclerc-afp-03-1024x683.jpg\" alt=\"\" class=\"wp-image-743481\"\/><figcaption class=\"wp-element-caption\">Monegasco espera que informa\u00e7\u00f5es coletadas pela Ferrari hoje ajudem na estrat\u00e9gia da prova de amanh\u00e3 (Foto: AFP) <\/figcaption><\/figure>\n\n\n\n<p class=\"wp-block-paragraph\">Outro fator que pode contribuir com o desempenho de Leclerc foi a escolha de pneus de <strong>Carlos Sainz<\/strong>, seu companheiro de equipe. Ao conseguir completar a prova curta com os compostos macios, o espanhol municiou a Ferrari de dados sobre durabilidade e consumo.\u00a0O espanhol foi o \u00fanico dos 20 pilotos a n\u00e3o utilizar o composto m\u00e9dio.<\/p>\n\n\n\n<p class=\"wp-block-paragraph\">&#8220;No final, temos bastante dados para analisar, com os dois carros em duas estrat\u00e9gias diferentes. Acredito que isso nos ajudar\u00e1 um pouco, porque sabemos como o pneu macio se comporta amanh\u00e3, ent\u00e3o espero que possamos tirar proveito disso e possamos vencer amanh\u00e3&#8221;, concluiu o monegasco.<\/p>\n\n\n\n<p class=\"wp-block-paragraph\">A&nbsp;<a rel=\"noreferrer noopener\" href=\"https:\/\/www.grandepremio.com\/formula-1\/\" target=\"_blank\"><\/a><a rel=\"noreferrer noopener\" href=\"https:\/\/www.grandepremio.com\/formula-1\/\" target=\"_blank\">F\u00f3rmula 1<\/a>&nbsp;est\u00e1 em&nbsp;<strong>Austin&nbsp;<\/strong>neste final de semana, onde acontece o&nbsp;<strong>GP dos Estados Unidos<\/strong>, 18\u00aa etapa da temporada 2023. O&nbsp;<strong>GRANDE PR\u00caMIO&nbsp;<\/strong>acompanha todas as atividades AO VIVO e EM&nbsp;<a rel=\"noreferrer noopener\" href=\"https:\/\/www.grandepremio.com\/br\/ao-vivo\/\" target=\"_blank\">TEMPO REAL<\/a>. No domingo, a corrida oficial larga \u00e0s 16h. O&nbsp;<strong>GRANDE PR\u00caMIO ainda exibe classifica\u00e7\u00e3o, corrida curta e a corrida em segunda tela, em parceria com a Voz do Esporte<\/strong>,&nbsp;<strong><a href=\"https:\/\/www.youtube.com\/@GrandePremio1\/videos\">atrav\u00e9s da GPTV<\/a><\/strong>&nbsp;\u2014 o in\u00edcio das transmiss\u00f5es se d\u00e1 15 minutos antes das atividades.<\/p>\n","protected":false},"excerpt":{"rendered":"<p>Charles Leclerc afirmou que postura de Max Verstappen faz parte do que \u00e9 automobilismo e n\u00e3o v\u00ea problemas na defesa da posi\u00e7\u00e3o no come\u00e7o da corrida sprint em Austin<\/p>\n","protected":false},"author":0,"featured_media":1000743266,"comment_status":"closed","ping_status":"closed","sticky":false,"template":"","format":"standard","meta":{"42wp_featured_image_caption":"","42wp_featured_image_credits":"","42wp_featured_video":"","42wp_featured_image_hidden":false,"42wp_authors_list":[],"footnotes":""},"categories":[2],"tags":[546,209,12757,5921,147,6533,642,207,30722,5649,24977,2318,1491,26123,30103,28285],"42wp_author":[47157],"class_list":["post-97610","post","type-post","status-publish","format-standard","has-post-thumbnail","hentry","category-f1","tag-carlos-sainz","tag-charles-leclerc","tag-circuito-das-americas","tag-corrida-sprint","tag-f1","tag-f1-2023","tag-f1-ao-vivo","tag-ferrari","tag-formula-1-2023","tag-gp-de-austin","tag-gp-dos-estados-unidos","tag-gp-dos-eua","tag-grande-premio","tag-grande-premio-ao-vivo","tag-grande-premio-f1","tag-grandepremio","42wp_author-jonas-souza"],"_links":{"self":[{"href":"https:\/\/grandepremio.com\/br\/wp-json\/wp\/v2\/posts\/97610","targetHints":{"allow":["GET"]}}],"collection":[{"href":"https:\/\/grandepremio.com\/br\/wp-json\/wp\/v2\/posts"}],"about":[{"href":"https:\/\/grandepremio.com\/br\/wp-json\/wp\/v2\/types\/post"}],"replies":[{"embeddable":true,"href":"https:\/\/grandepremio.com\/br\/wp-json\/wp\/v2\/comments?post=97610"}],"version-history":[{"count":0,"href":"https:\/\/grandepremio.com\/br\/wp-json\/wp\/v2\/posts\/97610\/revisions"}],"wp:featuredmedia":[{"embeddable":true,"href":"https:\/\/grandepremio.com\/br\/wp-json\/wp\/v2\/media\/1000743266"}],"wp:attachment":[{"href":"https:\/\/grandepremio.com\/br\/wp-json\/wp\/v2\/media?parent=97610"}],"wp:term":[{"taxonomy":"category","embeddable":true,"href":"https:\/\/grandepremio.com\/br\/wp-json\/wp\/v2\/categories?post=97610"},{"taxonomy":"post_tag","embeddable":true,"href":"https:\/\/grandepremio.com\/br\/wp-json\/wp\/v2\/tags?post=97610"},{"taxonomy":"42wp_author","embeddable":true,"href":"https:\/\/grandepremio.com\/br\/wp-json\/wp\/v2\/42wp_author?post=97610"}],"curies":[{"name":"wp","href":"https:\/\/api.w.org\/{rel}","templated":true}]}}