{"id":97724,"date":"2023-10-21T18:35:52","date_gmt":"2023-10-21T21:35:52","guid":{"rendered":"https:\/\/grandepremio.com\/br\/noticias\/susie-wolff-cutuca-grid-formula-1-diz-triste-so-lewis-hamilton-apoiar-f1-academy\/"},"modified":"2023-10-21T18:56:53","modified_gmt":"2023-10-21T21:56:53","slug":"susie-wolff-cutuca-grid-formula-1-diz-triste-so-lewis-hamilton-apoiar-f1-academy","status":"publish","type":"post","link":"https:\/\/grandepremio.com\/br\/f1\/susie-wolff-cutuca-grid-formula-1-diz-triste-so-lewis-hamilton-apoiar-f1-academy\/","title":{"rendered":"Susie Wolff cutuca grid da F\u00f3rmula 1 e diz que &#8220;\u00e9 triste s\u00f3 ver Hamilton apoiar F1 Academy&#8221;"},"content":{"rendered":"\n<p class=\"wp-block-paragraph\">Dividindo o final de semana com a <strong>F\u00f3rmula 1<\/strong> em <strong>Austin<\/strong>, nos <strong>Estados Unidos<\/strong>, a <strong>F1 Academy<\/strong> teve neste s\u00e1bado (21) a coroa\u00e7\u00e3o da sua primeira campe\u00e3, <strong>Marta Garc\u00eda<\/strong>. Mas apesar do clima de festa, a diretora-gerente da classe, <strong>Susie Wolff<\/strong>, n\u00e3o deixou de manifestar o seu descontentamento com o grid da dita elite do automobilismo mundial, enfatizando que \u00e9 sempre um \u00fanico piloto que aparece pessoalmente para manifestar apoio \u00e0s pilotas: <strong>Lewis Hamilton<\/strong>.<\/p>\n\n\n\n<p class=\"wp-block-paragraph\">Susie foi questionada pela Sky Sports sobre o suporte do heptacampe\u00e3o, que hoje \u00e9 o piloto do grid mais engajado em defender a diversidade no paddock. De fato, Hamilton mais uma vez se reuniu com as pilotas no Circuito das Am\u00e9ricas e assistiu \u00e0 corrida que deu o t\u00edtulo \u00e0 Garc\u00eda. Mas Wolff deixou claro que n\u00e3o est\u00e1 satisfeita com a postura do restante do grid.<\/p>\n\n\n\n<p class=\"wp-block-paragraph\">&#8220;N\u00f3s com certeza estamos [recebendo o apoio de Lewis]. Quero dizer, \u00e9 um pouco triste porque \u00e9 sempre o Lewis, \u00e9 sempre ele que aparece para demonstrar seu apoio, vindo aqui&#8221;, come\u00e7ou Susie, que \u00e9 casada com o chefe da Mercedes, Toto Wolff. &#8220;Realmente\u2026 porque acho que, no final das contas, ele sabe o que \u00e9 ser o \u00fanico, ent\u00e3o ele tem uma afinidade&#8221;, acrescentou.<\/p>\n\n\n\n<p class=\"wp-block-paragraph\">A expectativa da diretora, por\u00e9m, \u00e9 que as demais equipes sejam mais presentes quando passarem a ter suas respectivas cores defendidas pelas meninas nas pistas \u2014 projeto que ser\u00e1 posto em pr\u00e1tica em 2024.<\/p>\n\n\n\n<figure class=\"wp-block-image size-full\"><img decoding=\"async\" src=\"https:\/\/www.grandepremio.com\/br\/wp-content\/uploads\/2023\/10\/Hamilton-F1-Academy3.jpg\" alt=\"\" class=\"wp-image-743374\"\/><figcaption class=\"wp-element-caption\">Hamilton com as pilotas da F1 Academy em Austin (Foto: F1 Academy)<\/figcaption><\/figure>\n\n\n\n<p class=\"wp-block-paragraph\">&#8220;Espero muito mais intera\u00e7\u00e3o com as equipes da F1 no geral na pr\u00f3xima temporada, porque eles t\u00eam a plataforma, eles t\u00eam as vozes, e acho que isso \u00e9 algo que vai ser muito \u00fatil em nossa miss\u00e3o, porque isso aqui n\u00e3o \u00e9 um projeto a curto prazo. Se quisermos ver sucesso, precisa ser a longo prazo&#8221;, concluiu Wolff.<\/p>\n\n\n\n<p class=\"wp-block-paragraph\">O&nbsp;<strong>GRANDE PR\u00caMIO<\/strong>&nbsp;acompanha&nbsp;<a href=\"https:\/\/www.grandepremio.com\/br\/ao-vivo\/f1\"><strong>AO VIVO<\/strong>&nbsp;<strong>e EM&nbsp;<\/strong><\/a><strong><a rel=\"noreferrer noopener\" href=\"https:\/\/www.grandepremio.com\/br\/ao-vivo\/\" target=\"_blank\">TEMPO REAL<\/a><\/strong>&nbsp;todas as atividades do&nbsp;<strong>GP dos Estados Unidos de&nbsp;<a rel=\"noreferrer noopener\" href=\"https:\/\/www.grandepremio.com\/formula-1\/\" target=\"_blank\">F\u00f3rmula 1<\/a><\/strong>. Logo mais, a corrida curta larga \u00e0s 19h (de Bras\u00edlia, GMT-3). J\u00e1 no domingo, a corrida oficial larga \u00e0s 16h. O&nbsp;<strong>GRANDE PR\u00caMIO ainda exibe classifica\u00e7\u00e3o, corrida curta e a corrida em segunda tela, em parceria com a Voz do Esporte<\/strong>,&nbsp;<strong><a href=\"https:\/\/www.youtube.com\/@GrandePremio1\/videos\">atrav\u00e9s da GPTV<\/a><\/strong>&nbsp;\u2014 o in\u00edcio das transmiss\u00f5es se d\u00e1 15 minutos antes das atividades.<\/p>\n\n\n\n<figure class=\"wp-block-embed is-type-video is-provider-youtube wp-block-embed-youtube wp-embed-aspect-16-9 wp-has-aspect-ratio\"><div class=\"wp-block-embed__wrapper\">\n<iframe loading=\"lazy\" title=\"Rosberg tem raz\u00e3o? Russell PRECISA SER MAIS DURO com Hamilton na F1? | GP \u00e0s 10\" width=\"500\" height=\"281\" src=\"https:\/\/www.youtube.com\/embed\/bd9ecN9hers?feature=oembed\" frameborder=\"0\" allow=\"accelerometer; autoplay; clipboard-write; encrypted-media; gyroscope; picture-in-picture; web-share\" referrerpolicy=\"strict-origin-when-cross-origin\" allowfullscreen><\/iframe>\n<\/div><\/figure>\n","protected":false},"excerpt":{"rendered":"<p>Susie Wolff cobrou mais apoio do restante do grid da F\u00f3rmula 1 nos finais de semana em que a F1 Academy tamb\u00e9m competir, pois, segundo a diretora, s\u00f3 quem aparece por livre e espont\u00e2nea vontade \u00e9 Lewis Hamilton<\/p>\n","protected":false},"author":0,"featured_media":1000743372,"comment_status":"closed","ping_status":"closed","sticky":false,"template":"","format":"standard","meta":{"42wp_featured_image_caption":"","42wp_featured_image_credits":"","42wp_featured_video":"","42wp_featured_image_hidden":false,"42wp_authors_list":[],"footnotes":""},"categories":[2],"tags":[1982,26271,5273,896,147,6533,33060,180,30722,24977,1491,28285,30840,87,35129,3189,31447],"42wp_author":[47147],"class_list":["post-97724","post","type-post","status-publish","format-standard","has-post-thumbnail","hentry","category-f1","tag-austin","tag-calendario-f1","tag-classificacao-f1","tag-estados-unidos","tag-f1","tag-f1-2023","tag-f1-academy","tag-formula-1","tag-formula-1-2023","tag-gp-dos-estados-unidos","tag-grande-premio","tag-grandepremio","tag-horarios-f1","tag-lewis-hamilton","tag-onde-assistir-f1","tag-susie-wolff","tag-temporada-2023-f1","42wp_author-luana-marino"],"_links":{"self":[{"href":"https:\/\/grandepremio.com\/br\/wp-json\/wp\/v2\/posts\/97724","targetHints":{"allow":["GET"]}}],"collection":[{"href":"https:\/\/grandepremio.com\/br\/wp-json\/wp\/v2\/posts"}],"about":[{"href":"https:\/\/grandepremio.com\/br\/wp-json\/wp\/v2\/types\/post"}],"replies":[{"embeddable":true,"href":"https:\/\/grandepremio.com\/br\/wp-json\/wp\/v2\/comments?post=97724"}],"version-history":[{"count":0,"href":"https:\/\/grandepremio.com\/br\/wp-json\/wp\/v2\/posts\/97724\/revisions"}],"wp:featuredmedia":[{"embeddable":true,"href":"https:\/\/grandepremio.com\/br\/wp-json\/wp\/v2\/media\/1000743372"}],"wp:attachment":[{"href":"https:\/\/grandepremio.com\/br\/wp-json\/wp\/v2\/media?parent=97724"}],"wp:term":[{"taxonomy":"category","embeddable":true,"href":"https:\/\/grandepremio.com\/br\/wp-json\/wp\/v2\/categories?post=97724"},{"taxonomy":"post_tag","embeddable":true,"href":"https:\/\/grandepremio.com\/br\/wp-json\/wp\/v2\/tags?post=97724"},{"taxonomy":"42wp_author","embeddable":true,"href":"https:\/\/grandepremio.com\/br\/wp-json\/wp\/v2\/42wp_author?post=97724"}],"curies":[{"name":"wp","href":"https:\/\/api.w.org\/{rel}","templated":true}]}}