{"id":97748,"date":"2023-10-21T15:16:29","date_gmt":"2023-10-21T18:16:29","guid":{"rendered":"https:\/\/grandepremio.com\/br\/noticias\/max-verstappen-troco-charles-leclerc-conquista-pole-corrida-sprint-gp-dos-estados-unidos-formula-1\/"},"modified":"2023-10-21T16:50:40","modified_gmt":"2023-10-21T19:50:40","slug":"max-verstappen-troco-charles-leclerc-conquista-pole-corrida-sprint-gp-dos-estados-unidos-formula-1","status":"publish","type":"post","link":"https:\/\/grandepremio.com\/br\/f1\/max-verstappen-troco-charles-leclerc-conquista-pole-corrida-sprint-gp-dos-estados-unidos-formula-1\/","title":{"rendered":"Verstappen d\u00e1 troco em Leclerc e conquista pole da corrida sprint do GP dos EUA de F1"},"content":{"rendered":"\n<p class=\"wp-block-paragraph\">Apesar de ser a segunda atividade seguida de forma\u00e7\u00e3o do grid de largada, a <strong>classifica\u00e7\u00e3o sprint<\/strong> do <strong>GP dos Estados Unidos<\/strong>, neste s\u00e1bado (21), teve l\u00e1 suas diferen\u00e7as para <strong><a href=\"https:\/\/www.grandepremio.com\/br\/f1\/noticias\/charles-leclerc-desfila-conquista-pole-gp-dos-eua-formula-1-ferrari-max-verstappen-6\/\" class=\"ek-link\">aquela do dia anterior<\/a><\/strong>. Na frente e atr\u00e1s do grid de largada da <strong>F\u00f3rmula 1<\/strong>, a ordem de for\u00e7as mudou um tanto. Mas, no fim das contas, a briga pela pole voltou a contar com <strong>Max Verstappen<\/strong> e <strong>Charles Leclerc<\/strong>. Desta vez, Verstappen levou a melhor.<\/p>\n\n\n\n<p class=\"wp-block-paragraph\">Verstappen at\u00e9 criou uma preocupa\u00e7\u00e3o para ele pr\u00f3prio com uma rodada completamente sozinho, na curva nove, durante os minutos finais da segunda parte da classifica\u00e7\u00e3o. Mas reagiu bem assim mesmo e voltou a se impor para cima dos rivais na parte decisiva. <\/p>\n\n\n\n<p class=\"wp-block-paragraph\">Leclerc foi o segundo mais r\u00e1pido por toda a atividade e confirmou que tal desempenho merecia a segunda coloca\u00e7\u00e3o. Vai largar na primeira fila da corrida sprint ap\u00f3s virar somente 0s055 atr\u00e1s do campe\u00e3o.<\/p>\n\n\n\n<p class=\"wp-block-paragraph\"><strong>Lewis Hamilton<\/strong> conseguiu se al\u00e7ar \u00e0 terceira coloca\u00e7\u00e3o, seguido por <strong>Lando Norris, Oscar Piastri, Carlos Sainz, Sergio P\u00e9rez, George Russell, Alexander Albon e Pierre Gasly<\/strong> no top-10.<\/p>\n\n\n\n<p class=\"wp-block-paragraph\">A maior diferen\u00e7a no grid foi a de Albon, que saiu no Q1 na sexta-feira e conseguiu avan\u00e7ar at\u00e9 o SQ3 no s\u00e1bado, ainda que o companheiro, <strong>Logan Sargeant<\/strong>, tenha ficado com a \u00faltima coloca\u00e7\u00e3o. A <strong>Aston Martin<\/strong> melhorou um pouco a sorte dela, sem elimina\u00e7\u00f5es no SQ1 desta feita. Mas tamb\u00e9m n\u00e3o avan\u00e7ou at\u00e9 o final. <\/p>\n\n\n\n<p class=\"wp-block-paragraph\">O&nbsp;<strong>GRANDE PR\u00caMIO<\/strong>&nbsp;acompanha&nbsp;<a href=\"https:\/\/www.grandepremio.com\/br\/ao-vivo\/f1\"><strong>AO VIVO<\/strong>&nbsp;<strong>e EM&nbsp;<\/strong><\/a><strong><a href=\"https:\/\/www.grandepremio.com\/br\/ao-vivo\/\" target=\"_blank\" rel=\"noreferrer noopener\">TEMPO REAL<\/a><\/strong>&nbsp;todas as atividades do&nbsp;<strong>GP dos Estados Unidos de&nbsp;<a href=\"https:\/\/www.grandepremio.com\/formula-1\/\" target=\"_blank\" rel=\"noreferrer noopener\">F\u00f3rmula 1<\/a><\/strong>. Logo mais, a corrida curta larga \u00e0s 19h (de Bras\u00edlia, GMT-3). J\u00e1 no domingo, a corrida oficial larga \u00e0s 16h. O&nbsp;<strong>GRANDE PR\u00caMIO ainda exibe classifica\u00e7\u00e3o, corrida curta e a corrida em segunda tela, em parceria com a Voz do Esporte<\/strong>,&nbsp;<strong><a href=\"https:\/\/www.youtube.com\/@GrandePremio1\/videos\">atrav\u00e9s da GPTV<\/a><\/strong>&nbsp;\u2014 o in\u00edcio das transmiss\u00f5es se d\u00e1 15 minutos antes das atividades.<\/p>\n\n\n\n<figure class=\"wp-block-image size-large\"><img decoding=\"async\" src=\"https:\/\/www.grandepremio.com\/br\/wp-content\/uploads\/2023\/10\/estados-unidos-2023-f1-classificacao-sprint-red-bull-max-verstappen-02-1024x683.jpg\" alt=\"\" class=\"wp-image-743204\"\/><figcaption class=\"wp-element-caption\">Max Verstappen agora fechou na frente (Foto: Red Bull Content Pool)<\/figcaption><\/figure>\n\n\n\n<h2 class=\"wp-block-heading\" id=\"h-confira-como-foi-a-classificacao-sprint\">Confira como foi a classifica\u00e7\u00e3o sprint:<\/h2>\n\n\n\n<p class=\"wp-block-paragraph\">O come\u00e7o da sess\u00e3o, realizada horas mais cedo que a classifica\u00e7\u00e3o oficial, da sexta-feira, apresentava clima de bem menos calor: 31\u00b0C em compara\u00e7\u00e3o aos quase 36\u00b0C de ontem. E menos tempo a perder, uma hora que era uma forma\u00e7\u00e3o de grid a jato, como sempre s\u00e3o as do formato sprint, encurtada pela metade.<\/p>\n\n\n\n<p class=\"wp-block-paragraph\">A grande not\u00edcia da manh\u00e3 era relacionada ao GP de S\u00e3o Paulo: a popstar <strong>Ludmilla<\/strong> foi anunciada como a <strong><a href=\"https:\/\/www.grandepremio.com\/br\/f1\/noticias\/gp-sao-paulo-formula-1-anuncia-ludmilla-cantar-hino-nacional\/\" class=\"ek-link\">respons\u00e1vel por cantar o Hino Nacional<\/a><\/strong> em Interlagos no domingo da corrida brasileira.<\/p>\n\n\n\n<figure class=\"wp-block-image size-large\"><img decoding=\"async\" src=\"https:\/\/www.grandepremio.com\/br\/wp-content\/uploads\/2023\/10\/Ludmilla-1024x683.jpg\" alt=\"\" class=\"wp-image-743148\"\/><figcaption class=\"wp-element-caption\">Ludmilla vai cantar o Hino Nacional no GP de S\u00e3o Paulo (Foto: reprodu\u00e7\u00e3o\/Twitter)<\/figcaption><\/figure>\n\n\n\n<h3 class=\"wp-block-heading\" id=\"h-sq1-verstappen-bate-leclerc-por-0s002-enquanto-alonso-se-salva\"><em>SQ1 &#8211; Verstappen bate Leclerc por 0s002, enquanto Alonso se salva<\/em><\/h3>\n\n\n\n<p class=\"wp-block-paragraph\">Fila montada no pit-lane e carros na pista t\u00e3o logo a luz verde apareceu. Os pneus m\u00e9dios bem vestido para todos e rel\u00f3gio acionado. Lewis Hamilton foi quem ficou com a primeira coloca\u00e7\u00e3o ap\u00f3s os primeiros velozes.<\/p>\n\n\n\n<p class=\"wp-block-paragraph\">Nico H\u00fclkenberg vinha na cola. O alem\u00e3o come\u00e7ou o fim de semana andando bem e tinha o tempo para avan\u00e7ar ao Q2 na sexta, mas teve a volta cancelada por limites da pista e acabou eliminado no Q1.<\/p>\n\n\n\n<p class=\"wp-block-paragraph\">Mas, claro, conforme mais gente andava, a tabela mudava bastante. Charles Leclerc e Carlos Sainz deixaram Hamilton para tr\u00e1s, e, quando passou, Max Verstappen assumiu a dianteira. Como H\u00fclkenberg, Verstappen tamb\u00e9m foi tra\u00eddo pelos limites da pista e perdeu a volta que teria sido da pole para ficar na sexta posi\u00e7\u00e3o. Leclerc ficou com a dianteira.<\/p>\n\n\n\n<p class=\"wp-block-paragraph\">Desta feita, por\u00e9m, a diferen\u00e7a entre Verstappen e Leclerc era de m\u00edseros 0s002.<\/p>\n\n\n\n<p class=\"wp-block-paragraph\">Ap\u00f3s o sofrimento dram\u00e1tico da Aston Martin na sexta-feira, a situa\u00e7\u00e3o continuava complicada. Com muita dificuldade sobretudo nas curvas de baixa velocidade, os dois pilotos continuavam nos \u00faltimos lugares. Fernando Alonso tirou o poss\u00edvel para ficar no 15\u00ba posto ap\u00f3s a rodada completa de voltas r\u00e1pidas.<\/p>\n\n\n\n<p class=\"wp-block-paragraph\">Ap\u00f3s o \u00faltimo giro de voltas r\u00e1pidas, os primeiros colocados nem sequer insistiram. Ficaram na mesma forma\u00e7\u00e3o, com Verstappen na frente de Leclerc. Alexander Albon foi o terceiro, com Sainz, George Russell e Sergio P\u00e9rez logo atr\u00e1s. Alonso achou um volta\u00e7o para ir a s\u00e9timo, com Esteban Ocon, Hamilton e Lando Norris fechando o top-10.<\/p>\n\n\n\n<p class=\"wp-block-paragraph\">Na zona de elimina\u00e7\u00e3o, H\u00fclkenberg voltou a fazer o 16\u00ba lugar e ser eliminado. Kevin Magnussen foi junto dele, com Valtteri Bottas, Yuki Tsunoda e Logan Sargeant tamb\u00e9m fora, nesta sexta ordem. Somente Nico e Logan repetiram as elimina\u00e7\u00f5es do Q1 da sexta-feira. Tsunoda, contudo, saiu irritad\u00edssimo no r\u00e1dio ap\u00f3s acusar Russell de bloque\u00e1-lo na volta final.<\/p>\n\n\n\n<p class=\"wp-block-paragraph\">Daniel Ricciardo escapou em 15\u00ba, marcando a primeira vez no fim de semana em que andava na frente do companheiro. Oscar Piastri foi somente 14\u00ba com a McLaren, e isso at\u00e9 com uma segunda volta r\u00e1pida de tentativa.<\/p>\n\n\n\n<figure class=\"wp-block-image size-large\"><img decoding=\"async\" src=\"https:\/\/www.grandepremio.com\/br\/wp-content\/uploads\/2023\/10\/estados-unidos-2023-f1-classificacao-sprint-alphatauri-daniel-ricciardo-01-1024x683.jpg\" alt=\"\" class=\"wp-image-743196\"\/><figcaption class=\"wp-element-caption\">Daniel Ricciardo avan\u00e7ou para o SQ2 (Foto: Red Bull)<\/figcaption><\/figure>\n\n\n\n<h3 class=\"wp-block-heading\" id=\"h-sq2-verstappen-repete-ponta-mas-roda-sozinho-e-causa-preocupacao\"><em>SQ2 &#8211; Verstappen repete ponta, mas roda sozinho e causa preocupa\u00e7\u00e3o<\/em><\/h3>\n\n\n\n<p class=\"wp-block-paragraph\">Antes do come\u00e7o da segunda parte da classifica\u00e7\u00e3o sprint, mais um r\u00e1dio apareceu reclamando do outro piloto da mesma equipe. Leclerc foi at\u00e9 al\u00e9m de Tsunoda e pediu puni\u00e7\u00e3o ao &#8220;Sr. Russell&#8221; por bloqueio na volta r\u00e1pida.<\/p>\n\n\n\n<p class=\"wp-block-paragraph\">A primeira rodada de voltas r\u00e1pidas do SQ2 mostrou Verstappen na frente dos demais com o tempo de 1min35s181 contra 1min35s386 de Leclerc. Sainz aparecia em terceiro. Mas o miolo da forma\u00e7\u00e3o de grid tinha muita gente esperando os minutos finais para fazer apenas uma \u00fanica volta. Foi o caso de Hamilton, Alonso, Ricciardo, Gasly e Albon.<\/p>\n\n\n\n<p class=\"wp-block-paragraph\">Antes dos momentos finais, Verstappen rodou sozinho ao perder a traseira da Red Bull na curva nove. Na repeti\u00e7\u00e3o, deu para notar que o tricampe\u00e3o tocou a zebra um pouco al\u00e9m da conta. Mesmo assim, n\u00e3o houve contato com muros.<\/p>\n\n\n\n<p class=\"wp-block-paragraph\">\u00daltima chance para voltas r\u00e1pidas e, assim como mais cedo, nada mudou nas primeiras posi\u00e7\u00f5es. Verstappen, Leclerc e Sainz foram os tr\u00eas l\u00edderes, com Norris, P\u00e9rez, Piastri, Gasly, Russell, Hamilton e Albon ainda classificados.<\/p>\n\n\n\n<p class=\"wp-block-paragraph\">Ricciardo foi o 11\u00ba e abriu a lista de eliminados, que contou ainda com Alonso, Ocon, Stroll e Zhou. Stroll ainda teve um momento de quase perder o carro na tentativa derradeira. A Aston Martin at\u00e9 evoluiu, mas novamente ficou fora do Q3.<\/p>\n\n\n\n<figure class=\"wp-block-video\"><video class=\"video-js vjs-big-play-centered\" data-gp-vjs=\"1\" controls src=\"https:\/\/www.grandepremio.com\/br\/wp-content\/uploads\/2023\/10\/Erro-de-Verstappen-no-SQ2-dos-EUA.mp4\"><\/video><figcaption class=\"wp-element-caption\">Erro de Max Verstappen durante o SQ2 da F1 nos Estados Unidos (V\u00eddeo: Reprodu\u00e7\u00e3o\/F1 TV)<\/figcaption><\/figure>\n\n\n\n<h3 class=\"wp-block-heading\" id=\"h-sq3-preocupacao-que-nada-verstappen-voa-de-novo-e-supera-rivais\"><em>SQ3 &#8211; Preocupa\u00e7\u00e3o que nada! Verstappen voa de novo e supera rivais<\/em><\/h3>\n\n\n\n<p class=\"wp-block-paragraph\">Somente com cinco minutos pela frente no rel\u00f3gio \u00e9 que os carros foram saindo para a pista de Austin. E, logo de cara, Verstappen. O campe\u00e3o garantiu o tempo dele na dianteira ao anotar 1min34s538.<\/p>\n\n\n\n<p class=\"wp-block-paragraph\">Norris foi bem, mas ficou 0s1 atr\u00e1s. A hora da verdade se aproximava, porque Leclerc abria a volta dele. O monegasco melhorou o segundo setor, mas ficou 0s055 atr\u00e1s de Max.<\/p>\n\n\n\n<p class=\"wp-block-paragraph\">Pole sprint para Verstappen, seguido por Leclerc, Hamilton, Norris, Piastri e Sainz. As McLaren ainda superaram o outro piloto da Ferrari. P\u00e9rez, Russell, Albon e Gasly encerraram a primeira metade do grid.<\/p>\n\n\n\n<p class=\"wp-block-paragraph\"><em><strong>*Cerca de uma hora e meia ap\u00f3s o fim da classifica\u00e7\u00e3o, Russell foi punido por bloquear Leclerc e perdeu tr\u00eas posi\u00e7\u00f5es do grid de largada. Com isso, foi para a 11\u00aa posi\u00e7\u00e3o, enquanto Albon, Gasly e Ricciardo subiram, respectivamente, para oitavo, nono e d\u00e9cimo. <\/strong><\/em><\/p>\n\n\n\n<h3 class=\"wp-block-heading\" id=\"h-f1-2023-gp-dos-estados-unidos-grid-de-largada-da-corrida-sprint\">F1 2023, GP dos Estados Unidos, Grid de largada da corrida sprint:<\/h3>\n\n\n\n<figure class=\"wp-block-table\"><table><tbody><tr><td>1<\/td><td>M VERSTAPPEN<\/td><td>Red Bull Honda<\/td><td>&nbsp;<\/td><td>1:34.538<\/td><td>&nbsp;<\/td><\/tr><tr><td>2<\/td><td>C LECLERC<\/td><td>Ferrari<\/td><td>&nbsp;<\/td><td>1:34.593<\/td><td>+0.055<\/td><\/tr><tr><td>3<\/td><td>L HAMILTON<\/td><td>Mercedes<\/td><td>&nbsp;<\/td><td>1:34.607<\/td><td>+0.069<\/td><\/tr><tr><td>4<\/td><td>L NORRIS<\/td><td>McLaren Mercedes<\/td><td>&nbsp;<\/td><td>1:34.639<\/td><td>+0.101<\/td><\/tr><tr><td>5<\/td><td>O PIASTRI<\/td><td>McLaren Mercedes<\/td><td>&nbsp;<\/td><td>1:34.894<\/td><td>+0.356<\/td><\/tr><tr><td>6<\/td><td>C SAINZ<\/td><td>Ferrari<\/td><td>&nbsp;<\/td><td>1:34.939<\/td><td>+0.401<\/td><\/tr><tr><td>7<\/td><td>S P\u00c9REZ<\/td><td>Red Bull Honda<\/td><td>&nbsp;<\/td><td>1:35.041<\/td><td>+0.503<\/td><\/tr><tr><td>8<\/td><td>A ALBON<\/td><td>Williams Mercedes<\/td><td>&nbsp;<\/td><td>1:35.366<\/td><td>+0.828<\/td><\/tr><tr><td>9<\/td><td>P GASLY<\/td><td>Alpine<\/td><td>&nbsp;<\/td><td>1:35.897<\/td><td>+1.359<\/td><\/tr><tr><td>10<\/td><td>D RICCIARDO<\/td><td>AlphaTauri Honda<\/td><td>&nbsp;<\/td><td>1:35.978<\/td><td>+1.440<\/td><\/tr><tr><td>11<\/td><td>G RUSSELL<\/td><td>Mercedes<\/td><td>P+3<\/td><td>1:35.199<\/td><td>+0.661<\/td><\/tr><tr><td>12<\/td><td>F ALONSO<\/td><td>Aston Martin Mercedes<\/td><td>&nbsp;<\/td><td>1:36.087<\/td><td>+1.549<\/td><\/tr><tr><td>13<\/td><td>E OCON<\/td><td>Alpine<\/td><td>&nbsp;<\/td><td>1:36.137<\/td><td>+1.599<\/td><\/tr><tr><td>14<\/td><td>L STROLL<\/td><td>Aston Martin Mercedes<\/td><td>&nbsp;<\/td><td>1:36.181<\/td><td>+1.643<\/td><\/tr><tr><td>15<\/td><td>G ZHOU<\/td><td>Alfa Romeo Ferrari<\/td><td>&nbsp;<\/td><td>1:36.182<\/td><td>+1.644<\/td><\/tr><tr><td>16<\/td><td>N H\u00dcLKENBERG<\/td><td>Haas Ferrari<\/td><td>&nbsp;<\/td><td>1:36.749<\/td><td>+2.211<\/td><\/tr><tr><td>17<\/td><td>K MAGNUSSEN<\/td><td>Haas Ferrari<\/td><td>&nbsp;<\/td><td>1:36.922<\/td><td>+2.384<\/td><\/tr><tr><td>18<\/td><td>V BOTTAS<\/td><td>Alfa Romeo Ferrari<\/td><td>&nbsp;<\/td><td>1:36.922<\/td><td>+2.384<\/td><\/tr><tr><td>19<\/td><td>Y TSUNODA<\/td><td>AlphaTauri Honda<\/td><td>&nbsp;<\/td><td>1:36.945<\/td><td>+2.407<\/td><\/tr><tr><td>20<\/td><td>L SARGEANT<\/td><td>Williams Mercedes<\/td><td>&nbsp;<\/td><td>1:37.186<\/td><td>+2.648<\/td><\/tr><\/tbody><\/table><\/figure>\n\n\n\n<p class=\"wp-block-paragraph\"><strong>\u25b6\ufe0f&nbsp;Inscreva-se nos dois canais do GRANDE PR\u00caMIO no YouTube:&nbsp;<a href=\"https:\/\/www.youtube.com\/channel\/UC9OlHEgxoaY6QY6nWPoiqQg?sub_confirmation=1\" target=\"_blank\" rel=\"noreferrer noopener\">GP<\/a>&nbsp;|&nbsp;<a href=\"https:\/\/www.youtube.com\/channel\/UC9csiS6q_C3C0FYhyr1rnFA?sub_confirmation=1\" target=\"_blank\" rel=\"noreferrer noopener\">GP2<\/a><\/strong><br><strong>\u25b6\ufe0f&nbsp;<a href=\"https:\/\/www.twitch.tv\/grandepremio\" target=\"_blank\" rel=\"noreferrer noopener\">Conhe\u00e7a o canal do GRANDE PR\u00caMIO na Twitch clicando aqui!<\/a><\/strong><\/p>\n\n\n\n<figure class=\"wp-block-embed is-type-video is-provider-youtube wp-block-embed-youtube wp-embed-aspect-16-9 wp-has-aspect-ratio\"><div class=\"wp-block-embed__wrapper\">\n<iframe loading=\"lazy\" title=\"LECLERC \u00e9 POLE na F1 2023 nos Estados Unidos. VERSTAPPEN fica nos limites de pista | Briefing\" width=\"500\" height=\"281\" src=\"https:\/\/www.youtube.com\/embed\/GuvHcmhXWF8?feature=oembed\" frameborder=\"0\" allow=\"accelerometer; autoplay; clipboard-write; encrypted-media; gyroscope; picture-in-picture; web-share\" referrerpolicy=\"strict-origin-when-cross-origin\" allowfullscreen><\/iframe>\n<\/div><figcaption class=\"wp-element-caption\">LECLERC \u00e9 POLE na F1 2023 nos Estados Unidos. VERSTAPPEN fica nos limites de pista | Briefing<br><\/figcaption><\/figure>\n","protected":false},"excerpt":{"rendered":"<p>Numa classifica\u00e7\u00e3o vers\u00e3o de bolso, Max Verstappen deu o troco para cima de Charles Leclerc e conquistou o direito de largar na frente na sprint em Austin<\/p>\n","protected":false},"author":0,"featured_media":1000743203,"comment_status":"closed","ping_status":"closed","sticky":false,"template":"","format":"standard","meta":{"42wp_featured_image_caption":"","42wp_featured_image_credits":"","42wp_featured_video":"","42wp_featured_image_hidden":false,"42wp_authors_list":[],"footnotes":""},"categories":[2],"tags":[457,524,20491,309,546,209,211,302,6533,642,176,207,30722,800,5649,24977,2318,1491,26123,30103,28285,3746,119,117,485,547,87,25553,203,90,82,1521,2916,676,204,3132,612,215,597],"42wp_author":[47120],"class_list":["post-97748","post","type-post","status-publish","format-standard","has-post-thumbnail","hentry","category-f1","tag-alfa-romeo","tag-alphatauri","tag-alpine","tag-aston-martin","tag-carlos-sainz","tag-charles-leclerc","tag-daniel-ricciardo","tag-esteban-ocon","tag-f1-2023","tag-f1-ao-vivo","tag-fernando-alonso","tag-ferrari","tag-formula-1-2023","tag-george-russell","tag-gp-de-austin","tag-gp-dos-estados-unidos","tag-gp-dos-eua","tag-grande-premio","tag-grande-premio-ao-vivo","tag-grande-premio-f1","tag-grandepremio","tag-guanyu-zhou","tag-haas","tag-kevin-magnussen","tag-lance-stroll","tag-lando-norris","tag-lewis-hamilton","tag-logan-sargeant","tag-max-verstappen","tag-mclaren","tag-mercedes","tag-nico-hulkenberg","tag-oscar-piastri","tag-pierre-gasly","tag-red-bull","tag-sergio-perez","tag-valtteri-bottas","tag-williams","tag-yuki-tsunoda","42wp_author-pedro-henrique-marum"],"_links":{"self":[{"href":"https:\/\/grandepremio.com\/br\/wp-json\/wp\/v2\/posts\/97748","targetHints":{"allow":["GET"]}}],"collection":[{"href":"https:\/\/grandepremio.com\/br\/wp-json\/wp\/v2\/posts"}],"about":[{"href":"https:\/\/grandepremio.com\/br\/wp-json\/wp\/v2\/types\/post"}],"replies":[{"embeddable":true,"href":"https:\/\/grandepremio.com\/br\/wp-json\/wp\/v2\/comments?post=97748"}],"version-history":[{"count":0,"href":"https:\/\/grandepremio.com\/br\/wp-json\/wp\/v2\/posts\/97748\/revisions"}],"wp:featuredmedia":[{"embeddable":true,"href":"https:\/\/grandepremio.com\/br\/wp-json\/wp\/v2\/media\/1000743203"}],"wp:attachment":[{"href":"https:\/\/grandepremio.com\/br\/wp-json\/wp\/v2\/media?parent=97748"}],"wp:term":[{"taxonomy":"category","embeddable":true,"href":"https:\/\/grandepremio.com\/br\/wp-json\/wp\/v2\/categories?post=97748"},{"taxonomy":"post_tag","embeddable":true,"href":"https:\/\/grandepremio.com\/br\/wp-json\/wp\/v2\/tags?post=97748"},{"taxonomy":"42wp_author","embeddable":true,"href":"https:\/\/grandepremio.com\/br\/wp-json\/wp\/v2\/42wp_author?post=97748"}],"curies":[{"name":"wp","href":"https:\/\/api.w.org\/{rel}","templated":true}]}}