{"id":97752,"date":"2023-10-21T14:15:54","date_gmt":"2023-10-21T17:15:54","guid":{"rendered":"https:\/\/grandepremio.com\/br\/noticias\/formula-1-chega-para-corrida-sprint-gp-dos-estados-unidos-com-nova-tarde-muito-calor\/"},"modified":"2023-10-21T14:22:36","modified_gmt":"2023-10-21T17:22:36","slug":"formula-1-chega-para-corrida-sprint-gp-dos-estados-unidos-com-nova-tarde-muito-calor","status":"publish","type":"post","link":"https:\/\/grandepremio.com\/br\/f1\/formula-1-chega-para-corrida-sprint-gp-dos-estados-unidos-com-nova-tarde-muito-calor\/","title":{"rendered":"F\u00f3rmula 1 chega para corrida sprint do GP dos EUA com nova tarde de muito calor"},"content":{"rendered":"\n<p class=\"wp-block-paragraph\">\u00c9 dia de <strong>corrida sprint<\/strong> da <strong>F\u00f3rmula 1<\/strong> no <strong>GP dos Estados Unidos<\/strong>. Neste s\u00e1bado (21), em Austin, estado do Texas, o Circuito das Am\u00e9ricas recebe um dia isolado, com classifica\u00e7\u00e3o sprint e a corrida correspondente. E ser\u00e1 num clima bastante parecido ao da sexta-feira de <strong><a href=\"https:\/\/www.grandepremio.com\/br\/f1\/noticias\/charles-leclerc-desfila-conquista-pole-gp-dos-eua-formula-1-ferrari-max-verstappen-6\/\" class=\"ek-link\">classifica\u00e7\u00e3o oficial<\/a><\/strong>: com sol de rachar.<\/p>\n\n\n\n<p class=\"wp-block-paragraph\">A largada da corrida sprint est\u00e1 marcada para as 17h locais (19h de Bras\u00edlia, GMT-3). A expectativa para o hor\u00e1rio na pista estadunidense \u00e9 de 35\u00b0C tanto em temperatura ambiente quanto em sensa\u00e7\u00e3o t\u00e9rmica. Chuva? A chance \u00e9 zero.<\/p>\n\n\n\n<p class=\"wp-block-paragraph\">Entretanto, o c\u00e9u ter\u00e1 mais nuvens que no dia anterior: 22% coberto. A umidade vai a 20%, ao passo que os ventos mant\u00e9m m\u00e9dia de 9 km\/h e rajadas de at\u00e9 19 km\/h.<\/p>\n\n\n\n<p class=\"wp-block-paragraph\">Antes disso, a classifica\u00e7\u00e3o sprint est\u00e1 marcada para as 12h30 locais (14h30 de Bras\u00edlia). Para a forma\u00e7\u00e3o do grid, temperatura esperada \u00e9 de 29\u00b0C, com sensa\u00e7\u00e3o t\u00e9rmica de 32\u00b0C. Ao longo da hora, os n\u00fameros sobem para 31\u00b0C e 34\u00b0C, respectivamente.<\/p>\n\n\n\n<figure class=\"wp-block-image size-large\"><img decoding=\"async\" src=\"https:\/\/www.grandepremio.com\/br\/wp-content\/uploads\/2023\/10\/GPF1-1-1024x768.jpeg\" alt=\"\" class=\"wp-image-742175\"\/><figcaption class=\"wp-element-caption\">O COTA pronto para receber F\u00f3rmula 1 2023 (Foto: Haas)<\/figcaption><\/figure>\n\n\n\n<p class=\"wp-block-paragraph\">As nuvens tamb\u00e9m ocupam pouco mais de 20% do c\u00e9u, enquanto os ventos ser\u00e3o bem fracos, com rajadas m\u00e1ximas de somente 6 km\/h. A umidade passa levemente dos 30%.<\/p>\n\n\n\n<p class=\"wp-block-paragraph\">O\u00a0<strong>GRANDE PR\u00caMIO<\/strong>\u00a0acompanha\u00a0<a href=\"https:\/\/www.grandepremio.com\/br\/ao-vivo\/f1\"><strong>AO VIVO<\/strong>\u00a0<strong>e EM\u00a0<\/strong><\/a><strong><a href=\"https:\/\/www.grandepremio.com\/br\/ao-vivo\/\" target=\"_blank\" rel=\"noreferrer noopener\">TEMPO REAL<\/a><\/strong>\u00a0todas as atividades do\u00a0<strong>GP dos Estados Unidos de\u00a0<a href=\"https:\/\/www.grandepremio.com\/formula-1\/\" target=\"_blank\" rel=\"noreferrer noopener\">F\u00f3rmula 1<\/a><\/strong>. Neste s\u00e1bado, a classifica\u00e7\u00e3o sprint acontece \u00e0s 14h30 (de Bras\u00edlia, GMT-3), com a largada da prova curta \u00e0s 19h. J\u00e1 no domingo, a corrida oficial larga \u00e0s 16h. O\u00a0<strong>GRANDE PR\u00caMIO ainda exibe classifica\u00e7\u00e3o, corrida curta e a corrida em segunda tela, em parceria com a Voz do Esporte<\/strong>,\u00a0<strong><a href=\"https:\/\/www.youtube.com\/@GrandePremio1\/videos\">atrav\u00e9s da GPTV<\/a><\/strong>\u00a0\u2014 o in\u00edcio das transmiss\u00f5es se d\u00e1 15 minutos antes das atividades.<\/p>\n\n\n\n<p class=\"wp-block-paragraph\"><strong>\u25b6\ufe0f\u00a0Inscreva-se nos dois canais do GRANDE PR\u00caMIO no YouTube:\u00a0<a href=\"https:\/\/www.youtube.com\/channel\/UC9OlHEgxoaY6QY6nWPoiqQg?sub_confirmation=1\" target=\"_blank\" rel=\"noreferrer noopener\">GP<\/a>\u00a0|\u00a0<a href=\"https:\/\/www.youtube.com\/channel\/UC9csiS6q_C3C0FYhyr1rnFA?sub_confirmation=1\" target=\"_blank\" rel=\"noreferrer noopener\">GP2<\/a><\/strong><br><strong>\u25b6\ufe0f\u00a0<a href=\"https:\/\/www.twitch.tv\/grandepremio\" target=\"_blank\" rel=\"noreferrer noopener\">Conhe\u00e7a o canal do GRANDE PR\u00caMIO na Twitch clicando aqui!<\/a><\/strong><\/p>\n\n\n\n<figure class=\"wp-block-embed is-type-video is-provider-youtube wp-block-embed-youtube wp-embed-aspect-4-3 wp-has-aspect-ratio\"><div class=\"wp-block-embed__wrapper\">\n<iframe loading=\"lazy\" title=\"F1 2023 nos Estados Unidos: acompanhe a CORRIDA SPRINT no GRANDE PR\u00caMIO\" width=\"500\" height=\"281\" src=\"https:\/\/www.youtube.com\/embed\/ERnSQ3R3VtA?feature=oembed\" frameborder=\"0\" allow=\"accelerometer; autoplay; clipboard-write; encrypted-media; gyroscope; picture-in-picture; web-share\" referrerpolicy=\"strict-origin-when-cross-origin\" allowfullscreen><\/iframe>\n<\/div><figcaption class=\"wp-element-caption\">\ud83d\udd34F1 2023 AO VIVO nos Estados Unidos: acompanhe a CORRIDA SPRINT no GRANDE PR\u00caMIO<\/figcaption><\/figure>\n","protected":false},"excerpt":{"rendered":"<p>O fim de semana do GP dos Estados Unidos de F\u00f3rmula 1 continua bastante quente no fator clim\u00e1tico. Dia ser\u00e1 de rachar<\/p>\n","protected":false},"author":0,"featured_media":1000742508,"comment_status":"closed","ping_status":"closed","sticky":false,"template":"","format":"standard","meta":{"42wp_featured_image_caption":"","42wp_featured_image_credits":"","42wp_featured_video":"","42wp_featured_image_hidden":false,"42wp_authors_list":[],"footnotes":""},"categories":[2],"tags":[6533,642,30722,5649,24977,2318,1491,26123,30103,28285],"42wp_author":[47120],"class_list":["post-97752","post","type-post","status-publish","format-standard","has-post-thumbnail","hentry","category-f1","tag-f1-2023","tag-f1-ao-vivo","tag-formula-1-2023","tag-gp-de-austin","tag-gp-dos-estados-unidos","tag-gp-dos-eua","tag-grande-premio","tag-grande-premio-ao-vivo","tag-grande-premio-f1","tag-grandepremio","42wp_author-pedro-henrique-marum"],"_links":{"self":[{"href":"https:\/\/grandepremio.com\/br\/wp-json\/wp\/v2\/posts\/97752","targetHints":{"allow":["GET"]}}],"collection":[{"href":"https:\/\/grandepremio.com\/br\/wp-json\/wp\/v2\/posts"}],"about":[{"href":"https:\/\/grandepremio.com\/br\/wp-json\/wp\/v2\/types\/post"}],"replies":[{"embeddable":true,"href":"https:\/\/grandepremio.com\/br\/wp-json\/wp\/v2\/comments?post=97752"}],"version-history":[{"count":0,"href":"https:\/\/grandepremio.com\/br\/wp-json\/wp\/v2\/posts\/97752\/revisions"}],"wp:featuredmedia":[{"embeddable":true,"href":"https:\/\/grandepremio.com\/br\/wp-json\/wp\/v2\/media\/1000742508"}],"wp:attachment":[{"href":"https:\/\/grandepremio.com\/br\/wp-json\/wp\/v2\/media?parent=97752"}],"wp:term":[{"taxonomy":"category","embeddable":true,"href":"https:\/\/grandepremio.com\/br\/wp-json\/wp\/v2\/categories?post=97752"},{"taxonomy":"post_tag","embeddable":true,"href":"https:\/\/grandepremio.com\/br\/wp-json\/wp\/v2\/tags?post=97752"},{"taxonomy":"42wp_author","embeddable":true,"href":"https:\/\/grandepremio.com\/br\/wp-json\/wp\/v2\/42wp_author?post=97752"}],"curies":[{"name":"wp","href":"https:\/\/api.w.org\/{rel}","templated":true}]}}